{"id":10270,"date":"2020-07-31T12:26:42","date_gmt":"2020-07-31T17:26:42","guid":{"rendered":"https:\/\/www.superbancos.gob.ec\/bancos\/?p=10270"},"modified":"2021-11-25T10:46:16","modified_gmt":"2021-11-25T15:46:16","slug":"superintendencia-de-bancos-y-la-universidad-espiritu-santo-presentan-libro-inclusion-financiera-y-desarrollo","status":"publish","type":"post","link":"https:\/\/www.superbancos.gob.ec\/bancos\/superintendencia-de-bancos-y-la-universidad-espiritu-santo-presentan-libro-inclusion-financiera-y-desarrollo\/","title":{"rendered":"Superintendencia de Bancos y la Universidad Esp\u00edritu Santo presentan Libro: Inclusi\u00f3n Financiera y Desarrollo"},"content":{"rendered":"<p>El viernes 31 de julio se realiz\u00f3 el lanzamiento del libro<strong><a href=\"https:\/\/www.superbancos.gob.ec\/bancos\/wp-content\/uploads\/downloads\/2020\/09\/LIBRO-INCLUSION-FINANCIERA-Y-DESARROLLO-3.pdf\" target=\"_blank\" rel=\"noopener\"> \u201cInclusi\u00f3n Financiera y Desarrollo: Situaci\u00f3n actual, retos y desaf\u00edos de la banca\u201d<\/a>,<\/strong> el cual cont\u00f3 con la presencia de Diana Mej\u00eda, Especialista S\u00e9nior en Desarrollo Productivo y Financiero del <strong><a href=\"https:\/\/www.caf.com\/\" target=\"_blank\" rel=\"noopener\">Banco de Desarrollo de Am\u00e9rica Latina<\/a><\/strong> (CAF); Carlos Ortega Maldonado, Canciller de la<strong><a href=\"https:\/\/www.uees.edu.ec\/\" target=\"_blank\" rel=\"noopener\"> UEES<\/a><\/strong>, y Francisco Swett, Decano de Emprendimiento, Negocios y Econom\u00eda de la <strong><a href=\"https:\/\/www.uees.edu.ec\/\" target=\"_blank\" rel=\"noopener\">UEES<\/a><\/strong>. El evento se realiz\u00f3 de manera virtual y fue transmitido por Facebook live de la SB. El libro se encuentra disponible en la p\u00e1gina web institucional para <strong><a href=\"https:\/\/www.superbancos.gob.ec\/bancos\/wp-content\/uploads\/downloads\/2020\/09\/LIBRO-INCLUSION-FINANCIERA-Y-DESARROLLO-3.pdf\">acceso gratuito<\/a><\/strong>.<\/p>\n<p>Francisco Swett quien escribe el pr\u00f3logo del libro indica que el acceso, uso, educaci\u00f3n financiera y protecci\u00f3n al consumidor son los mantras del libro, y, con lujo de detalle, las autoras nos educan acerca de las particularidades de cada una de estas categor\u00edas de an\u00e1lisis.<\/p>\n<p>La inclusi\u00f3n financiera es importante para el desarrollo porque posibilita a las personas que se insertan en el sistema financiero formal, invertir en salud, educaci\u00f3n, negocios familiares y otros, aunque sea en montos muy peque\u00f1os-, en aras de abandonar la pobreza. Adem\u00e1s, permite que las personas mejoren sus pr\u00e1cticas financieras y aprendan a administrar adecuadamente sus finanzas para sobrellevar situaciones dif\u00edciles como la p\u00e9rdida de cosecha, de empleo, o circunstancias imprevistas como el COVID-19.<\/p>\n<p>La obra se encuentra estructurada en siete cap\u00edtulos, comenzando con el marco te\u00f3rico de inclusi\u00f3n financiera y sus cuatro pilares; luego, un \u00edndice de pr\u00e1cticas regulatorias de la misma aplicadas a Ecuador; algunos datos sobre la situaci\u00f3n actual de la inclusi\u00f3n financiera en Latinoam\u00e9rica y Ecuador, teniendo en cuenta que la SB promueve la generaci\u00f3n de sistemas financieros inclusivos. Adem\u00e1s, profundiza en el an\u00e1lisis de los retos y desaf\u00edos del sector bancario en t\u00e9rminos de protecci\u00f3n al consumidor y de incorporaci\u00f3n de mecanismos de pagos, herramientas digitales y formaci\u00f3n financiera, en funci\u00f3n de garantizar altos est\u00e1ndares de calidad globales en el acceso a los servicios financieros.<\/p>\n<p><em><strong>Quito, 31 julio 2020<\/strong><\/em><\/p>\n","protected":false},"excerpt":{"rendered":"<p>El viernes 31 de julio se realiz\u00f3 el lanzamiento del libro \u201cInclusi\u00f3n Financiera y Desarrollo: Situaci\u00f3n actual, retos y desaf\u00edos de la banca\u201d, el cual cont\u00f3 con la presencia de Diana Mej\u00eda, Especialista S\u00e9nior en Desarrollo Productivo y Financiero del Banco de Desarrollo de Am\u00e9rica Latina (CAF); Carlos Ortega Maldonado, Canciller de la UEES, y [&hellip;]<\/p>\n","protected":false},"author":3,"featured_media":10271,"comment_status":"closed","ping_status":"open","sticky":false,"template":"","format":"standard","meta":{"footnotes":""},"categories":[114,5,6],"tags":[],"class_list":["post-10270","post","type-post","status-publish","format-standard","has-post-thumbnail","hentry","category-boletin-de-prensa","category-noticias","category-noticias-destacadas"],"yoast_head":"<!-- This site is optimized with the Yoast SEO plugin v25.4 - https:\/\/yoast.com\/wordpress\/plugins\/seo\/ -->\n<title>Superintendencia de Bancos y la Universidad Esp\u00edritu Santo presentan Libro: Inclusi\u00f3n Financiera y Desarrollo - Superintendencia de Bancos<\/title>\n<meta name=\"robots\" content=\"index, follow, max-snippet:-1, max-image-preview:large, max-video-preview:-1\" \/>\n<link rel=\"canonical\" href=\"https:\/\/www.superbancos.gob.ec\/bancos\/superintendencia-de-bancos-y-la-universidad-espiritu-santo-presentan-libro-inclusion-financiera-y-desarrollo\/\" \/>\n<meta property=\"og:locale\" content=\"es_ES\" \/>\n<meta property=\"og:type\" content=\"article\" \/>\n<meta property=\"og:title\" content=\"Superintendencia de Bancos y la Universidad Esp\u00edritu Santo presentan Libro: Inclusi\u00f3n Financiera y Desarrollo - Superintendencia de Bancos\" \/>\n<meta property=\"og:description\" content=\"El viernes 31 de julio se realiz\u00f3 el lanzamiento del libro \u201cInclusi\u00f3n Financiera y Desarrollo: Situaci\u00f3n actual, retos y desaf\u00edos de la banca\u201d, el cual cont\u00f3 con la presencia de Diana Mej\u00eda, Especialista S\u00e9nior en Desarrollo Productivo y Financiero del Banco de Desarrollo de Am\u00e9rica Latina (CAF); Carlos Ortega Maldonado, Canciller de la UEES, y [&hellip;]\" \/>\n<meta property=\"og:url\" content=\"https:\/\/www.superbancos.gob.ec\/bancos\/superintendencia-de-bancos-y-la-universidad-espiritu-santo-presentan-libro-inclusion-financiera-y-desarrollo\/\" \/>\n<meta property=\"og:site_name\" content=\"Superintendencia de Bancos\" \/>\n<meta property=\"article:published_time\" content=\"2020-07-31T17:26:42+00:00\" \/>\n<meta property=\"article:modified_time\" content=\"2021-11-25T15:46:16+00:00\" \/>\n<meta property=\"og:image\" content=\"https:\/\/www.superbancos.gob.ec\/bancos\/wp-content\/uploads\/2020\/07\/foto-boletin-lanzamiento-libro.jpeg\" \/>\n\t<meta property=\"og:image:width\" content=\"1280\" \/>\n\t<meta property=\"og:image:height\" content=\"750\" \/>\n\t<meta property=\"og:image:type\" content=\"image\/jpeg\" \/>\n<meta name=\"author\" content=\"Diego Buendia\" \/>\n<meta name=\"twitter:card\" content=\"summary_large_image\" \/>\n<script type=\"application\/ld+json\" class=\"yoast-schema-graph\">{\"@context\":\"https:\/\/schema.org\",\"@graph\":[{\"@type\":\"Article\",\"@id\":\"https:\/\/www.superbancos.gob.ec\/bancos\/superintendencia-de-bancos-y-la-universidad-espiritu-santo-presentan-libro-inclusion-financiera-y-desarrollo\/#article\",\"isPartOf\":{\"@id\":\"https:\/\/www.superbancos.gob.ec\/bancos\/superintendencia-de-bancos-y-la-universidad-espiritu-santo-presentan-libro-inclusion-financiera-y-desarrollo\/\"},\"author\":{\"name\":\"Diego Buendia\",\"@id\":\"https:\/\/www.superbancos.gob.ec\/bancos\/#\/schema\/person\/c12770f5145f3723f3aa20c0aafac282\"},\"headline\":\"Superintendencia de Bancos y la Universidad Esp\u00edritu Santo presentan Libro: Inclusi\u00f3n Financiera y Desarrollo\",\"datePublished\":\"2020-07-31T17:26:42+00:00\",\"dateModified\":\"2021-11-25T15:46:16+00:00\",\"mainEntityOfPage\":{\"@id\":\"https:\/\/www.superbancos.gob.ec\/bancos\/superintendencia-de-bancos-y-la-universidad-espiritu-santo-presentan-libro-inclusion-financiera-y-desarrollo\/\"},\"wordCount\":374,\"publisher\":{\"@id\":\"https:\/\/www.superbancos.gob.ec\/bancos\/#organization\"},\"image\":{\"@id\":\"https:\/\/www.superbancos.gob.ec\/bancos\/superintendencia-de-bancos-y-la-universidad-espiritu-santo-presentan-libro-inclusion-financiera-y-desarrollo\/#primaryimage\"},\"thumbnailUrl\":\"https:\/\/www.superbancos.gob.ec\/bancos\/wp-content\/uploads\/2020\/07\/foto-boletin-lanzamiento-libro.jpeg\",\"articleSection\":[\"Bolet\u00edn de prensa\",\"Noticias\",\"Noticias Destacadas\"],\"inLanguage\":\"es\"},{\"@type\":\"WebPage\",\"@id\":\"https:\/\/www.superbancos.gob.ec\/bancos\/superintendencia-de-bancos-y-la-universidad-espiritu-santo-presentan-libro-inclusion-financiera-y-desarrollo\/\",\"url\":\"https:\/\/www.superbancos.gob.ec\/bancos\/superintendencia-de-bancos-y-la-universidad-espiritu-santo-presentan-libro-inclusion-financiera-y-desarrollo\/\",\"name\":\"Superintendencia de Bancos y la Universidad Esp\u00edritu Santo presentan Libro: Inclusi\u00f3n Financiera y Desarrollo - Superintendencia de Bancos\",\"isPartOf\":{\"@id\":\"https:\/\/www.superbancos.gob.ec\/bancos\/#website\"},\"primaryImageOfPage\":{\"@id\":\"https:\/\/www.superbancos.gob.ec\/bancos\/superintendencia-de-bancos-y-la-universidad-espiritu-santo-presentan-libro-inclusion-financiera-y-desarrollo\/#primaryimage\"},\"image\":{\"@id\":\"https:\/\/www.superbancos.gob.ec\/bancos\/superintendencia-de-bancos-y-la-universidad-espiritu-santo-presentan-libro-inclusion-financiera-y-desarrollo\/#primaryimage\"},\"thumbnailUrl\":\"https:\/\/www.superbancos.gob.ec\/bancos\/wp-content\/uploads\/2020\/07\/foto-boletin-lanzamiento-libro.jpeg\",\"datePublished\":\"2020-07-31T17:26:42+00:00\",\"dateModified\":\"2021-11-25T15:46:16+00:00\",\"breadcrumb\":{\"@id\":\"https:\/\/www.superbancos.gob.ec\/bancos\/superintendencia-de-bancos-y-la-universidad-espiritu-santo-presentan-libro-inclusion-financiera-y-desarrollo\/#breadcrumb\"},\"inLanguage\":\"es\",\"potentialAction\":[{\"@type\":\"ReadAction\",\"target\":[\"https:\/\/www.superbancos.gob.ec\/bancos\/superintendencia-de-bancos-y-la-universidad-espiritu-santo-presentan-libro-inclusion-financiera-y-desarrollo\/\"]}]},{\"@type\":\"ImageObject\",\"inLanguage\":\"es\",\"@id\":\"https:\/\/www.superbancos.gob.ec\/bancos\/superintendencia-de-bancos-y-la-universidad-espiritu-santo-presentan-libro-inclusion-financiera-y-desarrollo\/#primaryimage\",\"url\":\"https:\/\/www.superbancos.gob.ec\/bancos\/wp-content\/uploads\/2020\/07\/foto-boletin-lanzamiento-libro.jpeg\",\"contentUrl\":\"https:\/\/www.superbancos.gob.ec\/bancos\/wp-content\/uploads\/2020\/07\/foto-boletin-lanzamiento-libro.jpeg\",\"width\":1280,\"height\":750},{\"@type\":\"BreadcrumbList\",\"@id\":\"https:\/\/www.superbancos.gob.ec\/bancos\/superintendencia-de-bancos-y-la-universidad-espiritu-santo-presentan-libro-inclusion-financiera-y-desarrollo\/#breadcrumb\",\"itemListElement\":[{\"@type\":\"ListItem\",\"position\":1,\"name\":\"Portada\",\"item\":\"https:\/\/www.superbancos.gob.ec\/bancos\/\"},{\"@type\":\"ListItem\",\"position\":2,\"name\":\"Superintendencia de Bancos y la Universidad Esp\u00edritu Santo presentan Libro: Inclusi\u00f3n Financiera y Desarrollo\"}]},{\"@type\":\"WebSite\",\"@id\":\"https:\/\/www.superbancos.gob.ec\/bancos\/#website\",\"url\":\"https:\/\/www.superbancos.gob.ec\/bancos\/\",\"name\":\"Superintendencia de Bancos\",\"description\":\"Organo de Control del Sistema Financiero Ecuatoriano.\",\"publisher\":{\"@id\":\"https:\/\/www.superbancos.gob.ec\/bancos\/#organization\"},\"alternateName\":\"Super de Bancos\",\"potentialAction\":[{\"@type\":\"SearchAction\",\"target\":{\"@type\":\"EntryPoint\",\"urlTemplate\":\"https:\/\/www.superbancos.gob.ec\/bancos\/?s={search_term_string}\"},\"query-input\":{\"@type\":\"PropertyValueSpecification\",\"valueRequired\":true,\"valueName\":\"search_term_string\"}}],\"inLanguage\":\"es\"},{\"@type\":\"Organization\",\"@id\":\"https:\/\/www.superbancos.gob.ec\/bancos\/#organization\",\"name\":\"Superintendencia de Bancos\",\"url\":\"https:\/\/www.superbancos.gob.ec\/bancos\/\",\"logo\":{\"@type\":\"ImageObject\",\"inLanguage\":\"es\",\"@id\":\"https:\/\/www.superbancos.gob.ec\/bancos\/#\/schema\/logo\/image\/\",\"url\":\"https:\/\/www.superbancos.gob.ec\/bancos\/wp-content\/uploads\/2022\/09\/Logo_Super.png\",\"contentUrl\":\"https:\/\/www.superbancos.gob.ec\/bancos\/wp-content\/uploads\/2022\/09\/Logo_Super.png\",\"width\":340,\"height\":92,\"caption\":\"Superintendencia de Bancos\"},\"image\":{\"@id\":\"https:\/\/www.superbancos.gob.ec\/bancos\/#\/schema\/logo\/image\/\"}},{\"@type\":\"Person\",\"@id\":\"https:\/\/www.superbancos.gob.ec\/bancos\/#\/schema\/person\/c12770f5145f3723f3aa20c0aafac282\",\"name\":\"Diego Buendia\",\"image\":{\"@type\":\"ImageObject\",\"inLanguage\":\"es\",\"@id\":\"https:\/\/www.superbancos.gob.ec\/bancos\/#\/schema\/person\/image\/\",\"url\":\"https:\/\/secure.gravatar.com\/avatar\/f2dcb31e604664a7d81f71d8260b45eb?s=96&d=mm&r=g\",\"contentUrl\":\"https:\/\/secure.gravatar.com\/avatar\/f2dcb31e604664a7d81f71d8260b45eb?s=96&d=mm&r=g\",\"caption\":\"Diego Buendia\"},\"url\":\"https:\/\/www.superbancos.gob.ec\/bancos\/author\/dbuendia\/\"}]}<\/script>\n<!-- \/ Yoast SEO plugin. -->","yoast_head_json":{"title":"Superintendencia de Bancos y la Universidad Esp\u00edritu Santo presentan Libro: Inclusi\u00f3n Financiera y Desarrollo - Superintendencia de Bancos","robots":{"index":"index","follow":"follow","max-snippet":"max-snippet:-1","max-image-preview":"max-image-preview:large","max-video-preview":"max-video-preview:-1"},"canonical":"https:\/\/www.superbancos.gob.ec\/bancos\/superintendencia-de-bancos-y-la-universidad-espiritu-santo-presentan-libro-inclusion-financiera-y-desarrollo\/","og_locale":"es_ES","og_type":"article","og_title":"Superintendencia de Bancos y la Universidad Esp\u00edritu Santo presentan Libro: Inclusi\u00f3n Financiera y Desarrollo - Superintendencia de Bancos","og_description":"El viernes 31 de julio se realiz\u00f3 el lanzamiento del libro \u201cInclusi\u00f3n Financiera y Desarrollo: Situaci\u00f3n actual, retos y desaf\u00edos de la banca\u201d, el cual cont\u00f3 con la presencia de Diana Mej\u00eda, Especialista S\u00e9nior en Desarrollo Productivo y Financiero del Banco de Desarrollo de Am\u00e9rica Latina (CAF); Carlos Ortega Maldonado, Canciller de la UEES, y [&hellip;]","og_url":"https:\/\/www.superbancos.gob.ec\/bancos\/superintendencia-de-bancos-y-la-universidad-espiritu-santo-presentan-libro-inclusion-financiera-y-desarrollo\/","og_site_name":"Superintendencia de Bancos","article_published_time":"2020-07-31T17:26:42+00:00","article_modified_time":"2021-11-25T15:46:16+00:00","og_image":[{"width":1280,"height":750,"url":"https:\/\/www.superbancos.gob.ec\/bancos\/wp-content\/uploads\/2020\/07\/foto-boletin-lanzamiento-libro.jpeg","type":"image\/jpeg"}],"author":"Diego Buendia","twitter_card":"summary_large_image","schema":{"@context":"https:\/\/schema.org","@graph":[{"@type":"Article","@id":"https:\/\/www.superbancos.gob.ec\/bancos\/superintendencia-de-bancos-y-la-universidad-espiritu-santo-presentan-libro-inclusion-financiera-y-desarrollo\/#article","isPartOf":{"@id":"https:\/\/www.superbancos.gob.ec\/bancos\/superintendencia-de-bancos-y-la-universidad-espiritu-santo-presentan-libro-inclusion-financiera-y-desarrollo\/"},"author":{"name":"Diego Buendia","@id":"https:\/\/www.superbancos.gob.ec\/bancos\/#\/schema\/person\/c12770f5145f3723f3aa20c0aafac282"},"headline":"Superintendencia de Bancos y la Universidad Esp\u00edritu Santo presentan Libro: Inclusi\u00f3n Financiera y Desarrollo","datePublished":"2020-07-31T17:26:42+00:00","dateModified":"2021-11-25T15:46:16+00:00","mainEntityOfPage":{"@id":"https:\/\/www.superbancos.gob.ec\/bancos\/superintendencia-de-bancos-y-la-universidad-espiritu-santo-presentan-libro-inclusion-financiera-y-desarrollo\/"},"wordCount":374,"publisher":{"@id":"https:\/\/www.superbancos.gob.ec\/bancos\/#organization"},"image":{"@id":"https:\/\/www.superbancos.gob.ec\/bancos\/superintendencia-de-bancos-y-la-universidad-espiritu-santo-presentan-libro-inclusion-financiera-y-desarrollo\/#primaryimage"},"thumbnailUrl":"https:\/\/www.superbancos.gob.ec\/bancos\/wp-content\/uploads\/2020\/07\/foto-boletin-lanzamiento-libro.jpeg","articleSection":["Bolet\u00edn de prensa","Noticias","Noticias Destacadas"],"inLanguage":"es"},{"@type":"WebPage","@id":"https:\/\/www.superbancos.gob.ec\/bancos\/superintendencia-de-bancos-y-la-universidad-espiritu-santo-presentan-libro-inclusion-financiera-y-desarrollo\/","url":"https:\/\/www.superbancos.gob.ec\/bancos\/superintendencia-de-bancos-y-la-universidad-espiritu-santo-presentan-libro-inclusion-financiera-y-desarrollo\/","name":"Superintendencia de Bancos y la Universidad Esp\u00edritu Santo presentan Libro: Inclusi\u00f3n Financiera y Desarrollo - Superintendencia de Bancos","isPartOf":{"@id":"https:\/\/www.superbancos.gob.ec\/bancos\/#website"},"primaryImageOfPage":{"@id":"https:\/\/www.superbancos.gob.ec\/bancos\/superintendencia-de-bancos-y-la-universidad-espiritu-santo-presentan-libro-inclusion-financiera-y-desarrollo\/#primaryimage"},"image":{"@id":"https:\/\/www.superbancos.gob.ec\/bancos\/superintendencia-de-bancos-y-la-universidad-espiritu-santo-presentan-libro-inclusion-financiera-y-desarrollo\/#primaryimage"},"thumbnailUrl":"https:\/\/www.superbancos.gob.ec\/bancos\/wp-content\/uploads\/2020\/07\/foto-boletin-lanzamiento-libro.jpeg","datePublished":"2020-07-31T17:26:42+00:00","dateModified":"2021-11-25T15:46:16+00:00","breadcrumb":{"@id":"https:\/\/www.superbancos.gob.ec\/bancos\/superintendencia-de-bancos-y-la-universidad-espiritu-santo-presentan-libro-inclusion-financiera-y-desarrollo\/#breadcrumb"},"inLanguage":"es","potentialAction":[{"@type":"ReadAction","target":["https:\/\/www.superbancos.gob.ec\/bancos\/superintendencia-de-bancos-y-la-universidad-espiritu-santo-presentan-libro-inclusion-financiera-y-desarrollo\/"]}]},{"@type":"ImageObject","inLanguage":"es","@id":"https:\/\/www.superbancos.gob.ec\/bancos\/superintendencia-de-bancos-y-la-universidad-espiritu-santo-presentan-libro-inclusion-financiera-y-desarrollo\/#primaryimage","url":"https:\/\/www.superbancos.gob.ec\/bancos\/wp-content\/uploads\/2020\/07\/foto-boletin-lanzamiento-libro.jpeg","contentUrl":"https:\/\/www.superbancos.gob.ec\/bancos\/wp-content\/uploads\/2020\/07\/foto-boletin-lanzamiento-libro.jpeg","width":1280,"height":750},{"@type":"BreadcrumbList","@id":"https:\/\/www.superbancos.gob.ec\/bancos\/superintendencia-de-bancos-y-la-universidad-espiritu-santo-presentan-libro-inclusion-financiera-y-desarrollo\/#breadcrumb","itemListElement":[{"@type":"ListItem","position":1,"name":"Portada","item":"https:\/\/www.superbancos.gob.ec\/bancos\/"},{"@type":"ListItem","position":2,"name":"Superintendencia de Bancos y la Universidad Esp\u00edritu Santo presentan Libro: Inclusi\u00f3n Financiera y Desarrollo"}]},{"@type":"WebSite","@id":"https:\/\/www.superbancos.gob.ec\/bancos\/#website","url":"https:\/\/www.superbancos.gob.ec\/bancos\/","name":"Superintendencia de Bancos","description":"Organo de Control del Sistema Financiero Ecuatoriano.","publisher":{"@id":"https:\/\/www.superbancos.gob.ec\/bancos\/#organization"},"alternateName":"Super de Bancos","potentialAction":[{"@type":"SearchAction","target":{"@type":"EntryPoint","urlTemplate":"https:\/\/www.superbancos.gob.ec\/bancos\/?s={search_term_string}"},"query-input":{"@type":"PropertyValueSpecification","valueRequired":true,"valueName":"search_term_string"}}],"inLanguage":"es"},{"@type":"Organization","@id":"https:\/\/www.superbancos.gob.ec\/bancos\/#organization","name":"Superintendencia de Bancos","url":"https:\/\/www.superbancos.gob.ec\/bancos\/","logo":{"@type":"ImageObject","inLanguage":"es","@id":"https:\/\/www.superbancos.gob.ec\/bancos\/#\/schema\/logo\/image\/","url":"https:\/\/www.superbancos.gob.ec\/bancos\/wp-content\/uploads\/2022\/09\/Logo_Super.png","contentUrl":"https:\/\/www.superbancos.gob.ec\/bancos\/wp-content\/uploads\/2022\/09\/Logo_Super.png","width":340,"height":92,"caption":"Superintendencia de Bancos"},"image":{"@id":"https:\/\/www.superbancos.gob.ec\/bancos\/#\/schema\/logo\/image\/"}},{"@type":"Person","@id":"https:\/\/www.superbancos.gob.ec\/bancos\/#\/schema\/person\/c12770f5145f3723f3aa20c0aafac282","name":"Diego Buendia","image":{"@type":"ImageObject","inLanguage":"es","@id":"https:\/\/www.superbancos.gob.ec\/bancos\/#\/schema\/person\/image\/","url":"https:\/\/secure.gravatar.com\/avatar\/f2dcb31e604664a7d81f71d8260b45eb?s=96&d=mm&r=g","contentUrl":"https:\/\/secure.gravatar.com\/avatar\/f2dcb31e604664a7d81f71d8260b45eb?s=96&d=mm&r=g","caption":"Diego Buendia"},"url":"https:\/\/www.superbancos.gob.ec\/bancos\/author\/dbuendia\/"}]}},"_links":{"self":[{"href":"https:\/\/www.superbancos.gob.ec\/bancos\/wp-json\/wp\/v2\/posts\/10270"}],"collection":[{"href":"https:\/\/www.superbancos.gob.ec\/bancos\/wp-json\/wp\/v2\/posts"}],"about":[{"href":"https:\/\/www.superbancos.gob.ec\/bancos\/wp-json\/wp\/v2\/types\/post"}],"author":[{"embeddable":true,"href":"https:\/\/www.superbancos.gob.ec\/bancos\/wp-json\/wp\/v2\/users\/3"}],"replies":[{"embeddable":true,"href":"https:\/\/www.superbancos.gob.ec\/bancos\/wp-json\/wp\/v2\/comments?post=10270"}],"version-history":[{"count":5,"href":"https:\/\/www.superbancos.gob.ec\/bancos\/wp-json\/wp\/v2\/posts\/10270\/revisions"}],"predecessor-version":[{"id":13754,"href":"https:\/\/www.superbancos.gob.ec\/bancos\/wp-json\/wp\/v2\/posts\/10270\/revisions\/13754"}],"wp:featuredmedia":[{"embeddable":true,"href":"https:\/\/www.superbancos.gob.ec\/bancos\/wp-json\/wp\/v2\/media\/10271"}],"wp:attachment":[{"href":"https:\/\/www.superbancos.gob.ec\/bancos\/wp-json\/wp\/v2\/media?parent=10270"}],"wp:term":[{"taxonomy":"category","embeddable":true,"href":"https:\/\/www.superbancos.gob.ec\/bancos\/wp-json\/wp\/v2\/categories?post=10270"},{"taxonomy":"post_tag","embeddable":true,"href":"https:\/\/www.superbancos.gob.ec\/bancos\/wp-json\/wp\/v2\/tags?post=10270"}],"curies":[{"name":"wp","href":"https:\/\/api.w.org\/{rel}","templated":true}]}}