{"id":10672,"date":"2020-09-17T12:48:22","date_gmt":"2020-09-17T17:48:22","guid":{"rendered":"https:\/\/www.superbancos.gob.ec\/bancos\/?p=10672"},"modified":"2021-11-25T10:45:16","modified_gmt":"2021-11-25T15:45:16","slug":"seminario-internacional-sobre-seguridad-social","status":"publish","type":"post","link":"https:\/\/www.superbancos.gob.ec\/bancos\/seminario-internacional-sobre-seguridad-social\/","title":{"rendered":"Seminario Internacional sobre Seguridad Social"},"content":{"rendered":"<p>El pasado 11 de septiembre, la Superintendencia de Bancos del Ecuador, organiz\u00f3 el <strong>PRIMER SEMINARIO INTERNACIONAL EN<\/strong>: <strong>\u201cPR\u00c1CTICA ACTUARIAL Y SUPERVISI\u00d3N INTEGRAL BASADA EN RIESGOS DEL SISTEMA DE SEGURIDAD SOCIAL\u201d<\/strong>, con el apoyo de la Asociaci\u00f3n Ecuatoriana de Actuarios y el Departamento del Tesoro de Estados Unidos de Norte Am\u00e9rica.<\/p>\n<p>Este evento cont\u00f3 con 14 panelistas entre los cuales est\u00e1n: <a href=\"https:\/\/www.superbancos.gob.ec\/bancos\/superintendente-de-bancos\/\">Ruth Arregui<\/a>, superintendente de Bancos, Rosa Matilde Guerrero, asesora General de la SB , Sheila Beckett, asistente Senior de la <a href=\"https:\/\/www.superbancos.gob.ec\/bancos\/departamento-del-tesoro-estados-unidos-asistencia-tecnica-superintendencia-de-bancos-ecuador\/\">Oficina T\u00e9cnica del Tesoro<\/a>, Oswaldo Mac\u00edas, <a href=\"https:\/\/www.spensiones.cl\/portal\/institucional\/594\/w3-channel.html\" target=\"_blank\" rel=\"noopener\">superintendente de Pensiones de Chile<\/a>, entre otros.<\/p>\n<p>David Pal\u00e1n, director de Control del Seguro General Obligatorio IESS- SB destac\u00f3 que en el marco de la asistencia t\u00e9cnica entre la Oficina del Tesoro de Estados Unidos y la SB se trabaja en el fortalecimiento de la supervisi\u00f3n basada en riesgos al holding IESS-BIESS. Este trabajo se enmarca en el desarrollo de un proyecto para mejorar el r\u00e9gimen de inspecci\u00f3n y gobernanza en los <a href=\"https:\/\/estadisticas.superbancos.gob.ec\/portalestadistico\/portalestudios\/?page_id=24\" target=\"_blank\" rel=\"noopener\">sistemas de seguridad social<\/a> del Ecuador.<\/p>\n<p><em><strong>Quito, 17 septiembre 2020<\/strong><\/em><\/p>\n","protected":false},"excerpt":{"rendered":"<p>El pasado 11 de septiembre, la Superintendencia de Bancos del Ecuador, organiz\u00f3 el PRIMER SEMINARIO INTERNACIONAL EN: \u201cPR\u00c1CTICA ACTUARIAL Y SUPERVISI\u00d3N INTEGRAL BASADA EN RIESGOS DEL SISTEMA DE SEGURIDAD SOCIAL\u201d, con el apoyo de la Asociaci\u00f3n Ecuatoriana de Actuarios y el Departamento del Tesoro de Estados Unidos de Norte Am\u00e9rica. Este evento cont\u00f3 con 14 [&hellip;]<\/p>\n","protected":false},"author":3,"featured_media":10673,"comment_status":"closed","ping_status":"open","sticky":false,"template":"","format":"standard","meta":{"footnotes":""},"categories":[114,5,6],"tags":[],"class_list":["post-10672","post","type-post","status-publish","format-standard","has-post-thumbnail","hentry","category-boletin-de-prensa","category-noticias","category-noticias-destacadas"],"yoast_head":"<!-- This site is optimized with the Yoast SEO plugin v25.4 - https:\/\/yoast.com\/wordpress\/plugins\/seo\/ -->\n<title>Seminario Internacional sobre Seguridad Social - Superintendencia de Bancos<\/title>\n<meta name=\"robots\" content=\"index, follow, max-snippet:-1, max-image-preview:large, max-video-preview:-1\" \/>\n<link rel=\"canonical\" href=\"https:\/\/www.superbancos.gob.ec\/bancos\/seminario-internacional-sobre-seguridad-social\/\" \/>\n<meta property=\"og:locale\" content=\"es_ES\" \/>\n<meta property=\"og:type\" content=\"article\" \/>\n<meta property=\"og:title\" content=\"Seminario Internacional sobre Seguridad Social - Superintendencia de Bancos\" \/>\n<meta property=\"og:description\" content=\"El pasado 11 de septiembre, la Superintendencia de Bancos del Ecuador, organiz\u00f3 el PRIMER SEMINARIO INTERNACIONAL EN: \u201cPR\u00c1CTICA ACTUARIAL Y SUPERVISI\u00d3N INTEGRAL BASADA EN RIESGOS DEL SISTEMA DE SEGURIDAD SOCIAL\u201d, con el apoyo de la Asociaci\u00f3n Ecuatoriana de Actuarios y el Departamento del Tesoro de Estados Unidos de Norte Am\u00e9rica. Este evento cont\u00f3 con 14 [&hellip;]\" \/>\n<meta property=\"og:url\" content=\"https:\/\/www.superbancos.gob.ec\/bancos\/seminario-internacional-sobre-seguridad-social\/\" \/>\n<meta property=\"og:site_name\" content=\"Superintendencia de Bancos\" \/>\n<meta property=\"article:published_time\" content=\"2020-09-17T17:48:22+00:00\" \/>\n<meta property=\"article:modified_time\" content=\"2021-11-25T15:45:16+00:00\" \/>\n<meta property=\"og:image\" content=\"https:\/\/www.superbancos.gob.ec\/bancos\/wp-content\/uploads\/2020\/09\/Imagen-nota-Seguridad-Social.jpeg\" \/>\n\t<meta property=\"og:image:width\" content=\"1280\" \/>\n\t<meta property=\"og:image:height\" content=\"672\" \/>\n\t<meta property=\"og:image:type\" content=\"image\/jpeg\" \/>\n<meta name=\"author\" content=\"Diego Buendia\" \/>\n<meta name=\"twitter:card\" content=\"summary_large_image\" \/>\n<script type=\"application\/ld+json\" class=\"yoast-schema-graph\">{\"@context\":\"https:\/\/schema.org\",\"@graph\":[{\"@type\":\"Article\",\"@id\":\"https:\/\/www.superbancos.gob.ec\/bancos\/seminario-internacional-sobre-seguridad-social\/#article\",\"isPartOf\":{\"@id\":\"https:\/\/www.superbancos.gob.ec\/bancos\/seminario-internacional-sobre-seguridad-social\/\"},\"author\":{\"name\":\"Diego Buendia\",\"@id\":\"https:\/\/www.superbancos.gob.ec\/bancos\/#\/schema\/person\/c12770f5145f3723f3aa20c0aafac282\"},\"headline\":\"Seminario Internacional sobre Seguridad Social\",\"datePublished\":\"2020-09-17T17:48:22+00:00\",\"dateModified\":\"2021-11-25T15:45:16+00:00\",\"mainEntityOfPage\":{\"@id\":\"https:\/\/www.superbancos.gob.ec\/bancos\/seminario-internacional-sobre-seguridad-social\/\"},\"wordCount\":180,\"publisher\":{\"@id\":\"https:\/\/www.superbancos.gob.ec\/bancos\/#organization\"},\"image\":{\"@id\":\"https:\/\/www.superbancos.gob.ec\/bancos\/seminario-internacional-sobre-seguridad-social\/#primaryimage\"},\"thumbnailUrl\":\"https:\/\/www.superbancos.gob.ec\/bancos\/wp-content\/uploads\/2020\/09\/Imagen-nota-Seguridad-Social.jpeg\",\"articleSection\":[\"Bolet\u00edn de prensa\",\"Noticias\",\"Noticias Destacadas\"],\"inLanguage\":\"es\"},{\"@type\":\"WebPage\",\"@id\":\"https:\/\/www.superbancos.gob.ec\/bancos\/seminario-internacional-sobre-seguridad-social\/\",\"url\":\"https:\/\/www.superbancos.gob.ec\/bancos\/seminario-internacional-sobre-seguridad-social\/\",\"name\":\"Seminario Internacional sobre Seguridad Social - Superintendencia de Bancos\",\"isPartOf\":{\"@id\":\"https:\/\/www.superbancos.gob.ec\/bancos\/#website\"},\"primaryImageOfPage\":{\"@id\":\"https:\/\/www.superbancos.gob.ec\/bancos\/seminario-internacional-sobre-seguridad-social\/#primaryimage\"},\"image\":{\"@id\":\"https:\/\/www.superbancos.gob.ec\/bancos\/seminario-internacional-sobre-seguridad-social\/#primaryimage\"},\"thumbnailUrl\":\"https:\/\/www.superbancos.gob.ec\/bancos\/wp-content\/uploads\/2020\/09\/Imagen-nota-Seguridad-Social.jpeg\",\"datePublished\":\"2020-09-17T17:48:22+00:00\",\"dateModified\":\"2021-11-25T15:45:16+00:00\",\"breadcrumb\":{\"@id\":\"https:\/\/www.superbancos.gob.ec\/bancos\/seminario-internacional-sobre-seguridad-social\/#breadcrumb\"},\"inLanguage\":\"es\",\"potentialAction\":[{\"@type\":\"ReadAction\",\"target\":[\"https:\/\/www.superbancos.gob.ec\/bancos\/seminario-internacional-sobre-seguridad-social\/\"]}]},{\"@type\":\"ImageObject\",\"inLanguage\":\"es\",\"@id\":\"https:\/\/www.superbancos.gob.ec\/bancos\/seminario-internacional-sobre-seguridad-social\/#primaryimage\",\"url\":\"https:\/\/www.superbancos.gob.ec\/bancos\/wp-content\/uploads\/2020\/09\/Imagen-nota-Seguridad-Social.jpeg\",\"contentUrl\":\"https:\/\/www.superbancos.gob.ec\/bancos\/wp-content\/uploads\/2020\/09\/Imagen-nota-Seguridad-Social.jpeg\",\"width\":1280,\"height\":672},{\"@type\":\"BreadcrumbList\",\"@id\":\"https:\/\/www.superbancos.gob.ec\/bancos\/seminario-internacional-sobre-seguridad-social\/#breadcrumb\",\"itemListElement\":[{\"@type\":\"ListItem\",\"position\":1,\"name\":\"Portada\",\"item\":\"https:\/\/www.superbancos.gob.ec\/bancos\/\"},{\"@type\":\"ListItem\",\"position\":2,\"name\":\"Seminario Internacional sobre Seguridad Social\"}]},{\"@type\":\"WebSite\",\"@id\":\"https:\/\/www.superbancos.gob.ec\/bancos\/#website\",\"url\":\"https:\/\/www.superbancos.gob.ec\/bancos\/\",\"name\":\"Superintendencia de Bancos\",\"description\":\"Organo de Control del Sistema Financiero Ecuatoriano.\",\"publisher\":{\"@id\":\"https:\/\/www.superbancos.gob.ec\/bancos\/#organization\"},\"alternateName\":\"Super de Bancos\",\"potentialAction\":[{\"@type\":\"SearchAction\",\"target\":{\"@type\":\"EntryPoint\",\"urlTemplate\":\"https:\/\/www.superbancos.gob.ec\/bancos\/?s={search_term_string}\"},\"query-input\":{\"@type\":\"PropertyValueSpecification\",\"valueRequired\":true,\"valueName\":\"search_term_string\"}}],\"inLanguage\":\"es\"},{\"@type\":\"Organization\",\"@id\":\"https:\/\/www.superbancos.gob.ec\/bancos\/#organization\",\"name\":\"Superintendencia de Bancos\",\"url\":\"https:\/\/www.superbancos.gob.ec\/bancos\/\",\"logo\":{\"@type\":\"ImageObject\",\"inLanguage\":\"es\",\"@id\":\"https:\/\/www.superbancos.gob.ec\/bancos\/#\/schema\/logo\/image\/\",\"url\":\"https:\/\/www.superbancos.gob.ec\/bancos\/wp-content\/uploads\/2022\/09\/Logo_Super.png\",\"contentUrl\":\"https:\/\/www.superbancos.gob.ec\/bancos\/wp-content\/uploads\/2022\/09\/Logo_Super.png\",\"width\":340,\"height\":92,\"caption\":\"Superintendencia de Bancos\"},\"image\":{\"@id\":\"https:\/\/www.superbancos.gob.ec\/bancos\/#\/schema\/logo\/image\/\"}},{\"@type\":\"Person\",\"@id\":\"https:\/\/www.superbancos.gob.ec\/bancos\/#\/schema\/person\/c12770f5145f3723f3aa20c0aafac282\",\"name\":\"Diego Buendia\",\"image\":{\"@type\":\"ImageObject\",\"inLanguage\":\"es\",\"@id\":\"https:\/\/www.superbancos.gob.ec\/bancos\/#\/schema\/person\/image\/\",\"url\":\"https:\/\/secure.gravatar.com\/avatar\/f2dcb31e604664a7d81f71d8260b45eb?s=96&d=mm&r=g\",\"contentUrl\":\"https:\/\/secure.gravatar.com\/avatar\/f2dcb31e604664a7d81f71d8260b45eb?s=96&d=mm&r=g\",\"caption\":\"Diego Buendia\"},\"url\":\"https:\/\/www.superbancos.gob.ec\/bancos\/author\/dbuendia\/\"}]}<\/script>\n<!-- \/ Yoast SEO plugin. -->","yoast_head_json":{"title":"Seminario Internacional sobre Seguridad Social - Superintendencia de Bancos","robots":{"index":"index","follow":"follow","max-snippet":"max-snippet:-1","max-image-preview":"max-image-preview:large","max-video-preview":"max-video-preview:-1"},"canonical":"https:\/\/www.superbancos.gob.ec\/bancos\/seminario-internacional-sobre-seguridad-social\/","og_locale":"es_ES","og_type":"article","og_title":"Seminario Internacional sobre Seguridad Social - Superintendencia de Bancos","og_description":"El pasado 11 de septiembre, la Superintendencia de Bancos del Ecuador, organiz\u00f3 el PRIMER SEMINARIO INTERNACIONAL EN: \u201cPR\u00c1CTICA ACTUARIAL Y SUPERVISI\u00d3N INTEGRAL BASADA EN RIESGOS DEL SISTEMA DE SEGURIDAD SOCIAL\u201d, con el apoyo de la Asociaci\u00f3n Ecuatoriana de Actuarios y el Departamento del Tesoro de Estados Unidos de Norte Am\u00e9rica. Este evento cont\u00f3 con 14 [&hellip;]","og_url":"https:\/\/www.superbancos.gob.ec\/bancos\/seminario-internacional-sobre-seguridad-social\/","og_site_name":"Superintendencia de Bancos","article_published_time":"2020-09-17T17:48:22+00:00","article_modified_time":"2021-11-25T15:45:16+00:00","og_image":[{"width":1280,"height":672,"url":"https:\/\/www.superbancos.gob.ec\/bancos\/wp-content\/uploads\/2020\/09\/Imagen-nota-Seguridad-Social.jpeg","type":"image\/jpeg"}],"author":"Diego Buendia","twitter_card":"summary_large_image","schema":{"@context":"https:\/\/schema.org","@graph":[{"@type":"Article","@id":"https:\/\/www.superbancos.gob.ec\/bancos\/seminario-internacional-sobre-seguridad-social\/#article","isPartOf":{"@id":"https:\/\/www.superbancos.gob.ec\/bancos\/seminario-internacional-sobre-seguridad-social\/"},"author":{"name":"Diego Buendia","@id":"https:\/\/www.superbancos.gob.ec\/bancos\/#\/schema\/person\/c12770f5145f3723f3aa20c0aafac282"},"headline":"Seminario Internacional sobre Seguridad Social","datePublished":"2020-09-17T17:48:22+00:00","dateModified":"2021-11-25T15:45:16+00:00","mainEntityOfPage":{"@id":"https:\/\/www.superbancos.gob.ec\/bancos\/seminario-internacional-sobre-seguridad-social\/"},"wordCount":180,"publisher":{"@id":"https:\/\/www.superbancos.gob.ec\/bancos\/#organization"},"image":{"@id":"https:\/\/www.superbancos.gob.ec\/bancos\/seminario-internacional-sobre-seguridad-social\/#primaryimage"},"thumbnailUrl":"https:\/\/www.superbancos.gob.ec\/bancos\/wp-content\/uploads\/2020\/09\/Imagen-nota-Seguridad-Social.jpeg","articleSection":["Bolet\u00edn de prensa","Noticias","Noticias Destacadas"],"inLanguage":"es"},{"@type":"WebPage","@id":"https:\/\/www.superbancos.gob.ec\/bancos\/seminario-internacional-sobre-seguridad-social\/","url":"https:\/\/www.superbancos.gob.ec\/bancos\/seminario-internacional-sobre-seguridad-social\/","name":"Seminario Internacional sobre Seguridad Social - Superintendencia de Bancos","isPartOf":{"@id":"https:\/\/www.superbancos.gob.ec\/bancos\/#website"},"primaryImageOfPage":{"@id":"https:\/\/www.superbancos.gob.ec\/bancos\/seminario-internacional-sobre-seguridad-social\/#primaryimage"},"image":{"@id":"https:\/\/www.superbancos.gob.ec\/bancos\/seminario-internacional-sobre-seguridad-social\/#primaryimage"},"thumbnailUrl":"https:\/\/www.superbancos.gob.ec\/bancos\/wp-content\/uploads\/2020\/09\/Imagen-nota-Seguridad-Social.jpeg","datePublished":"2020-09-17T17:48:22+00:00","dateModified":"2021-11-25T15:45:16+00:00","breadcrumb":{"@id":"https:\/\/www.superbancos.gob.ec\/bancos\/seminario-internacional-sobre-seguridad-social\/#breadcrumb"},"inLanguage":"es","potentialAction":[{"@type":"ReadAction","target":["https:\/\/www.superbancos.gob.ec\/bancos\/seminario-internacional-sobre-seguridad-social\/"]}]},{"@type":"ImageObject","inLanguage":"es","@id":"https:\/\/www.superbancos.gob.ec\/bancos\/seminario-internacional-sobre-seguridad-social\/#primaryimage","url":"https:\/\/www.superbancos.gob.ec\/bancos\/wp-content\/uploads\/2020\/09\/Imagen-nota-Seguridad-Social.jpeg","contentUrl":"https:\/\/www.superbancos.gob.ec\/bancos\/wp-content\/uploads\/2020\/09\/Imagen-nota-Seguridad-Social.jpeg","width":1280,"height":672},{"@type":"BreadcrumbList","@id":"https:\/\/www.superbancos.gob.ec\/bancos\/seminario-internacional-sobre-seguridad-social\/#breadcrumb","itemListElement":[{"@type":"ListItem","position":1,"name":"Portada","item":"https:\/\/www.superbancos.gob.ec\/bancos\/"},{"@type":"ListItem","position":2,"name":"Seminario Internacional sobre Seguridad Social"}]},{"@type":"WebSite","@id":"https:\/\/www.superbancos.gob.ec\/bancos\/#website","url":"https:\/\/www.superbancos.gob.ec\/bancos\/","name":"Superintendencia de Bancos","description":"Organo de Control del Sistema Financiero Ecuatoriano.","publisher":{"@id":"https:\/\/www.superbancos.gob.ec\/bancos\/#organization"},"alternateName":"Super de Bancos","potentialAction":[{"@type":"SearchAction","target":{"@type":"EntryPoint","urlTemplate":"https:\/\/www.superbancos.gob.ec\/bancos\/?s={search_term_string}"},"query-input":{"@type":"PropertyValueSpecification","valueRequired":true,"valueName":"search_term_string"}}],"inLanguage":"es"},{"@type":"Organization","@id":"https:\/\/www.superbancos.gob.ec\/bancos\/#organization","name":"Superintendencia de Bancos","url":"https:\/\/www.superbancos.gob.ec\/bancos\/","logo":{"@type":"ImageObject","inLanguage":"es","@id":"https:\/\/www.superbancos.gob.ec\/bancos\/#\/schema\/logo\/image\/","url":"https:\/\/www.superbancos.gob.ec\/bancos\/wp-content\/uploads\/2022\/09\/Logo_Super.png","contentUrl":"https:\/\/www.superbancos.gob.ec\/bancos\/wp-content\/uploads\/2022\/09\/Logo_Super.png","width":340,"height":92,"caption":"Superintendencia de Bancos"},"image":{"@id":"https:\/\/www.superbancos.gob.ec\/bancos\/#\/schema\/logo\/image\/"}},{"@type":"Person","@id":"https:\/\/www.superbancos.gob.ec\/bancos\/#\/schema\/person\/c12770f5145f3723f3aa20c0aafac282","name":"Diego Buendia","image":{"@type":"ImageObject","inLanguage":"es","@id":"https:\/\/www.superbancos.gob.ec\/bancos\/#\/schema\/person\/image\/","url":"https:\/\/secure.gravatar.com\/avatar\/f2dcb31e604664a7d81f71d8260b45eb?s=96&d=mm&r=g","contentUrl":"https:\/\/secure.gravatar.com\/avatar\/f2dcb31e604664a7d81f71d8260b45eb?s=96&d=mm&r=g","caption":"Diego Buendia"},"url":"https:\/\/www.superbancos.gob.ec\/bancos\/author\/dbuendia\/"}]}},"_links":{"self":[{"href":"https:\/\/www.superbancos.gob.ec\/bancos\/wp-json\/wp\/v2\/posts\/10672"}],"collection":[{"href":"https:\/\/www.superbancos.gob.ec\/bancos\/wp-json\/wp\/v2\/posts"}],"about":[{"href":"https:\/\/www.superbancos.gob.ec\/bancos\/wp-json\/wp\/v2\/types\/post"}],"author":[{"embeddable":true,"href":"https:\/\/www.superbancos.gob.ec\/bancos\/wp-json\/wp\/v2\/users\/3"}],"replies":[{"embeddable":true,"href":"https:\/\/www.superbancos.gob.ec\/bancos\/wp-json\/wp\/v2\/comments?post=10672"}],"version-history":[{"count":2,"href":"https:\/\/www.superbancos.gob.ec\/bancos\/wp-json\/wp\/v2\/posts\/10672\/revisions"}],"predecessor-version":[{"id":13753,"href":"https:\/\/www.superbancos.gob.ec\/bancos\/wp-json\/wp\/v2\/posts\/10672\/revisions\/13753"}],"wp:featuredmedia":[{"embeddable":true,"href":"https:\/\/www.superbancos.gob.ec\/bancos\/wp-json\/wp\/v2\/media\/10673"}],"wp:attachment":[{"href":"https:\/\/www.superbancos.gob.ec\/bancos\/wp-json\/wp\/v2\/media?parent=10672"}],"wp:term":[{"taxonomy":"category","embeddable":true,"href":"https:\/\/www.superbancos.gob.ec\/bancos\/wp-json\/wp\/v2\/categories?post=10672"},{"taxonomy":"post_tag","embeddable":true,"href":"https:\/\/www.superbancos.gob.ec\/bancos\/wp-json\/wp\/v2\/tags?post=10672"}],"curies":[{"name":"wp","href":"https:\/\/api.w.org\/{rel}","templated":true}]}}