{"id":11324,"date":"2021-01-19T12:08:08","date_gmt":"2021-01-19T17:08:08","guid":{"rendered":"https:\/\/www.superbancos.gob.ec\/bancos\/?p=11324"},"modified":"2021-10-25T10:54:28","modified_gmt":"2021-10-25T15:54:28","slug":"superintendente-de-bancos-explico-sobre-acciones-en-el-caso-proinco","status":"publish","type":"post","link":"https:\/\/www.superbancos.gob.ec\/bancos\/superintendente-de-bancos-explico-sobre-acciones-en-el-caso-proinco\/","title":{"rendered":"Superintendente de Bancos explic\u00f3 sobre acciones en el caso PROINCO"},"content":{"rendered":"<p>Ruth Arregui, Superintendente de Bancos, acudi\u00f3 la semana pasada a la Comisi\u00f3n de Participaci\u00f3n Ciudadana y Control Social de la Asamblea Nacional, en donde expuso todas las acciones t\u00e9cnicas que esta entidad de control ha emitido sobre el Caso PROINCO y recalc\u00f3 que su trabajo se ha enfocado en encontrar una soluci\u00f3n para todos los afectados en este tema de <em>\u201calt\u00edsima sensibilidad\u201d<\/em>.<\/p>\n<p>Los documentos emitidos por la SB sirvieron de base en su momento para que la justicia actuar\u00e1 sobre el cometimiento de estos delitos y dijo que el 24 de enero pasado se entreg\u00f3 copias certi\ufb01cadas, 21 documentos en total, los cuales respaldan el proceso que determin\u00f3 lo siguiente:<\/p>\n<ul>\n<li>La revocatoria de autorizaci\u00f3n de la \ufb01nanciera.<\/li>\n<li>Disponer la liquidaci\u00f3n forzosa de la \ufb01nanciera.<\/li>\n<li>Designar un liquidador para la \ufb01nanciera.<\/li>\n<\/ul>\n<p>Esta informaci\u00f3n consta en la resoluci\u00f3n 589 que detalla que los administradores hab\u00edan estado operando al margen de la autorizaci\u00f3n de la \ufb01nanciera y a\u00f1adi\u00f3: <em>\u201cse estaban utilizando empresas y compa\u00f1\u00edas (sociedades an\u00f3nimas) como fachada y para hacer operaciones \ufb01nancieras, las mismas que ya han sido sancionadas\u201d<\/em>.<\/p>\n<p>Detall\u00f3 que conjuntamente con el liquidador designado se han llevado a cabo 21 de reuniones de trabajo, especialmente con el liquidador de la Superintendencia de Compa\u00f1\u00edas y con dos grupos de afectados de PROINCO que reci\u00e9n aparecieron.<\/p>\n<p>Tambi\u00e9n inform\u00f3 que la SB solicit\u00f3 al liquidador de PROINCO revise conjuntamente con cada uno de los perjudicados todos los documentos que reposan en el archivo de la liquidaci\u00f3n, aclar\u00f3 que fueron 1063 operaciones con 446 formularios entregados, procedimiento que no ha sido realizado por las anteriores administraciones de esta entidad de control.<\/p>\n<p>Finalmente, la Doctora Arregui manifest\u00f3 que se har\u00e1 todo el trabajo necesario para poder cerrar este proceso.<\/p>\n<p><em><strong>Quito, 19 de enero 2021<\/strong><\/em><\/p>\n","protected":false},"excerpt":{"rendered":"<p>Ruth Arregui, Superintendente de Bancos, acudi\u00f3 la semana pasada a la Comisi\u00f3n de Participaci\u00f3n Ciudadana y Control Social de la Asamblea Nacional, en donde expuso todas las acciones t\u00e9cnicas que esta entidad de control ha emitido sobre el Caso PROINCO y recalc\u00f3 que su trabajo se ha enfocado en encontrar una soluci\u00f3n para todos los [&hellip;]<\/p>\n","protected":false},"author":3,"featured_media":11326,"comment_status":"closed","ping_status":"open","sticky":false,"template":"","format":"standard","meta":{"footnotes":""},"categories":[114,5,6],"tags":[],"class_list":["post-11324","post","type-post","status-publish","format-standard","has-post-thumbnail","hentry","category-boletin-de-prensa","category-noticias","category-noticias-destacadas"],"yoast_head":"<!-- This site is optimized with the Yoast SEO plugin v25.4 - https:\/\/yoast.com\/wordpress\/plugins\/seo\/ -->\n<title>Superintendente de Bancos explic\u00f3 sobre acciones en el caso PROINCO - Superintendencia de Bancos<\/title>\n<meta name=\"robots\" content=\"index, follow, max-snippet:-1, max-image-preview:large, max-video-preview:-1\" \/>\n<link rel=\"canonical\" href=\"https:\/\/www.superbancos.gob.ec\/bancos\/superintendente-de-bancos-explico-sobre-acciones-en-el-caso-proinco\/\" \/>\n<meta property=\"og:locale\" content=\"es_ES\" \/>\n<meta property=\"og:type\" content=\"article\" \/>\n<meta property=\"og:title\" content=\"Superintendente de Bancos explic\u00f3 sobre acciones en el caso PROINCO - Superintendencia de Bancos\" \/>\n<meta property=\"og:description\" content=\"Ruth Arregui, Superintendente de Bancos, acudi\u00f3 la semana pasada a la Comisi\u00f3n de Participaci\u00f3n Ciudadana y Control Social de la Asamblea Nacional, en donde expuso todas las acciones t\u00e9cnicas que esta entidad de control ha emitido sobre el Caso PROINCO y recalc\u00f3 que su trabajo se ha enfocado en encontrar una soluci\u00f3n para todos los [&hellip;]\" \/>\n<meta property=\"og:url\" content=\"https:\/\/www.superbancos.gob.ec\/bancos\/superintendente-de-bancos-explico-sobre-acciones-en-el-caso-proinco\/\" \/>\n<meta property=\"og:site_name\" content=\"Superintendencia de Bancos\" \/>\n<meta property=\"article:published_time\" content=\"2021-01-19T17:08:08+00:00\" \/>\n<meta property=\"article:modified_time\" content=\"2021-10-25T15:54:28+00:00\" \/>\n<meta property=\"og:image\" content=\"https:\/\/www.superbancos.gob.ec\/bancos\/wp-content\/uploads\/2021\/01\/foto-nota-PROINCO-Web.jpeg\" \/>\n\t<meta property=\"og:image:width\" content=\"1206\" \/>\n\t<meta property=\"og:image:height\" content=\"674\" \/>\n\t<meta property=\"og:image:type\" content=\"image\/jpeg\" \/>\n<meta name=\"author\" content=\"Diego Buendia\" \/>\n<meta name=\"twitter:card\" content=\"summary_large_image\" \/>\n<script type=\"application\/ld+json\" class=\"yoast-schema-graph\">{\"@context\":\"https:\/\/schema.org\",\"@graph\":[{\"@type\":\"Article\",\"@id\":\"https:\/\/www.superbancos.gob.ec\/bancos\/superintendente-de-bancos-explico-sobre-acciones-en-el-caso-proinco\/#article\",\"isPartOf\":{\"@id\":\"https:\/\/www.superbancos.gob.ec\/bancos\/superintendente-de-bancos-explico-sobre-acciones-en-el-caso-proinco\/\"},\"author\":{\"name\":\"Diego Buendia\",\"@id\":\"https:\/\/www.superbancos.gob.ec\/bancos\/#\/schema\/person\/c12770f5145f3723f3aa20c0aafac282\"},\"headline\":\"Superintendente de Bancos explic\u00f3 sobre acciones en el caso PROINCO\",\"datePublished\":\"2021-01-19T17:08:08+00:00\",\"dateModified\":\"2021-10-25T15:54:28+00:00\",\"mainEntityOfPage\":{\"@id\":\"https:\/\/www.superbancos.gob.ec\/bancos\/superintendente-de-bancos-explico-sobre-acciones-en-el-caso-proinco\/\"},\"wordCount\":310,\"publisher\":{\"@id\":\"https:\/\/www.superbancos.gob.ec\/bancos\/#organization\"},\"image\":{\"@id\":\"https:\/\/www.superbancos.gob.ec\/bancos\/superintendente-de-bancos-explico-sobre-acciones-en-el-caso-proinco\/#primaryimage\"},\"thumbnailUrl\":\"https:\/\/www.superbancos.gob.ec\/bancos\/wp-content\/uploads\/2021\/01\/foto-nota-PROINCO-Web.jpeg\",\"articleSection\":[\"Bolet\u00edn de prensa\",\"Noticias\",\"Noticias Destacadas\"],\"inLanguage\":\"es\"},{\"@type\":\"WebPage\",\"@id\":\"https:\/\/www.superbancos.gob.ec\/bancos\/superintendente-de-bancos-explico-sobre-acciones-en-el-caso-proinco\/\",\"url\":\"https:\/\/www.superbancos.gob.ec\/bancos\/superintendente-de-bancos-explico-sobre-acciones-en-el-caso-proinco\/\",\"name\":\"Superintendente de Bancos explic\u00f3 sobre acciones en el caso PROINCO - Superintendencia de Bancos\",\"isPartOf\":{\"@id\":\"https:\/\/www.superbancos.gob.ec\/bancos\/#website\"},\"primaryImageOfPage\":{\"@id\":\"https:\/\/www.superbancos.gob.ec\/bancos\/superintendente-de-bancos-explico-sobre-acciones-en-el-caso-proinco\/#primaryimage\"},\"image\":{\"@id\":\"https:\/\/www.superbancos.gob.ec\/bancos\/superintendente-de-bancos-explico-sobre-acciones-en-el-caso-proinco\/#primaryimage\"},\"thumbnailUrl\":\"https:\/\/www.superbancos.gob.ec\/bancos\/wp-content\/uploads\/2021\/01\/foto-nota-PROINCO-Web.jpeg\",\"datePublished\":\"2021-01-19T17:08:08+00:00\",\"dateModified\":\"2021-10-25T15:54:28+00:00\",\"breadcrumb\":{\"@id\":\"https:\/\/www.superbancos.gob.ec\/bancos\/superintendente-de-bancos-explico-sobre-acciones-en-el-caso-proinco\/#breadcrumb\"},\"inLanguage\":\"es\",\"potentialAction\":[{\"@type\":\"ReadAction\",\"target\":[\"https:\/\/www.superbancos.gob.ec\/bancos\/superintendente-de-bancos-explico-sobre-acciones-en-el-caso-proinco\/\"]}]},{\"@type\":\"ImageObject\",\"inLanguage\":\"es\",\"@id\":\"https:\/\/www.superbancos.gob.ec\/bancos\/superintendente-de-bancos-explico-sobre-acciones-en-el-caso-proinco\/#primaryimage\",\"url\":\"https:\/\/www.superbancos.gob.ec\/bancos\/wp-content\/uploads\/2021\/01\/foto-nota-PROINCO-Web.jpeg\",\"contentUrl\":\"https:\/\/www.superbancos.gob.ec\/bancos\/wp-content\/uploads\/2021\/01\/foto-nota-PROINCO-Web.jpeg\",\"width\":1206,\"height\":674},{\"@type\":\"BreadcrumbList\",\"@id\":\"https:\/\/www.superbancos.gob.ec\/bancos\/superintendente-de-bancos-explico-sobre-acciones-en-el-caso-proinco\/#breadcrumb\",\"itemListElement\":[{\"@type\":\"ListItem\",\"position\":1,\"name\":\"Portada\",\"item\":\"https:\/\/www.superbancos.gob.ec\/bancos\/\"},{\"@type\":\"ListItem\",\"position\":2,\"name\":\"Superintendente de Bancos explic\u00f3 sobre acciones en el caso PROINCO\"}]},{\"@type\":\"WebSite\",\"@id\":\"https:\/\/www.superbancos.gob.ec\/bancos\/#website\",\"url\":\"https:\/\/www.superbancos.gob.ec\/bancos\/\",\"name\":\"Superintendencia de Bancos\",\"description\":\"Organo de Control del Sistema Financiero Ecuatoriano.\",\"publisher\":{\"@id\":\"https:\/\/www.superbancos.gob.ec\/bancos\/#organization\"},\"alternateName\":\"Super de Bancos\",\"potentialAction\":[{\"@type\":\"SearchAction\",\"target\":{\"@type\":\"EntryPoint\",\"urlTemplate\":\"https:\/\/www.superbancos.gob.ec\/bancos\/?s={search_term_string}\"},\"query-input\":{\"@type\":\"PropertyValueSpecification\",\"valueRequired\":true,\"valueName\":\"search_term_string\"}}],\"inLanguage\":\"es\"},{\"@type\":\"Organization\",\"@id\":\"https:\/\/www.superbancos.gob.ec\/bancos\/#organization\",\"name\":\"Superintendencia de Bancos\",\"url\":\"https:\/\/www.superbancos.gob.ec\/bancos\/\",\"logo\":{\"@type\":\"ImageObject\",\"inLanguage\":\"es\",\"@id\":\"https:\/\/www.superbancos.gob.ec\/bancos\/#\/schema\/logo\/image\/\",\"url\":\"https:\/\/www.superbancos.gob.ec\/bancos\/wp-content\/uploads\/2022\/09\/Logo_Super.png\",\"contentUrl\":\"https:\/\/www.superbancos.gob.ec\/bancos\/wp-content\/uploads\/2022\/09\/Logo_Super.png\",\"width\":340,\"height\":92,\"caption\":\"Superintendencia de Bancos\"},\"image\":{\"@id\":\"https:\/\/www.superbancos.gob.ec\/bancos\/#\/schema\/logo\/image\/\"}},{\"@type\":\"Person\",\"@id\":\"https:\/\/www.superbancos.gob.ec\/bancos\/#\/schema\/person\/c12770f5145f3723f3aa20c0aafac282\",\"name\":\"Diego Buendia\",\"image\":{\"@type\":\"ImageObject\",\"inLanguage\":\"es\",\"@id\":\"https:\/\/www.superbancos.gob.ec\/bancos\/#\/schema\/person\/image\/\",\"url\":\"https:\/\/secure.gravatar.com\/avatar\/f2dcb31e604664a7d81f71d8260b45eb?s=96&d=mm&r=g\",\"contentUrl\":\"https:\/\/secure.gravatar.com\/avatar\/f2dcb31e604664a7d81f71d8260b45eb?s=96&d=mm&r=g\",\"caption\":\"Diego Buendia\"},\"url\":\"https:\/\/www.superbancos.gob.ec\/bancos\/author\/dbuendia\/\"}]}<\/script>\n<!-- \/ Yoast SEO plugin. -->","yoast_head_json":{"title":"Superintendente de Bancos explic\u00f3 sobre acciones en el caso PROINCO - Superintendencia de Bancos","robots":{"index":"index","follow":"follow","max-snippet":"max-snippet:-1","max-image-preview":"max-image-preview:large","max-video-preview":"max-video-preview:-1"},"canonical":"https:\/\/www.superbancos.gob.ec\/bancos\/superintendente-de-bancos-explico-sobre-acciones-en-el-caso-proinco\/","og_locale":"es_ES","og_type":"article","og_title":"Superintendente de Bancos explic\u00f3 sobre acciones en el caso PROINCO - Superintendencia de Bancos","og_description":"Ruth Arregui, Superintendente de Bancos, acudi\u00f3 la semana pasada a la Comisi\u00f3n de Participaci\u00f3n Ciudadana y Control Social de la Asamblea Nacional, en donde expuso todas las acciones t\u00e9cnicas que esta entidad de control ha emitido sobre el Caso PROINCO y recalc\u00f3 que su trabajo se ha enfocado en encontrar una soluci\u00f3n para todos los [&hellip;]","og_url":"https:\/\/www.superbancos.gob.ec\/bancos\/superintendente-de-bancos-explico-sobre-acciones-en-el-caso-proinco\/","og_site_name":"Superintendencia de Bancos","article_published_time":"2021-01-19T17:08:08+00:00","article_modified_time":"2021-10-25T15:54:28+00:00","og_image":[{"width":1206,"height":674,"url":"https:\/\/www.superbancos.gob.ec\/bancos\/wp-content\/uploads\/2021\/01\/foto-nota-PROINCO-Web.jpeg","type":"image\/jpeg"}],"author":"Diego Buendia","twitter_card":"summary_large_image","schema":{"@context":"https:\/\/schema.org","@graph":[{"@type":"Article","@id":"https:\/\/www.superbancos.gob.ec\/bancos\/superintendente-de-bancos-explico-sobre-acciones-en-el-caso-proinco\/#article","isPartOf":{"@id":"https:\/\/www.superbancos.gob.ec\/bancos\/superintendente-de-bancos-explico-sobre-acciones-en-el-caso-proinco\/"},"author":{"name":"Diego Buendia","@id":"https:\/\/www.superbancos.gob.ec\/bancos\/#\/schema\/person\/c12770f5145f3723f3aa20c0aafac282"},"headline":"Superintendente de Bancos explic\u00f3 sobre acciones en el caso PROINCO","datePublished":"2021-01-19T17:08:08+00:00","dateModified":"2021-10-25T15:54:28+00:00","mainEntityOfPage":{"@id":"https:\/\/www.superbancos.gob.ec\/bancos\/superintendente-de-bancos-explico-sobre-acciones-en-el-caso-proinco\/"},"wordCount":310,"publisher":{"@id":"https:\/\/www.superbancos.gob.ec\/bancos\/#organization"},"image":{"@id":"https:\/\/www.superbancos.gob.ec\/bancos\/superintendente-de-bancos-explico-sobre-acciones-en-el-caso-proinco\/#primaryimage"},"thumbnailUrl":"https:\/\/www.superbancos.gob.ec\/bancos\/wp-content\/uploads\/2021\/01\/foto-nota-PROINCO-Web.jpeg","articleSection":["Bolet\u00edn de prensa","Noticias","Noticias Destacadas"],"inLanguage":"es"},{"@type":"WebPage","@id":"https:\/\/www.superbancos.gob.ec\/bancos\/superintendente-de-bancos-explico-sobre-acciones-en-el-caso-proinco\/","url":"https:\/\/www.superbancos.gob.ec\/bancos\/superintendente-de-bancos-explico-sobre-acciones-en-el-caso-proinco\/","name":"Superintendente de Bancos explic\u00f3 sobre acciones en el caso PROINCO - Superintendencia de Bancos","isPartOf":{"@id":"https:\/\/www.superbancos.gob.ec\/bancos\/#website"},"primaryImageOfPage":{"@id":"https:\/\/www.superbancos.gob.ec\/bancos\/superintendente-de-bancos-explico-sobre-acciones-en-el-caso-proinco\/#primaryimage"},"image":{"@id":"https:\/\/www.superbancos.gob.ec\/bancos\/superintendente-de-bancos-explico-sobre-acciones-en-el-caso-proinco\/#primaryimage"},"thumbnailUrl":"https:\/\/www.superbancos.gob.ec\/bancos\/wp-content\/uploads\/2021\/01\/foto-nota-PROINCO-Web.jpeg","datePublished":"2021-01-19T17:08:08+00:00","dateModified":"2021-10-25T15:54:28+00:00","breadcrumb":{"@id":"https:\/\/www.superbancos.gob.ec\/bancos\/superintendente-de-bancos-explico-sobre-acciones-en-el-caso-proinco\/#breadcrumb"},"inLanguage":"es","potentialAction":[{"@type":"ReadAction","target":["https:\/\/www.superbancos.gob.ec\/bancos\/superintendente-de-bancos-explico-sobre-acciones-en-el-caso-proinco\/"]}]},{"@type":"ImageObject","inLanguage":"es","@id":"https:\/\/www.superbancos.gob.ec\/bancos\/superintendente-de-bancos-explico-sobre-acciones-en-el-caso-proinco\/#primaryimage","url":"https:\/\/www.superbancos.gob.ec\/bancos\/wp-content\/uploads\/2021\/01\/foto-nota-PROINCO-Web.jpeg","contentUrl":"https:\/\/www.superbancos.gob.ec\/bancos\/wp-content\/uploads\/2021\/01\/foto-nota-PROINCO-Web.jpeg","width":1206,"height":674},{"@type":"BreadcrumbList","@id":"https:\/\/www.superbancos.gob.ec\/bancos\/superintendente-de-bancos-explico-sobre-acciones-en-el-caso-proinco\/#breadcrumb","itemListElement":[{"@type":"ListItem","position":1,"name":"Portada","item":"https:\/\/www.superbancos.gob.ec\/bancos\/"},{"@type":"ListItem","position":2,"name":"Superintendente de Bancos explic\u00f3 sobre acciones en el caso PROINCO"}]},{"@type":"WebSite","@id":"https:\/\/www.superbancos.gob.ec\/bancos\/#website","url":"https:\/\/www.superbancos.gob.ec\/bancos\/","name":"Superintendencia de Bancos","description":"Organo de Control del Sistema Financiero Ecuatoriano.","publisher":{"@id":"https:\/\/www.superbancos.gob.ec\/bancos\/#organization"},"alternateName":"Super de Bancos","potentialAction":[{"@type":"SearchAction","target":{"@type":"EntryPoint","urlTemplate":"https:\/\/www.superbancos.gob.ec\/bancos\/?s={search_term_string}"},"query-input":{"@type":"PropertyValueSpecification","valueRequired":true,"valueName":"search_term_string"}}],"inLanguage":"es"},{"@type":"Organization","@id":"https:\/\/www.superbancos.gob.ec\/bancos\/#organization","name":"Superintendencia de Bancos","url":"https:\/\/www.superbancos.gob.ec\/bancos\/","logo":{"@type":"ImageObject","inLanguage":"es","@id":"https:\/\/www.superbancos.gob.ec\/bancos\/#\/schema\/logo\/image\/","url":"https:\/\/www.superbancos.gob.ec\/bancos\/wp-content\/uploads\/2022\/09\/Logo_Super.png","contentUrl":"https:\/\/www.superbancos.gob.ec\/bancos\/wp-content\/uploads\/2022\/09\/Logo_Super.png","width":340,"height":92,"caption":"Superintendencia de Bancos"},"image":{"@id":"https:\/\/www.superbancos.gob.ec\/bancos\/#\/schema\/logo\/image\/"}},{"@type":"Person","@id":"https:\/\/www.superbancos.gob.ec\/bancos\/#\/schema\/person\/c12770f5145f3723f3aa20c0aafac282","name":"Diego Buendia","image":{"@type":"ImageObject","inLanguage":"es","@id":"https:\/\/www.superbancos.gob.ec\/bancos\/#\/schema\/person\/image\/","url":"https:\/\/secure.gravatar.com\/avatar\/f2dcb31e604664a7d81f71d8260b45eb?s=96&d=mm&r=g","contentUrl":"https:\/\/secure.gravatar.com\/avatar\/f2dcb31e604664a7d81f71d8260b45eb?s=96&d=mm&r=g","caption":"Diego Buendia"},"url":"https:\/\/www.superbancos.gob.ec\/bancos\/author\/dbuendia\/"}]}},"_links":{"self":[{"href":"https:\/\/www.superbancos.gob.ec\/bancos\/wp-json\/wp\/v2\/posts\/11324"}],"collection":[{"href":"https:\/\/www.superbancos.gob.ec\/bancos\/wp-json\/wp\/v2\/posts"}],"about":[{"href":"https:\/\/www.superbancos.gob.ec\/bancos\/wp-json\/wp\/v2\/types\/post"}],"author":[{"embeddable":true,"href":"https:\/\/www.superbancos.gob.ec\/bancos\/wp-json\/wp\/v2\/users\/3"}],"replies":[{"embeddable":true,"href":"https:\/\/www.superbancos.gob.ec\/bancos\/wp-json\/wp\/v2\/comments?post=11324"}],"version-history":[{"count":6,"href":"https:\/\/www.superbancos.gob.ec\/bancos\/wp-json\/wp\/v2\/posts\/11324\/revisions"}],"predecessor-version":[{"id":13503,"href":"https:\/\/www.superbancos.gob.ec\/bancos\/wp-json\/wp\/v2\/posts\/11324\/revisions\/13503"}],"wp:featuredmedia":[{"embeddable":true,"href":"https:\/\/www.superbancos.gob.ec\/bancos\/wp-json\/wp\/v2\/media\/11326"}],"wp:attachment":[{"href":"https:\/\/www.superbancos.gob.ec\/bancos\/wp-json\/wp\/v2\/media?parent=11324"}],"wp:term":[{"taxonomy":"category","embeddable":true,"href":"https:\/\/www.superbancos.gob.ec\/bancos\/wp-json\/wp\/v2\/categories?post=11324"},{"taxonomy":"post_tag","embeddable":true,"href":"https:\/\/www.superbancos.gob.ec\/bancos\/wp-json\/wp\/v2\/tags?post=11324"}],"curies":[{"name":"wp","href":"https:\/\/api.w.org\/{rel}","templated":true}]}}