{"id":12263,"date":"2021-05-16T15:11:43","date_gmt":"2021-05-16T20:11:43","guid":{"rendered":"https:\/\/www.superbancos.gob.ec\/bancos\/?p=12263"},"modified":"2021-10-25T10:46:48","modified_gmt":"2021-10-25T15:46:48","slug":"la-superintendencia-de-bancos-rindio-cuentas-a-la-ciudadania","status":"publish","type":"post","link":"https:\/\/www.superbancos.gob.ec\/bancos\/la-superintendencia-de-bancos-rindio-cuentas-a-la-ciudadania\/","title":{"rendered":"LA SUPERINTENDENCIA DE BANCOS RINDI\u00d3 CUENTAS A LA CIUDADAN\u00cdA"},"content":{"rendered":"<p>Ruth Arregui Solano, Superintendente de Bancos, junto con la actual administraci\u00f3n han identificado a la <strong><em>Transparencia<\/em> <\/strong>como una base sobre la que descansan los pilares del Plan Estrat\u00e9gico Institucional 2019-2024; aspecto que se fortalece con el evento de <strong>Deliberaci\u00f3n P\u00fablica de Rendici\u00f3n de Cuentas correspondiente a la gesti\u00f3n 2020<\/strong> (efectuado el 14 de mayo 2021 de manera mixta: presencial y virtual) y reconoce a la <strong>sociedad civil como leg\u00edtimo mandante y primer fiscalizador de la gesti\u00f3n<\/strong>.<\/p>\n<p>La Superintendencia de Bancos (SB) fue una de las <strong>primeras instituciones en reaccionar<\/strong> a la pandemia covid-19, <strong>prioriz\u00f3 la salud de su personal y foment\u00f3 el teletrabajo, <\/strong>cumpliendo con todas y cada una de las disposiciones emitidas por COE Nacional, Cantonal, MSP, como se aprecia en el siguiente gr\u00e1fico:<\/p>\n<p>&nbsp;<\/p>\n<p>&nbsp;<\/p>\n<p><img fetchpriority=\"high\" decoding=\"async\" class=\"aligncenter size-full wp-image-12282\" src=\"https:\/\/www.superbancos.gob.ec\/bancos\/wp-content\/uploads\/2021\/05\/1.png\" alt=\"\" width=\"1021\" height=\"702\" srcset=\"https:\/\/www.superbancos.gob.ec\/bancos\/wp-content\/uploads\/2021\/05\/1.png 1021w, https:\/\/www.superbancos.gob.ec\/bancos\/wp-content\/uploads\/2021\/05\/1-300x206.png 300w, https:\/\/www.superbancos.gob.ec\/bancos\/wp-content\/uploads\/2021\/05\/1-768x528.png 768w\" sizes=\"(max-width: 1021px) 100vw, 1021px\" \/><\/p>\n<p>De marzo <strong>a diciembre de 2020 el teletrabajo<\/strong> fue progresivamente adoptado alcanzando al <strong>65% de funcionarios<\/strong> bajo esta modalidad; con un <strong>aforo <\/strong>que no llega al <strong>8%<\/strong>.<\/p>\n<p>Vale a\u00f1adir que, con Decreto Ejecutivo Nro. 1017 de 16 de marzo de 2020, el Presidente Constitucional de la Rep\u00fablica del Ecuador decret\u00f3: \u201cArt\u00edculo 1.- DECL\u00c1RESE el estado de excepci\u00f3n por calamidad p\u00fablica en todo el territorio nacional, por los casos de coronavirus confirmados y la declaratoria de pandemia del COVID-19 por parte de la Organizaci\u00f3n Mundial de la Salud. En el art\u00edculo 6 literal b) de este Decreto, se indica:<\/p>\n<p>\u00ab<strong>Durante el lapso de suspensi\u00f3n de la jornada presencial de trabajo se deber\u00e1 garantizar la provisi\u00f3n de los servicios<\/strong> p\u00fablicos b\u00e1sicos, de salud, seguridad, bomberos, riesgos, aeropuertos, terminales a\u00e9reos, terrestres, mar\u00edtimos, fluviales, <strong>bancarios<\/strong>, provisi\u00f3n de v\u00edveres, sectores estrat\u00e9gicos&#8230;\u00bb. Definiendo as\u00ed a este como un sector estrat\u00e9gico, ratificado con Decreto Ejecutivo Nro. 1291, de 21 de abril de 2021. <strong>La gesti\u00f3n adecuada de la SB ha permitido contener los contagios<\/strong> en el personal, siendo <strong>el m\u00e1s alto registrado 17 casos en Guayaquil en junio de 2020<\/strong> (3 restantes a nivel nacional), hecho que se evidencia en el siguiente gr\u00e1fico con datos contados desde marzo 2020 al 13 de mayo de 2021:<\/p>\n<p><img decoding=\"async\" class=\"aligncenter size-full wp-image-12283\" src=\"https:\/\/www.superbancos.gob.ec\/bancos\/wp-content\/uploads\/2021\/05\/2.png\" alt=\"\" width=\"1027\" height=\"576\" srcset=\"https:\/\/www.superbancos.gob.ec\/bancos\/wp-content\/uploads\/2021\/05\/2.png 1027w, https:\/\/www.superbancos.gob.ec\/bancos\/wp-content\/uploads\/2021\/05\/2-300x168.png 300w, https:\/\/www.superbancos.gob.ec\/bancos\/wp-content\/uploads\/2021\/05\/2-768x431.png 768w, https:\/\/www.superbancos.gob.ec\/bancos\/wp-content\/uploads\/2021\/05\/2-1024x574.png 1024w\" sizes=\"(max-width: 1027px) 100vw, 1027px\" \/><\/p>\n<p>En otro aspecto, la estrategia adoptada en materia de gesti\u00f3n de Talento Humano ha permitido una mayor participaci\u00f3n de personal femenino, t\u00e9cnico y talento joven; <strong>es as\u00ed que en el 2020, el 47% de cargos directivos ha sido liderado por mujeres; el 31% por profesionales con T\u00edtulo de 4to nivel y el 35% por j\u00f3venes.<\/strong><\/p>\n<p><img decoding=\"async\" class=\"aligncenter size-full wp-image-12284\" src=\"https:\/\/www.superbancos.gob.ec\/bancos\/wp-content\/uploads\/2021\/05\/3.png\" alt=\"\" width=\"1047\" height=\"275\" srcset=\"https:\/\/www.superbancos.gob.ec\/bancos\/wp-content\/uploads\/2021\/05\/3.png 1047w, https:\/\/www.superbancos.gob.ec\/bancos\/wp-content\/uploads\/2021\/05\/3-300x79.png 300w, https:\/\/www.superbancos.gob.ec\/bancos\/wp-content\/uploads\/2021\/05\/3-768x202.png 768w, https:\/\/www.superbancos.gob.ec\/bancos\/wp-content\/uploads\/2021\/05\/3-1024x269.png 1024w\" sizes=\"(max-width: 1047px) 100vw, 1047px\" \/><\/p>\n<p>Una de las <strong>medidas de protecci\u00f3n<\/strong> implementadas por la SB, es mantener informados adecuada y oportunamente a los usuarios financieros y ciudadan\u00eda en general, a fin de que puedan <strong>tomar mejores decisiones<\/strong>. Mediante <strong>campa\u00f1as de comunicaci\u00f3n<\/strong> para dar a conocer a las entidades no autorizadas en prevenci\u00f3n de estafas y fraudes ofertadas por medios remotos. En materia de <strong>educaci\u00f3n financiera,<\/strong> tambi\u00e9n se han llevado adelante campa\u00f1as de <strong>tips de ahorro<\/strong> y los servicios que la SB presta a trav\u00e9s de sus diferentes canales.<\/p>\n<p><strong>La SB en el 2020 atendi\u00f3 a 162.177 usuarios financieros<\/strong> de manera presencial y virtual, tipificadas en: <strong>consultas, quejas y reclamos<\/strong>, resaltando que se potenciaron los canales de atenci\u00f3n digitales, con las respectivas mejoras al proceso de atenci\u00f3n a los usuarios e incorporaci\u00f3n de mecanismos de atenci\u00f3n telem\u00e1tica, que permitieron asegurar y proteger el derecho a la salud e integridad de los usuarios, <strong>observando las medidas de bioseguridad<\/strong> emitidas por la autoridad competente (COE Nacional, Cantonal, MSP).<\/p>\n<p>En t\u00e9rminos de <strong>Transparencia,<\/strong> la SB ha implementado de manera exitosa el <a href=\"https:\/\/www.superbancos.gob.ec\/bancos\/sistema-de-gestion-antisoborno\/\"><strong>Sistema de Gesti\u00f3n Antisoborno, Certificaci\u00f3n ISO37001:2016<\/strong> <\/a>que ha permitido establecer una pol\u00edtica de tolerancia cero hacia la corrupci\u00f3n y una cultura \u00e9tica que aplica a sus procesos internos y de atenci\u00f3n a usuarios financieros y ciudadan\u00eda en general.<\/p>\n<p>Al mismo tiempo, se han suscrito <a href=\"https:\/\/www.superbancos.gob.ec\/bancos\/convenios-con-organismos-nacionales\/\"><strong>convenios<\/strong><\/a> con organizaciones de la sociedad civil: <strong>(i) Fundaci\u00f3n Ciudadan\u00eda y Desarrollo (FCD)<\/strong> para la implementaci\u00f3n de est\u00e1ndares de <strong>gobierno abierto<\/strong> en los procesos de postulaci\u00f3n, selecci\u00f3n y designaci\u00f3n de Defensores del Cliente y rendici\u00f3n de cuentas; <strong>(ii) Corporaci\u00f3n Participaci\u00f3n Ciudadana (CPC)<\/strong> para evaluar el <strong>cumplimiento<\/strong> de la Ley Org\u00e1nica de Transparencia y Acceso a la Informaci\u00f3n P\u00fablica \u2013 <strong>LOTAIP<\/strong>, la cual de enero a diciembre de 2020 <strong>se ha mantenido en el 100%.<\/strong><\/p>\n<p>La dif\u00edcil situaci\u00f3n sanitaria por la pandemia COVID-19 afect\u00f3 a varios sectores productivos y por ende a la econom\u00eda del pa\u00eds, ante lo cual<strong> la SB propuso a la JPRMF medidas de primera fase <\/strong>para <strong>proteger el ahorro <\/strong>del p\u00fablico<strong> y mantener la estabilidad<\/strong> del Sistema Financiero. As\u00ed, las medidas propuestas, entre otras, fueron:<\/p>\n<ul>\n<li><strong>Dar alivio financiero<\/strong>, mediante el diferimiento de obligaciones crediticias (reestructuraci\u00f3n y refinanciaci\u00f3n de cr\u00e9ditos) y proteger los dep\u00f3sitos.<\/li>\n<li><strong>Mantener la cadena de pagos<\/strong>, a trav\u00e9s del establecimiento de un Fondo de apoyo a las MIPYMES, cadenas de valor y empleo: constituyendo un fideicomiso con recursos provenientes de los multilaterales.<\/li>\n<li><strong>Reducir el aporte al Fondo de Liquidez<\/strong>, de manera temporal para compensar coyuntural reducci\u00f3n en los dep\u00f3sitos.<\/li>\n<li><strong>Reducir los segmentos de cr\u00e9dito<\/strong>, para avanzar a un sistema que posibilite contar con una metodolog\u00eda t\u00e9cnica de establecimiento de tasas de inter\u00e9s.<\/li>\n<\/ul>\n<p>En las <strong>disposiciones dadas por la SB al sector controlado<\/strong> tambi\u00e9n se pudo <strong>actuar prontamente<\/strong>, con <a href=\"https:\/\/www.superbancos.gob.ec\/bancos\/wp-content\/uploads\/downloads\/2020\/03\/resol_SB-2020-0496.pdf\">Resoluci\u00f3n Nro. SB-2020-496<\/a>, de 16 de marzo de 2020 y Resoluci\u00f3n Nro. SB-2020-502, de 19 de marzo de 2020, se exigi\u00f3 la implementaci\u00f3n de un <strong>\u00ab<em>Plan de Manejo de Emergencias<\/em>\u00ab<\/strong>, a ser implementadas en al menos tres fases de progresividad, con hitos habilitantes y pasos a ser tomados en cada fase.<\/p>\n<p>As\u00ed tambi\u00e9n, con <a href=\"https:\/\/www.superbancos.gob.ec\/bancos\/wp-content\/uploads\/downloads\/2020\/04\/circular_SB-IG-2020-0005-C.pdf\">Circular No. SB-IG-2020-0005-C<\/a> de 24 de marzo de 2020 y Oficio Nro. SB-IG-2020-0028-O de la misma fecha, se dispuso <em>que \u201ctodos los <strong>billetes y monedas<\/strong> en poder de las entidades del Sector Financiero P\u00fablico y Privado, deber\u00e1n ser sometidos a <strong>un proceso de sanitizaci\u00f3n continua<\/strong>, previo a ser prove\u00eddos a los usuarios financieros en canales presenciales y en cajeros autom\u00e1ticos en todo el territorio nacional.<\/em>\u201d.<\/p>\n<p>En materia del enfoque de la <strong>Supervisi\u00f3n Basada en Riesgos<\/strong> (SBR), la SB cont\u00f3 con la <strong>Asistencia T\u00e9cnica de Toronto Centre Leadership<\/strong>, entidad l\u00edder de prestigio internacional. De esta manera el proceso de supervisi\u00f3n permanente a las entidades bancarias p\u00fablicas y privadas; cuenta con los m\u00e1s altos est\u00e1ndares internacionales, al ser: preventiva, prospectiva, eficaz, efectiva y suficiente.<\/p>\n<p>Para el Sistema de Seguridad Social, se suscribi\u00f3 un Convenio de <strong>Asistencia T\u00e9cnica con el Departamento del Tesoro de Estados Unidos (OTA),<\/strong> el cual contribuy\u00f3 a incorporar pr\u00e1cticas de <strong>Supervisi\u00f3n Basada en Riesgos<\/strong> <strong>(SBR)<\/strong> en las entidades IESS-BIESS, ISSPOL, ISSFA, FCPC, SCPN, en el objetivo de asegurar la sostenibilidad y el pago de las prestaciones a afiliados, pensionistas y derechohabientes.<\/p>\n<p>De esta forma <strong>en el a\u00f1o 2020, la SB realiz\u00f3 78 supervisiones de las cuales 20 correspondieron al sistema financiero privado, 11 al sistema financiero p\u00fablico; 15 al sistema de seguridad social, 12 a instituciones en liquidaci\u00f3n y 20 supervisiones enfocadas en riesgos de Lavado de Activos a varias instituciones financieras del pa\u00eds.<\/strong><\/p>\n<p>En otro aspecto, <strong>la SB requiri\u00f3 como medida prospectiva y preventiva la capitalizaci\u00f3n de las utilidades generadas en el 2019 y 2020, en el 73% y 84%, respectivamente; <\/strong>con el prop\u00f3sito de<strong> mantener la solvencia y solidez del sistema bancario.<\/strong><\/p>\n<p><img loading=\"lazy\" decoding=\"async\" class=\"aligncenter size-full wp-image-12288\" src=\"https:\/\/www.superbancos.gob.ec\/bancos\/wp-content\/uploads\/2021\/05\/4.png\" alt=\"\" width=\"1049\" height=\"556\" srcset=\"https:\/\/www.superbancos.gob.ec\/bancos\/wp-content\/uploads\/2021\/05\/4.png 1049w, https:\/\/www.superbancos.gob.ec\/bancos\/wp-content\/uploads\/2021\/05\/4-300x159.png 300w, https:\/\/www.superbancos.gob.ec\/bancos\/wp-content\/uploads\/2021\/05\/4-768x407.png 768w, https:\/\/www.superbancos.gob.ec\/bancos\/wp-content\/uploads\/2021\/05\/4-1024x543.png 1024w\" sizes=\"(max-width: 1049px) 100vw, 1049px\" \/><\/p>\n<p><strong>La Deliberaci\u00f3n P\u00fablica concluy\u00f3 con comentarios positivos por parte de Autoridades Nacionales, Internacionales y Miembros de la Sociedad Civil; ante lo cual la Superintendencia de Bancos ratifica su compromiso de continuar trabajando<\/strong> de manera decidida, conforme lo define la Constituci\u00f3n y las Leyes para precautelar por la solidez y estabilidad del sistema financiero p\u00fablico y privado, y de seguridad social; <strong>protegiendo el ahorro de los depositantes, afiliados, pensionistas y contribuyentes.<\/strong><\/p>\n<p><img loading=\"lazy\" decoding=\"async\" class=\"aligncenter size-full wp-image-12285\" src=\"https:\/\/www.superbancos.gob.ec\/bancos\/wp-content\/uploads\/2021\/05\/colegefotos-RC-2020.png\" alt=\"\" width=\"1005\" height=\"641\" srcset=\"https:\/\/www.superbancos.gob.ec\/bancos\/wp-content\/uploads\/2021\/05\/colegefotos-RC-2020.png 1005w, https:\/\/www.superbancos.gob.ec\/bancos\/wp-content\/uploads\/2021\/05\/colegefotos-RC-2020-300x191.png 300w, https:\/\/www.superbancos.gob.ec\/bancos\/wp-content\/uploads\/2021\/05\/colegefotos-RC-2020-768x490.png 768w\" sizes=\"(max-width: 1005px) 100vw, 1005px\" \/><\/p>\n<p><iframe title=\"YouTube video player\" src=\"https:\/\/www.youtube.com\/embed\/_JcJurr9jgo\" width=\"100%\" height=\"315\" frameborder=\"0\" allowfullscreen=\"allowfullscreen\"><\/iframe><\/p>\n<p><em><strong>Quito, 16 de mayo 2021<\/strong><\/em><\/p>\n","protected":false},"excerpt":{"rendered":"<p>Ruth Arregui Solano, Superintendente de Bancos, junto con la actual administraci\u00f3n han identificado a la Transparencia como una base sobre la que descansan los pilares del Plan Estrat\u00e9gico Institucional 2019-2024; aspecto que se fortalece con el evento de Deliberaci\u00f3n P\u00fablica de Rendici\u00f3n de Cuentas correspondiente a la gesti\u00f3n 2020 (efectuado el 14 de mayo 2021 [&hellip;]<\/p>\n","protected":false},"author":3,"featured_media":12265,"comment_status":"closed","ping_status":"open","sticky":false,"template":"","format":"standard","meta":{"footnotes":""},"categories":[114,5,6],"tags":[],"class_list":["post-12263","post","type-post","status-publish","format-standard","has-post-thumbnail","hentry","category-boletin-de-prensa","category-noticias","category-noticias-destacadas"],"yoast_head":"<!-- This site is optimized with the Yoast SEO plugin v25.4 - https:\/\/yoast.com\/wordpress\/plugins\/seo\/ -->\n<title>LA SUPERINTENDENCIA DE BANCOS RINDI\u00d3 CUENTAS A LA CIUDADAN\u00cdA - Superintendencia de Bancos<\/title>\n<meta name=\"robots\" content=\"index, follow, max-snippet:-1, max-image-preview:large, max-video-preview:-1\" \/>\n<link rel=\"canonical\" href=\"https:\/\/www.superbancos.gob.ec\/bancos\/la-superintendencia-de-bancos-rindio-cuentas-a-la-ciudadania\/\" \/>\n<meta property=\"og:locale\" content=\"es_ES\" \/>\n<meta property=\"og:type\" content=\"article\" \/>\n<meta property=\"og:title\" content=\"LA SUPERINTENDENCIA DE BANCOS RINDI\u00d3 CUENTAS A LA CIUDADAN\u00cdA - Superintendencia de Bancos\" \/>\n<meta property=\"og:description\" content=\"Ruth Arregui Solano, Superintendente de Bancos, junto con la actual administraci\u00f3n han identificado a la Transparencia como una base sobre la que descansan los pilares del Plan Estrat\u00e9gico Institucional 2019-2024; aspecto que se fortalece con el evento de Deliberaci\u00f3n P\u00fablica de Rendici\u00f3n de Cuentas correspondiente a la gesti\u00f3n 2020 (efectuado el 14 de mayo 2021 [&hellip;]\" \/>\n<meta property=\"og:url\" content=\"https:\/\/www.superbancos.gob.ec\/bancos\/la-superintendencia-de-bancos-rindio-cuentas-a-la-ciudadania\/\" \/>\n<meta property=\"og:site_name\" content=\"Superintendencia de Bancos\" \/>\n<meta property=\"article:published_time\" content=\"2021-05-16T20:11:43+00:00\" \/>\n<meta property=\"article:modified_time\" content=\"2021-10-25T15:46:48+00:00\" \/>\n<meta property=\"og:image\" content=\"https:\/\/www.superbancos.gob.ec\/bancos\/wp-content\/uploads\/2021\/05\/Foto-portada-nota-rendicion-cuentas-2020.jpeg\" \/>\n\t<meta property=\"og:image:width\" content=\"1280\" \/>\n\t<meta property=\"og:image:height\" content=\"720\" \/>\n\t<meta property=\"og:image:type\" content=\"image\/jpeg\" \/>\n<meta name=\"author\" content=\"Diego Buendia\" \/>\n<meta name=\"twitter:card\" content=\"summary_large_image\" \/>\n<script type=\"application\/ld+json\" class=\"yoast-schema-graph\">{\"@context\":\"https:\/\/schema.org\",\"@graph\":[{\"@type\":\"Article\",\"@id\":\"https:\/\/www.superbancos.gob.ec\/bancos\/la-superintendencia-de-bancos-rindio-cuentas-a-la-ciudadania\/#article\",\"isPartOf\":{\"@id\":\"https:\/\/www.superbancos.gob.ec\/bancos\/la-superintendencia-de-bancos-rindio-cuentas-a-la-ciudadania\/\"},\"author\":{\"name\":\"Diego Buendia\",\"@id\":\"https:\/\/www.superbancos.gob.ec\/bancos\/#\/schema\/person\/c12770f5145f3723f3aa20c0aafac282\"},\"headline\":\"LA SUPERINTENDENCIA DE BANCOS RINDI\u00d3 CUENTAS A LA CIUDADAN\u00cdA\",\"datePublished\":\"2021-05-16T20:11:43+00:00\",\"dateModified\":\"2021-10-25T15:46:48+00:00\",\"mainEntityOfPage\":{\"@id\":\"https:\/\/www.superbancos.gob.ec\/bancos\/la-superintendencia-de-bancos-rindio-cuentas-a-la-ciudadania\/\"},\"wordCount\":1327,\"publisher\":{\"@id\":\"https:\/\/www.superbancos.gob.ec\/bancos\/#organization\"},\"image\":{\"@id\":\"https:\/\/www.superbancos.gob.ec\/bancos\/la-superintendencia-de-bancos-rindio-cuentas-a-la-ciudadania\/#primaryimage\"},\"thumbnailUrl\":\"https:\/\/www.superbancos.gob.ec\/bancos\/wp-content\/uploads\/2021\/05\/Foto-portada-nota-rendicion-cuentas-2020.jpeg\",\"articleSection\":[\"Bolet\u00edn de prensa\",\"Noticias\",\"Noticias Destacadas\"],\"inLanguage\":\"es\"},{\"@type\":\"WebPage\",\"@id\":\"https:\/\/www.superbancos.gob.ec\/bancos\/la-superintendencia-de-bancos-rindio-cuentas-a-la-ciudadania\/\",\"url\":\"https:\/\/www.superbancos.gob.ec\/bancos\/la-superintendencia-de-bancos-rindio-cuentas-a-la-ciudadania\/\",\"name\":\"LA SUPERINTENDENCIA DE BANCOS RINDI\u00d3 CUENTAS A LA CIUDADAN\u00cdA - Superintendencia de Bancos\",\"isPartOf\":{\"@id\":\"https:\/\/www.superbancos.gob.ec\/bancos\/#website\"},\"primaryImageOfPage\":{\"@id\":\"https:\/\/www.superbancos.gob.ec\/bancos\/la-superintendencia-de-bancos-rindio-cuentas-a-la-ciudadania\/#primaryimage\"},\"image\":{\"@id\":\"https:\/\/www.superbancos.gob.ec\/bancos\/la-superintendencia-de-bancos-rindio-cuentas-a-la-ciudadania\/#primaryimage\"},\"thumbnailUrl\":\"https:\/\/www.superbancos.gob.ec\/bancos\/wp-content\/uploads\/2021\/05\/Foto-portada-nota-rendicion-cuentas-2020.jpeg\",\"datePublished\":\"2021-05-16T20:11:43+00:00\",\"dateModified\":\"2021-10-25T15:46:48+00:00\",\"breadcrumb\":{\"@id\":\"https:\/\/www.superbancos.gob.ec\/bancos\/la-superintendencia-de-bancos-rindio-cuentas-a-la-ciudadania\/#breadcrumb\"},\"inLanguage\":\"es\",\"potentialAction\":[{\"@type\":\"ReadAction\",\"target\":[\"https:\/\/www.superbancos.gob.ec\/bancos\/la-superintendencia-de-bancos-rindio-cuentas-a-la-ciudadania\/\"]}]},{\"@type\":\"ImageObject\",\"inLanguage\":\"es\",\"@id\":\"https:\/\/www.superbancos.gob.ec\/bancos\/la-superintendencia-de-bancos-rindio-cuentas-a-la-ciudadania\/#primaryimage\",\"url\":\"https:\/\/www.superbancos.gob.ec\/bancos\/wp-content\/uploads\/2021\/05\/Foto-portada-nota-rendicion-cuentas-2020.jpeg\",\"contentUrl\":\"https:\/\/www.superbancos.gob.ec\/bancos\/wp-content\/uploads\/2021\/05\/Foto-portada-nota-rendicion-cuentas-2020.jpeg\",\"width\":1280,\"height\":720},{\"@type\":\"BreadcrumbList\",\"@id\":\"https:\/\/www.superbancos.gob.ec\/bancos\/la-superintendencia-de-bancos-rindio-cuentas-a-la-ciudadania\/#breadcrumb\",\"itemListElement\":[{\"@type\":\"ListItem\",\"position\":1,\"name\":\"Portada\",\"item\":\"https:\/\/www.superbancos.gob.ec\/bancos\/\"},{\"@type\":\"ListItem\",\"position\":2,\"name\":\"LA SUPERINTENDENCIA DE BANCOS RINDI\u00d3 CUENTAS A LA CIUDADAN\u00cdA\"}]},{\"@type\":\"WebSite\",\"@id\":\"https:\/\/www.superbancos.gob.ec\/bancos\/#website\",\"url\":\"https:\/\/www.superbancos.gob.ec\/bancos\/\",\"name\":\"Superintendencia de Bancos\",\"description\":\"Organo de Control del Sistema Financiero Ecuatoriano.\",\"publisher\":{\"@id\":\"https:\/\/www.superbancos.gob.ec\/bancos\/#organization\"},\"alternateName\":\"Super de Bancos\",\"potentialAction\":[{\"@type\":\"SearchAction\",\"target\":{\"@type\":\"EntryPoint\",\"urlTemplate\":\"https:\/\/www.superbancos.gob.ec\/bancos\/?s={search_term_string}\"},\"query-input\":{\"@type\":\"PropertyValueSpecification\",\"valueRequired\":true,\"valueName\":\"search_term_string\"}}],\"inLanguage\":\"es\"},{\"@type\":\"Organization\",\"@id\":\"https:\/\/www.superbancos.gob.ec\/bancos\/#organization\",\"name\":\"Superintendencia de Bancos\",\"url\":\"https:\/\/www.superbancos.gob.ec\/bancos\/\",\"logo\":{\"@type\":\"ImageObject\",\"inLanguage\":\"es\",\"@id\":\"https:\/\/www.superbancos.gob.ec\/bancos\/#\/schema\/logo\/image\/\",\"url\":\"https:\/\/www.superbancos.gob.ec\/bancos\/wp-content\/uploads\/2022\/09\/Logo_Super.png\",\"contentUrl\":\"https:\/\/www.superbancos.gob.ec\/bancos\/wp-content\/uploads\/2022\/09\/Logo_Super.png\",\"width\":340,\"height\":92,\"caption\":\"Superintendencia de Bancos\"},\"image\":{\"@id\":\"https:\/\/www.superbancos.gob.ec\/bancos\/#\/schema\/logo\/image\/\"}},{\"@type\":\"Person\",\"@id\":\"https:\/\/www.superbancos.gob.ec\/bancos\/#\/schema\/person\/c12770f5145f3723f3aa20c0aafac282\",\"name\":\"Diego Buendia\",\"image\":{\"@type\":\"ImageObject\",\"inLanguage\":\"es\",\"@id\":\"https:\/\/www.superbancos.gob.ec\/bancos\/#\/schema\/person\/image\/\",\"url\":\"https:\/\/secure.gravatar.com\/avatar\/f2dcb31e604664a7d81f71d8260b45eb?s=96&d=mm&r=g\",\"contentUrl\":\"https:\/\/secure.gravatar.com\/avatar\/f2dcb31e604664a7d81f71d8260b45eb?s=96&d=mm&r=g\",\"caption\":\"Diego Buendia\"},\"url\":\"https:\/\/www.superbancos.gob.ec\/bancos\/author\/dbuendia\/\"}]}<\/script>\n<!-- \/ Yoast SEO plugin. -->","yoast_head_json":{"title":"LA SUPERINTENDENCIA DE BANCOS RINDI\u00d3 CUENTAS A LA CIUDADAN\u00cdA - Superintendencia de Bancos","robots":{"index":"index","follow":"follow","max-snippet":"max-snippet:-1","max-image-preview":"max-image-preview:large","max-video-preview":"max-video-preview:-1"},"canonical":"https:\/\/www.superbancos.gob.ec\/bancos\/la-superintendencia-de-bancos-rindio-cuentas-a-la-ciudadania\/","og_locale":"es_ES","og_type":"article","og_title":"LA SUPERINTENDENCIA DE BANCOS RINDI\u00d3 CUENTAS A LA CIUDADAN\u00cdA - Superintendencia de Bancos","og_description":"Ruth Arregui Solano, Superintendente de Bancos, junto con la actual administraci\u00f3n han identificado a la Transparencia como una base sobre la que descansan los pilares del Plan Estrat\u00e9gico Institucional 2019-2024; aspecto que se fortalece con el evento de Deliberaci\u00f3n P\u00fablica de Rendici\u00f3n de Cuentas correspondiente a la gesti\u00f3n 2020 (efectuado el 14 de mayo 2021 [&hellip;]","og_url":"https:\/\/www.superbancos.gob.ec\/bancos\/la-superintendencia-de-bancos-rindio-cuentas-a-la-ciudadania\/","og_site_name":"Superintendencia de Bancos","article_published_time":"2021-05-16T20:11:43+00:00","article_modified_time":"2021-10-25T15:46:48+00:00","og_image":[{"width":1280,"height":720,"url":"https:\/\/www.superbancos.gob.ec\/bancos\/wp-content\/uploads\/2021\/05\/Foto-portada-nota-rendicion-cuentas-2020.jpeg","type":"image\/jpeg"}],"author":"Diego Buendia","twitter_card":"summary_large_image","schema":{"@context":"https:\/\/schema.org","@graph":[{"@type":"Article","@id":"https:\/\/www.superbancos.gob.ec\/bancos\/la-superintendencia-de-bancos-rindio-cuentas-a-la-ciudadania\/#article","isPartOf":{"@id":"https:\/\/www.superbancos.gob.ec\/bancos\/la-superintendencia-de-bancos-rindio-cuentas-a-la-ciudadania\/"},"author":{"name":"Diego Buendia","@id":"https:\/\/www.superbancos.gob.ec\/bancos\/#\/schema\/person\/c12770f5145f3723f3aa20c0aafac282"},"headline":"LA SUPERINTENDENCIA DE BANCOS RINDI\u00d3 CUENTAS A LA CIUDADAN\u00cdA","datePublished":"2021-05-16T20:11:43+00:00","dateModified":"2021-10-25T15:46:48+00:00","mainEntityOfPage":{"@id":"https:\/\/www.superbancos.gob.ec\/bancos\/la-superintendencia-de-bancos-rindio-cuentas-a-la-ciudadania\/"},"wordCount":1327,"publisher":{"@id":"https:\/\/www.superbancos.gob.ec\/bancos\/#organization"},"image":{"@id":"https:\/\/www.superbancos.gob.ec\/bancos\/la-superintendencia-de-bancos-rindio-cuentas-a-la-ciudadania\/#primaryimage"},"thumbnailUrl":"https:\/\/www.superbancos.gob.ec\/bancos\/wp-content\/uploads\/2021\/05\/Foto-portada-nota-rendicion-cuentas-2020.jpeg","articleSection":["Bolet\u00edn de prensa","Noticias","Noticias Destacadas"],"inLanguage":"es"},{"@type":"WebPage","@id":"https:\/\/www.superbancos.gob.ec\/bancos\/la-superintendencia-de-bancos-rindio-cuentas-a-la-ciudadania\/","url":"https:\/\/www.superbancos.gob.ec\/bancos\/la-superintendencia-de-bancos-rindio-cuentas-a-la-ciudadania\/","name":"LA SUPERINTENDENCIA DE BANCOS RINDI\u00d3 CUENTAS A LA CIUDADAN\u00cdA - Superintendencia de Bancos","isPartOf":{"@id":"https:\/\/www.superbancos.gob.ec\/bancos\/#website"},"primaryImageOfPage":{"@id":"https:\/\/www.superbancos.gob.ec\/bancos\/la-superintendencia-de-bancos-rindio-cuentas-a-la-ciudadania\/#primaryimage"},"image":{"@id":"https:\/\/www.superbancos.gob.ec\/bancos\/la-superintendencia-de-bancos-rindio-cuentas-a-la-ciudadania\/#primaryimage"},"thumbnailUrl":"https:\/\/www.superbancos.gob.ec\/bancos\/wp-content\/uploads\/2021\/05\/Foto-portada-nota-rendicion-cuentas-2020.jpeg","datePublished":"2021-05-16T20:11:43+00:00","dateModified":"2021-10-25T15:46:48+00:00","breadcrumb":{"@id":"https:\/\/www.superbancos.gob.ec\/bancos\/la-superintendencia-de-bancos-rindio-cuentas-a-la-ciudadania\/#breadcrumb"},"inLanguage":"es","potentialAction":[{"@type":"ReadAction","target":["https:\/\/www.superbancos.gob.ec\/bancos\/la-superintendencia-de-bancos-rindio-cuentas-a-la-ciudadania\/"]}]},{"@type":"ImageObject","inLanguage":"es","@id":"https:\/\/www.superbancos.gob.ec\/bancos\/la-superintendencia-de-bancos-rindio-cuentas-a-la-ciudadania\/#primaryimage","url":"https:\/\/www.superbancos.gob.ec\/bancos\/wp-content\/uploads\/2021\/05\/Foto-portada-nota-rendicion-cuentas-2020.jpeg","contentUrl":"https:\/\/www.superbancos.gob.ec\/bancos\/wp-content\/uploads\/2021\/05\/Foto-portada-nota-rendicion-cuentas-2020.jpeg","width":1280,"height":720},{"@type":"BreadcrumbList","@id":"https:\/\/www.superbancos.gob.ec\/bancos\/la-superintendencia-de-bancos-rindio-cuentas-a-la-ciudadania\/#breadcrumb","itemListElement":[{"@type":"ListItem","position":1,"name":"Portada","item":"https:\/\/www.superbancos.gob.ec\/bancos\/"},{"@type":"ListItem","position":2,"name":"LA SUPERINTENDENCIA DE BANCOS RINDI\u00d3 CUENTAS A LA CIUDADAN\u00cdA"}]},{"@type":"WebSite","@id":"https:\/\/www.superbancos.gob.ec\/bancos\/#website","url":"https:\/\/www.superbancos.gob.ec\/bancos\/","name":"Superintendencia de Bancos","description":"Organo de Control del Sistema Financiero Ecuatoriano.","publisher":{"@id":"https:\/\/www.superbancos.gob.ec\/bancos\/#organization"},"alternateName":"Super de Bancos","potentialAction":[{"@type":"SearchAction","target":{"@type":"EntryPoint","urlTemplate":"https:\/\/www.superbancos.gob.ec\/bancos\/?s={search_term_string}"},"query-input":{"@type":"PropertyValueSpecification","valueRequired":true,"valueName":"search_term_string"}}],"inLanguage":"es"},{"@type":"Organization","@id":"https:\/\/www.superbancos.gob.ec\/bancos\/#organization","name":"Superintendencia de Bancos","url":"https:\/\/www.superbancos.gob.ec\/bancos\/","logo":{"@type":"ImageObject","inLanguage":"es","@id":"https:\/\/www.superbancos.gob.ec\/bancos\/#\/schema\/logo\/image\/","url":"https:\/\/www.superbancos.gob.ec\/bancos\/wp-content\/uploads\/2022\/09\/Logo_Super.png","contentUrl":"https:\/\/www.superbancos.gob.ec\/bancos\/wp-content\/uploads\/2022\/09\/Logo_Super.png","width":340,"height":92,"caption":"Superintendencia de Bancos"},"image":{"@id":"https:\/\/www.superbancos.gob.ec\/bancos\/#\/schema\/logo\/image\/"}},{"@type":"Person","@id":"https:\/\/www.superbancos.gob.ec\/bancos\/#\/schema\/person\/c12770f5145f3723f3aa20c0aafac282","name":"Diego Buendia","image":{"@type":"ImageObject","inLanguage":"es","@id":"https:\/\/www.superbancos.gob.ec\/bancos\/#\/schema\/person\/image\/","url":"https:\/\/secure.gravatar.com\/avatar\/f2dcb31e604664a7d81f71d8260b45eb?s=96&d=mm&r=g","contentUrl":"https:\/\/secure.gravatar.com\/avatar\/f2dcb31e604664a7d81f71d8260b45eb?s=96&d=mm&r=g","caption":"Diego Buendia"},"url":"https:\/\/www.superbancos.gob.ec\/bancos\/author\/dbuendia\/"}]}},"_links":{"self":[{"href":"https:\/\/www.superbancos.gob.ec\/bancos\/wp-json\/wp\/v2\/posts\/12263"}],"collection":[{"href":"https:\/\/www.superbancos.gob.ec\/bancos\/wp-json\/wp\/v2\/posts"}],"about":[{"href":"https:\/\/www.superbancos.gob.ec\/bancos\/wp-json\/wp\/v2\/types\/post"}],"author":[{"embeddable":true,"href":"https:\/\/www.superbancos.gob.ec\/bancos\/wp-json\/wp\/v2\/users\/3"}],"replies":[{"embeddable":true,"href":"https:\/\/www.superbancos.gob.ec\/bancos\/wp-json\/wp\/v2\/comments?post=12263"}],"version-history":[{"count":21,"href":"https:\/\/www.superbancos.gob.ec\/bancos\/wp-json\/wp\/v2\/posts\/12263\/revisions"}],"predecessor-version":[{"id":13495,"href":"https:\/\/www.superbancos.gob.ec\/bancos\/wp-json\/wp\/v2\/posts\/12263\/revisions\/13495"}],"wp:featuredmedia":[{"embeddable":true,"href":"https:\/\/www.superbancos.gob.ec\/bancos\/wp-json\/wp\/v2\/media\/12265"}],"wp:attachment":[{"href":"https:\/\/www.superbancos.gob.ec\/bancos\/wp-json\/wp\/v2\/media?parent=12263"}],"wp:term":[{"taxonomy":"category","embeddable":true,"href":"https:\/\/www.superbancos.gob.ec\/bancos\/wp-json\/wp\/v2\/categories?post=12263"},{"taxonomy":"post_tag","embeddable":true,"href":"https:\/\/www.superbancos.gob.ec\/bancos\/wp-json\/wp\/v2\/tags?post=12263"}],"curies":[{"name":"wp","href":"https:\/\/api.w.org\/{rel}","templated":true}]}}