{"id":12791,"date":"2021-07-01T09:30:57","date_gmt":"2021-07-01T14:30:57","guid":{"rendered":"https:\/\/www.superbancos.gob.ec\/bancos\/?p=12791"},"modified":"2021-10-25T10:39:09","modified_gmt":"2021-10-25T15:39:09","slug":"superintendente-de-bancos-participo-en-el-conversatorio-la-liquidez-y-solidez-bancaria-en-la-pandemia-organizado-por-asomif","status":"publish","type":"post","link":"https:\/\/www.superbancos.gob.ec\/bancos\/superintendente-de-bancos-participo-en-el-conversatorio-la-liquidez-y-solidez-bancaria-en-la-pandemia-organizado-por-asomif\/","title":{"rendered":"Superintendente de Bancos particip\u00f3 en el conversatorio \u201cLA LIQUIDEZ Y SOLIDEZ BANCARIA EN LA PANDEMIA\u201d organizado por ASOMIF"},"content":{"rendered":"<p>Ruth Arregui Solano, m\u00e1xima autoridad de la SB, particip\u00f3 en el conversatorio organizado por ASOMIF (Asociaci\u00f3n de Instituciones de Micro finanzas), resalt\u00f3 las\u00a0 medidas integrales propuestas e implementadas para contribuir a la estabilidad del sistema bancario, la protecci\u00f3n de los depositantes, afiliados y pensionistas, en apego a las mejores pr\u00e1cticas internacionales.<\/p>\n<p>Coment\u00f3 que actualmente se implementa todas las reformas que se produjeron en el COMF con la probaci\u00f3n de la Ley de la Defensa de la Dolarizaci\u00f3n , adem\u00e1s destac\u00f3 que se continua con el trabajo para llevar al sistema financiero al est\u00e1ndar de Basilea III a trav\u00e9s de cambios normativos, reformas, adopci\u00f3n de metodolog\u00edas, y mejorar la capacidad de la Superintendencia de Bancos en cuanto los estudios y an\u00e1lisis en el desarrollo del juicio experto.<\/p>\n<p>Finalmente, explic\u00f3 que en la inclusi\u00f3n financiera es fundamental los medios de pago que se faciliten las transacciones al usuario financiero, adem\u00e1s se requiere una pol\u00edtica p\u00fablica que proporcione: alfabetizaci\u00f3n, educaci\u00f3n y cultura financiera.<\/p>\n<p><img fetchpriority=\"high\" decoding=\"async\" class=\"aligncenter size-full wp-image-10903\" src=\"https:\/\/www.superbancos.gob.ec\/bancos\/wp-content\/uploads\/2020\/10\/grafico-medidas-temporales.png\" alt=\"\" width=\"750\" height=\"399\" srcset=\"https:\/\/www.superbancos.gob.ec\/bancos\/wp-content\/uploads\/2020\/10\/grafico-medidas-temporales.png 750w, https:\/\/www.superbancos.gob.ec\/bancos\/wp-content\/uploads\/2020\/10\/grafico-medidas-temporales-300x160.png 300w\" sizes=\"(max-width: 750px) 100vw, 750px\" \/><\/p>\n<p><em><strong>Quito, 01 de julio 2021<\/strong><\/em><\/p>\n","protected":false},"excerpt":{"rendered":"<p>Ruth Arregui Solano, m\u00e1xima autoridad de la SB, particip\u00f3 en el conversatorio organizado por ASOMIF (Asociaci\u00f3n de Instituciones de Micro finanzas), resalt\u00f3 las\u00a0 medidas integrales propuestas e implementadas para contribuir a la estabilidad del sistema bancario, la protecci\u00f3n de los depositantes, afiliados y pensionistas, en apego a las mejores pr\u00e1cticas internacionales. Coment\u00f3 que actualmente se [&hellip;]<\/p>\n","protected":false},"author":3,"featured_media":12792,"comment_status":"closed","ping_status":"closed","sticky":false,"template":"","format":"standard","meta":{"footnotes":""},"categories":[114,5],"tags":[],"class_list":["post-12791","post","type-post","status-publish","format-standard","has-post-thumbnail","hentry","category-boletin-de-prensa","category-noticias"],"yoast_head":"<!-- This site is optimized with the Yoast SEO plugin v25.4 - https:\/\/yoast.com\/wordpress\/plugins\/seo\/ -->\n<title>Superintendente de Bancos particip\u00f3 en el conversatorio \u201cLA LIQUIDEZ Y SOLIDEZ BANCARIA EN LA PANDEMIA\u201d organizado por ASOMIF - Superintendencia de Bancos<\/title>\n<meta name=\"robots\" content=\"index, follow, max-snippet:-1, max-image-preview:large, max-video-preview:-1\" \/>\n<link rel=\"canonical\" href=\"https:\/\/www.superbancos.gob.ec\/bancos\/superintendente-de-bancos-participo-en-el-conversatorio-la-liquidez-y-solidez-bancaria-en-la-pandemia-organizado-por-asomif\/\" \/>\n<meta property=\"og:locale\" content=\"es_ES\" \/>\n<meta property=\"og:type\" content=\"article\" \/>\n<meta property=\"og:title\" content=\"Superintendente de Bancos particip\u00f3 en el conversatorio \u201cLA LIQUIDEZ Y SOLIDEZ BANCARIA EN LA PANDEMIA\u201d organizado por ASOMIF - Superintendencia de Bancos\" \/>\n<meta property=\"og:description\" content=\"Ruth Arregui Solano, m\u00e1xima autoridad de la SB, particip\u00f3 en el conversatorio organizado por ASOMIF (Asociaci\u00f3n de Instituciones de Micro finanzas), resalt\u00f3 las\u00a0 medidas integrales propuestas e implementadas para contribuir a la estabilidad del sistema bancario, la protecci\u00f3n de los depositantes, afiliados y pensionistas, en apego a las mejores pr\u00e1cticas internacionales. Coment\u00f3 que actualmente se [&hellip;]\" \/>\n<meta property=\"og:url\" content=\"https:\/\/www.superbancos.gob.ec\/bancos\/superintendente-de-bancos-participo-en-el-conversatorio-la-liquidez-y-solidez-bancaria-en-la-pandemia-organizado-por-asomif\/\" \/>\n<meta property=\"og:site_name\" content=\"Superintendencia de Bancos\" \/>\n<meta property=\"article:published_time\" content=\"2021-07-01T14:30:57+00:00\" \/>\n<meta property=\"article:modified_time\" content=\"2021-10-25T15:39:09+00:00\" \/>\n<meta property=\"og:image\" content=\"https:\/\/www.superbancos.gob.ec\/bancos\/wp-content\/uploads\/2021\/07\/foto-conversatorio-ASOMIF.jpeg\" \/>\n\t<meta property=\"og:image:width\" content=\"1280\" \/>\n\t<meta property=\"og:image:height\" content=\"715\" \/>\n\t<meta property=\"og:image:type\" content=\"image\/jpeg\" \/>\n<meta name=\"author\" content=\"Diego Buendia\" \/>\n<meta name=\"twitter:card\" content=\"summary_large_image\" \/>\n<script type=\"application\/ld+json\" class=\"yoast-schema-graph\">{\"@context\":\"https:\/\/schema.org\",\"@graph\":[{\"@type\":\"Article\",\"@id\":\"https:\/\/www.superbancos.gob.ec\/bancos\/superintendente-de-bancos-participo-en-el-conversatorio-la-liquidez-y-solidez-bancaria-en-la-pandemia-organizado-por-asomif\/#article\",\"isPartOf\":{\"@id\":\"https:\/\/www.superbancos.gob.ec\/bancos\/superintendente-de-bancos-participo-en-el-conversatorio-la-liquidez-y-solidez-bancaria-en-la-pandemia-organizado-por-asomif\/\"},\"author\":{\"name\":\"Diego Buendia\",\"@id\":\"https:\/\/www.superbancos.gob.ec\/bancos\/#\/schema\/person\/c12770f5145f3723f3aa20c0aafac282\"},\"headline\":\"Superintendente de Bancos particip\u00f3 en el conversatorio \u201cLA LIQUIDEZ Y SOLIDEZ BANCARIA EN LA PANDEMIA\u201d organizado por ASOMIF\",\"datePublished\":\"2021-07-01T14:30:57+00:00\",\"dateModified\":\"2021-10-25T15:39:09+00:00\",\"mainEntityOfPage\":{\"@id\":\"https:\/\/www.superbancos.gob.ec\/bancos\/superintendente-de-bancos-participo-en-el-conversatorio-la-liquidez-y-solidez-bancaria-en-la-pandemia-organizado-por-asomif\/\"},\"wordCount\":198,\"publisher\":{\"@id\":\"https:\/\/www.superbancos.gob.ec\/bancos\/#organization\"},\"image\":{\"@id\":\"https:\/\/www.superbancos.gob.ec\/bancos\/superintendente-de-bancos-participo-en-el-conversatorio-la-liquidez-y-solidez-bancaria-en-la-pandemia-organizado-por-asomif\/#primaryimage\"},\"thumbnailUrl\":\"https:\/\/www.superbancos.gob.ec\/bancos\/wp-content\/uploads\/2021\/07\/foto-conversatorio-ASOMIF.jpeg\",\"articleSection\":[\"Bolet\u00edn de prensa\",\"Noticias\"],\"inLanguage\":\"es\"},{\"@type\":\"WebPage\",\"@id\":\"https:\/\/www.superbancos.gob.ec\/bancos\/superintendente-de-bancos-participo-en-el-conversatorio-la-liquidez-y-solidez-bancaria-en-la-pandemia-organizado-por-asomif\/\",\"url\":\"https:\/\/www.superbancos.gob.ec\/bancos\/superintendente-de-bancos-participo-en-el-conversatorio-la-liquidez-y-solidez-bancaria-en-la-pandemia-organizado-por-asomif\/\",\"name\":\"Superintendente de Bancos particip\u00f3 en el conversatorio \u201cLA LIQUIDEZ Y SOLIDEZ BANCARIA EN LA PANDEMIA\u201d organizado por ASOMIF - Superintendencia de Bancos\",\"isPartOf\":{\"@id\":\"https:\/\/www.superbancos.gob.ec\/bancos\/#website\"},\"primaryImageOfPage\":{\"@id\":\"https:\/\/www.superbancos.gob.ec\/bancos\/superintendente-de-bancos-participo-en-el-conversatorio-la-liquidez-y-solidez-bancaria-en-la-pandemia-organizado-por-asomif\/#primaryimage\"},\"image\":{\"@id\":\"https:\/\/www.superbancos.gob.ec\/bancos\/superintendente-de-bancos-participo-en-el-conversatorio-la-liquidez-y-solidez-bancaria-en-la-pandemia-organizado-por-asomif\/#primaryimage\"},\"thumbnailUrl\":\"https:\/\/www.superbancos.gob.ec\/bancos\/wp-content\/uploads\/2021\/07\/foto-conversatorio-ASOMIF.jpeg\",\"datePublished\":\"2021-07-01T14:30:57+00:00\",\"dateModified\":\"2021-10-25T15:39:09+00:00\",\"breadcrumb\":{\"@id\":\"https:\/\/www.superbancos.gob.ec\/bancos\/superintendente-de-bancos-participo-en-el-conversatorio-la-liquidez-y-solidez-bancaria-en-la-pandemia-organizado-por-asomif\/#breadcrumb\"},\"inLanguage\":\"es\",\"potentialAction\":[{\"@type\":\"ReadAction\",\"target\":[\"https:\/\/www.superbancos.gob.ec\/bancos\/superintendente-de-bancos-participo-en-el-conversatorio-la-liquidez-y-solidez-bancaria-en-la-pandemia-organizado-por-asomif\/\"]}]},{\"@type\":\"ImageObject\",\"inLanguage\":\"es\",\"@id\":\"https:\/\/www.superbancos.gob.ec\/bancos\/superintendente-de-bancos-participo-en-el-conversatorio-la-liquidez-y-solidez-bancaria-en-la-pandemia-organizado-por-asomif\/#primaryimage\",\"url\":\"https:\/\/www.superbancos.gob.ec\/bancos\/wp-content\/uploads\/2021\/07\/foto-conversatorio-ASOMIF.jpeg\",\"contentUrl\":\"https:\/\/www.superbancos.gob.ec\/bancos\/wp-content\/uploads\/2021\/07\/foto-conversatorio-ASOMIF.jpeg\",\"width\":1280,\"height\":715},{\"@type\":\"BreadcrumbList\",\"@id\":\"https:\/\/www.superbancos.gob.ec\/bancos\/superintendente-de-bancos-participo-en-el-conversatorio-la-liquidez-y-solidez-bancaria-en-la-pandemia-organizado-por-asomif\/#breadcrumb\",\"itemListElement\":[{\"@type\":\"ListItem\",\"position\":1,\"name\":\"Portada\",\"item\":\"https:\/\/www.superbancos.gob.ec\/bancos\/\"},{\"@type\":\"ListItem\",\"position\":2,\"name\":\"Superintendente de Bancos particip\u00f3 en el conversatorio \u201cLA LIQUIDEZ Y SOLIDEZ BANCARIA EN LA PANDEMIA\u201d organizado por ASOMIF\"}]},{\"@type\":\"WebSite\",\"@id\":\"https:\/\/www.superbancos.gob.ec\/bancos\/#website\",\"url\":\"https:\/\/www.superbancos.gob.ec\/bancos\/\",\"name\":\"Superintendencia de Bancos\",\"description\":\"Organo de Control del Sistema Financiero Ecuatoriano.\",\"publisher\":{\"@id\":\"https:\/\/www.superbancos.gob.ec\/bancos\/#organization\"},\"alternateName\":\"Super de Bancos\",\"potentialAction\":[{\"@type\":\"SearchAction\",\"target\":{\"@type\":\"EntryPoint\",\"urlTemplate\":\"https:\/\/www.superbancos.gob.ec\/bancos\/?s={search_term_string}\"},\"query-input\":{\"@type\":\"PropertyValueSpecification\",\"valueRequired\":true,\"valueName\":\"search_term_string\"}}],\"inLanguage\":\"es\"},{\"@type\":\"Organization\",\"@id\":\"https:\/\/www.superbancos.gob.ec\/bancos\/#organization\",\"name\":\"Superintendencia de Bancos\",\"url\":\"https:\/\/www.superbancos.gob.ec\/bancos\/\",\"logo\":{\"@type\":\"ImageObject\",\"inLanguage\":\"es\",\"@id\":\"https:\/\/www.superbancos.gob.ec\/bancos\/#\/schema\/logo\/image\/\",\"url\":\"https:\/\/www.superbancos.gob.ec\/bancos\/wp-content\/uploads\/2022\/09\/Logo_Super.png\",\"contentUrl\":\"https:\/\/www.superbancos.gob.ec\/bancos\/wp-content\/uploads\/2022\/09\/Logo_Super.png\",\"width\":340,\"height\":92,\"caption\":\"Superintendencia de Bancos\"},\"image\":{\"@id\":\"https:\/\/www.superbancos.gob.ec\/bancos\/#\/schema\/logo\/image\/\"}},{\"@type\":\"Person\",\"@id\":\"https:\/\/www.superbancos.gob.ec\/bancos\/#\/schema\/person\/c12770f5145f3723f3aa20c0aafac282\",\"name\":\"Diego Buendia\",\"image\":{\"@type\":\"ImageObject\",\"inLanguage\":\"es\",\"@id\":\"https:\/\/www.superbancos.gob.ec\/bancos\/#\/schema\/person\/image\/\",\"url\":\"https:\/\/secure.gravatar.com\/avatar\/f2dcb31e604664a7d81f71d8260b45eb?s=96&d=mm&r=g\",\"contentUrl\":\"https:\/\/secure.gravatar.com\/avatar\/f2dcb31e604664a7d81f71d8260b45eb?s=96&d=mm&r=g\",\"caption\":\"Diego Buendia\"},\"url\":\"https:\/\/www.superbancos.gob.ec\/bancos\/author\/dbuendia\/\"}]}<\/script>\n<!-- \/ Yoast SEO plugin. -->","yoast_head_json":{"title":"Superintendente de Bancos particip\u00f3 en el conversatorio \u201cLA LIQUIDEZ Y SOLIDEZ BANCARIA EN LA PANDEMIA\u201d organizado por ASOMIF - Superintendencia de Bancos","robots":{"index":"index","follow":"follow","max-snippet":"max-snippet:-1","max-image-preview":"max-image-preview:large","max-video-preview":"max-video-preview:-1"},"canonical":"https:\/\/www.superbancos.gob.ec\/bancos\/superintendente-de-bancos-participo-en-el-conversatorio-la-liquidez-y-solidez-bancaria-en-la-pandemia-organizado-por-asomif\/","og_locale":"es_ES","og_type":"article","og_title":"Superintendente de Bancos particip\u00f3 en el conversatorio \u201cLA LIQUIDEZ Y SOLIDEZ BANCARIA EN LA PANDEMIA\u201d organizado por ASOMIF - Superintendencia de Bancos","og_description":"Ruth Arregui Solano, m\u00e1xima autoridad de la SB, particip\u00f3 en el conversatorio organizado por ASOMIF (Asociaci\u00f3n de Instituciones de Micro finanzas), resalt\u00f3 las\u00a0 medidas integrales propuestas e implementadas para contribuir a la estabilidad del sistema bancario, la protecci\u00f3n de los depositantes, afiliados y pensionistas, en apego a las mejores pr\u00e1cticas internacionales. Coment\u00f3 que actualmente se [&hellip;]","og_url":"https:\/\/www.superbancos.gob.ec\/bancos\/superintendente-de-bancos-participo-en-el-conversatorio-la-liquidez-y-solidez-bancaria-en-la-pandemia-organizado-por-asomif\/","og_site_name":"Superintendencia de Bancos","article_published_time":"2021-07-01T14:30:57+00:00","article_modified_time":"2021-10-25T15:39:09+00:00","og_image":[{"width":1280,"height":715,"url":"https:\/\/www.superbancos.gob.ec\/bancos\/wp-content\/uploads\/2021\/07\/foto-conversatorio-ASOMIF.jpeg","type":"image\/jpeg"}],"author":"Diego Buendia","twitter_card":"summary_large_image","schema":{"@context":"https:\/\/schema.org","@graph":[{"@type":"Article","@id":"https:\/\/www.superbancos.gob.ec\/bancos\/superintendente-de-bancos-participo-en-el-conversatorio-la-liquidez-y-solidez-bancaria-en-la-pandemia-organizado-por-asomif\/#article","isPartOf":{"@id":"https:\/\/www.superbancos.gob.ec\/bancos\/superintendente-de-bancos-participo-en-el-conversatorio-la-liquidez-y-solidez-bancaria-en-la-pandemia-organizado-por-asomif\/"},"author":{"name":"Diego Buendia","@id":"https:\/\/www.superbancos.gob.ec\/bancos\/#\/schema\/person\/c12770f5145f3723f3aa20c0aafac282"},"headline":"Superintendente de Bancos particip\u00f3 en el conversatorio \u201cLA LIQUIDEZ Y SOLIDEZ BANCARIA EN LA PANDEMIA\u201d organizado por ASOMIF","datePublished":"2021-07-01T14:30:57+00:00","dateModified":"2021-10-25T15:39:09+00:00","mainEntityOfPage":{"@id":"https:\/\/www.superbancos.gob.ec\/bancos\/superintendente-de-bancos-participo-en-el-conversatorio-la-liquidez-y-solidez-bancaria-en-la-pandemia-organizado-por-asomif\/"},"wordCount":198,"publisher":{"@id":"https:\/\/www.superbancos.gob.ec\/bancos\/#organization"},"image":{"@id":"https:\/\/www.superbancos.gob.ec\/bancos\/superintendente-de-bancos-participo-en-el-conversatorio-la-liquidez-y-solidez-bancaria-en-la-pandemia-organizado-por-asomif\/#primaryimage"},"thumbnailUrl":"https:\/\/www.superbancos.gob.ec\/bancos\/wp-content\/uploads\/2021\/07\/foto-conversatorio-ASOMIF.jpeg","articleSection":["Bolet\u00edn de prensa","Noticias"],"inLanguage":"es"},{"@type":"WebPage","@id":"https:\/\/www.superbancos.gob.ec\/bancos\/superintendente-de-bancos-participo-en-el-conversatorio-la-liquidez-y-solidez-bancaria-en-la-pandemia-organizado-por-asomif\/","url":"https:\/\/www.superbancos.gob.ec\/bancos\/superintendente-de-bancos-participo-en-el-conversatorio-la-liquidez-y-solidez-bancaria-en-la-pandemia-organizado-por-asomif\/","name":"Superintendente de Bancos particip\u00f3 en el conversatorio \u201cLA LIQUIDEZ Y SOLIDEZ BANCARIA EN LA PANDEMIA\u201d organizado por ASOMIF - Superintendencia de Bancos","isPartOf":{"@id":"https:\/\/www.superbancos.gob.ec\/bancos\/#website"},"primaryImageOfPage":{"@id":"https:\/\/www.superbancos.gob.ec\/bancos\/superintendente-de-bancos-participo-en-el-conversatorio-la-liquidez-y-solidez-bancaria-en-la-pandemia-organizado-por-asomif\/#primaryimage"},"image":{"@id":"https:\/\/www.superbancos.gob.ec\/bancos\/superintendente-de-bancos-participo-en-el-conversatorio-la-liquidez-y-solidez-bancaria-en-la-pandemia-organizado-por-asomif\/#primaryimage"},"thumbnailUrl":"https:\/\/www.superbancos.gob.ec\/bancos\/wp-content\/uploads\/2021\/07\/foto-conversatorio-ASOMIF.jpeg","datePublished":"2021-07-01T14:30:57+00:00","dateModified":"2021-10-25T15:39:09+00:00","breadcrumb":{"@id":"https:\/\/www.superbancos.gob.ec\/bancos\/superintendente-de-bancos-participo-en-el-conversatorio-la-liquidez-y-solidez-bancaria-en-la-pandemia-organizado-por-asomif\/#breadcrumb"},"inLanguage":"es","potentialAction":[{"@type":"ReadAction","target":["https:\/\/www.superbancos.gob.ec\/bancos\/superintendente-de-bancos-participo-en-el-conversatorio-la-liquidez-y-solidez-bancaria-en-la-pandemia-organizado-por-asomif\/"]}]},{"@type":"ImageObject","inLanguage":"es","@id":"https:\/\/www.superbancos.gob.ec\/bancos\/superintendente-de-bancos-participo-en-el-conversatorio-la-liquidez-y-solidez-bancaria-en-la-pandemia-organizado-por-asomif\/#primaryimage","url":"https:\/\/www.superbancos.gob.ec\/bancos\/wp-content\/uploads\/2021\/07\/foto-conversatorio-ASOMIF.jpeg","contentUrl":"https:\/\/www.superbancos.gob.ec\/bancos\/wp-content\/uploads\/2021\/07\/foto-conversatorio-ASOMIF.jpeg","width":1280,"height":715},{"@type":"BreadcrumbList","@id":"https:\/\/www.superbancos.gob.ec\/bancos\/superintendente-de-bancos-participo-en-el-conversatorio-la-liquidez-y-solidez-bancaria-en-la-pandemia-organizado-por-asomif\/#breadcrumb","itemListElement":[{"@type":"ListItem","position":1,"name":"Portada","item":"https:\/\/www.superbancos.gob.ec\/bancos\/"},{"@type":"ListItem","position":2,"name":"Superintendente de Bancos particip\u00f3 en el conversatorio \u201cLA LIQUIDEZ Y SOLIDEZ BANCARIA EN LA PANDEMIA\u201d organizado por ASOMIF"}]},{"@type":"WebSite","@id":"https:\/\/www.superbancos.gob.ec\/bancos\/#website","url":"https:\/\/www.superbancos.gob.ec\/bancos\/","name":"Superintendencia de Bancos","description":"Organo de Control del Sistema Financiero Ecuatoriano.","publisher":{"@id":"https:\/\/www.superbancos.gob.ec\/bancos\/#organization"},"alternateName":"Super de Bancos","potentialAction":[{"@type":"SearchAction","target":{"@type":"EntryPoint","urlTemplate":"https:\/\/www.superbancos.gob.ec\/bancos\/?s={search_term_string}"},"query-input":{"@type":"PropertyValueSpecification","valueRequired":true,"valueName":"search_term_string"}}],"inLanguage":"es"},{"@type":"Organization","@id":"https:\/\/www.superbancos.gob.ec\/bancos\/#organization","name":"Superintendencia de Bancos","url":"https:\/\/www.superbancos.gob.ec\/bancos\/","logo":{"@type":"ImageObject","inLanguage":"es","@id":"https:\/\/www.superbancos.gob.ec\/bancos\/#\/schema\/logo\/image\/","url":"https:\/\/www.superbancos.gob.ec\/bancos\/wp-content\/uploads\/2022\/09\/Logo_Super.png","contentUrl":"https:\/\/www.superbancos.gob.ec\/bancos\/wp-content\/uploads\/2022\/09\/Logo_Super.png","width":340,"height":92,"caption":"Superintendencia de Bancos"},"image":{"@id":"https:\/\/www.superbancos.gob.ec\/bancos\/#\/schema\/logo\/image\/"}},{"@type":"Person","@id":"https:\/\/www.superbancos.gob.ec\/bancos\/#\/schema\/person\/c12770f5145f3723f3aa20c0aafac282","name":"Diego Buendia","image":{"@type":"ImageObject","inLanguage":"es","@id":"https:\/\/www.superbancos.gob.ec\/bancos\/#\/schema\/person\/image\/","url":"https:\/\/secure.gravatar.com\/avatar\/f2dcb31e604664a7d81f71d8260b45eb?s=96&d=mm&r=g","contentUrl":"https:\/\/secure.gravatar.com\/avatar\/f2dcb31e604664a7d81f71d8260b45eb?s=96&d=mm&r=g","caption":"Diego Buendia"},"url":"https:\/\/www.superbancos.gob.ec\/bancos\/author\/dbuendia\/"}]}},"_links":{"self":[{"href":"https:\/\/www.superbancos.gob.ec\/bancos\/wp-json\/wp\/v2\/posts\/12791"}],"collection":[{"href":"https:\/\/www.superbancos.gob.ec\/bancos\/wp-json\/wp\/v2\/posts"}],"about":[{"href":"https:\/\/www.superbancos.gob.ec\/bancos\/wp-json\/wp\/v2\/types\/post"}],"author":[{"embeddable":true,"href":"https:\/\/www.superbancos.gob.ec\/bancos\/wp-json\/wp\/v2\/users\/3"}],"replies":[{"embeddable":true,"href":"https:\/\/www.superbancos.gob.ec\/bancos\/wp-json\/wp\/v2\/comments?post=12791"}],"version-history":[{"count":3,"href":"https:\/\/www.superbancos.gob.ec\/bancos\/wp-json\/wp\/v2\/posts\/12791\/revisions"}],"predecessor-version":[{"id":13487,"href":"https:\/\/www.superbancos.gob.ec\/bancos\/wp-json\/wp\/v2\/posts\/12791\/revisions\/13487"}],"wp:featuredmedia":[{"embeddable":true,"href":"https:\/\/www.superbancos.gob.ec\/bancos\/wp-json\/wp\/v2\/media\/12792"}],"wp:attachment":[{"href":"https:\/\/www.superbancos.gob.ec\/bancos\/wp-json\/wp\/v2\/media?parent=12791"}],"wp:term":[{"taxonomy":"category","embeddable":true,"href":"https:\/\/www.superbancos.gob.ec\/bancos\/wp-json\/wp\/v2\/categories?post=12791"},{"taxonomy":"post_tag","embeddable":true,"href":"https:\/\/www.superbancos.gob.ec\/bancos\/wp-json\/wp\/v2\/tags?post=12791"}],"curies":[{"name":"wp","href":"https:\/\/api.w.org\/{rel}","templated":true}]}}