{"id":33416,"date":"2024-05-28T15:22:30","date_gmt":"2024-05-28T20:22:30","guid":{"rendered":"https:\/\/www.superbancos.gob.ec\/bancos\/?p=33416"},"modified":"2024-05-29T09:26:12","modified_gmt":"2024-05-29T14:26:12","slug":"fiesta-civica-del-24-de-mayo-batalla-de-pichincha-y-presentacion-del-informe-a-la-nacion-en-la-asamblea-nacional","status":"publish","type":"post","link":"https:\/\/www.superbancos.gob.ec\/bancos\/fiesta-civica-del-24-de-mayo-batalla-de-pichincha-y-presentacion-del-informe-a-la-nacion-en-la-asamblea-nacional\/","title":{"rendered":"Fiesta C\u00edvica del 24 de mayo: Batalla de Pichincha y presentaci\u00f3n del Informe a la Naci\u00f3n en la Asamblea Nacional"},"content":{"rendered":"\t\t<div data-elementor-type=\"wp-post\" data-elementor-id=\"33416\" class=\"elementor elementor-33416\" data-elementor-post-type=\"post\">\n\t\t\t\t\t\t<section data-particle_enable=\"false\" data-particle-mobile-disabled=\"false\" class=\"elementor-section elementor-top-section elementor-element elementor-element-3f081b58 elementor-section-boxed elementor-section-height-default elementor-section-height-default\" data-id=\"3f081b58\" data-element_type=\"section\">\n\t\t\t\t\t\t<div class=\"elementor-container elementor-column-gap-default\">\n\t\t\t\t\t<div class=\"elementor-column elementor-col-100 elementor-top-column elementor-element elementor-element-7f914cd0\" data-id=\"7f914cd0\" data-element_type=\"column\">\n\t\t\t<div class=\"elementor-widget-wrap elementor-element-populated\">\n\t\t\t\t\t\t<div class=\"elementor-element elementor-element-2302ba57 elementor-widget elementor-widget-text-editor\" data-id=\"2302ba57\" data-element_type=\"widget\" data-widget_type=\"text-editor.default\">\n\t\t\t\t<div class=\"elementor-widget-container\">\n\t\t\t\t\t\t\t<p>En el marco de la gesta hist\u00f3rica de la Batalla de Pichincha, la Superintendente de Bancos (S) Antonieta Guadalupe Cabezas asisti\u00f3 a la Ceremonia Militar, llevada a cabo en la Cima de la Liberta al sur oriente de Quito, \u00a0donde se realiz\u00f3 el <strong>\u00abRelevo de la Guardia de Honor en el Templo de la Patria y Revista de Comisario del Grupo de Caballer\u00eda Yaguachi\u00bb<\/strong> un acto simb\u00f3lico, destinado a recordar y celebrar la valent\u00eda y el patriotismo de los h\u00e9roes que sacrificaron su vida en la Batalla \u00a0librada el 24 de mayo de 1822.\u00a0 El Evento cont\u00f3 con la presencia de autoridades nacionales internacionales civiles y militares.<\/p><p>Continuamos con la jornada en la Sesi\u00f3n Solemne en la Asamblea Nacional, evento en el cual el presidente Constitucional de la Rep\u00fablica del Ecuador, Daniel Noboa, present\u00f3 su Informe a la Naci\u00f3n.<\/p><p>La Jornada hist\u00f3rica del 24 de mayo constituye una oportunidad para que los ecuatorianos reafirmemos nuestro compromiso por la paz, la libertad y el desarrollo de nuestro Pa\u00eds.<\/p>\t\t\t\t\t\t<\/div>\n\t\t\t\t<\/div>\n\t\t\t\t\t<\/div>\n\t\t<\/div>\n\t\t\t\t\t<\/div>\n\t\t<\/section>\n\t\t\t\t<section data-particle_enable=\"false\" data-particle-mobile-disabled=\"false\" class=\"elementor-section elementor-top-section elementor-element elementor-element-0536e5b elementor-section-boxed elementor-section-height-default elementor-section-height-default\" data-id=\"0536e5b\" data-element_type=\"section\">\n\t\t\t\t\t\t<div class=\"elementor-container elementor-column-gap-default\">\n\t\t\t\t\t<div class=\"elementor-column elementor-col-100 elementor-top-column elementor-element elementor-element-32c8bb2\" data-id=\"32c8bb2\" data-element_type=\"column\">\n\t\t\t<div class=\"elementor-widget-wrap elementor-element-populated\">\n\t\t\t\t\t\t<div class=\"elementor-element elementor-element-b08954f elementor-arrows-position-outside elementor-pagination-position-outside elementor-widget elementor-widget-image-carousel\" data-id=\"b08954f\" data-element_type=\"widget\" data-settings=\"{&quot;slides_to_show&quot;:&quot;1&quot;,&quot;effect&quot;:&quot;fade&quot;,&quot;navigation&quot;:&quot;both&quot;,&quot;autoplay&quot;:&quot;yes&quot;,&quot;pause_on_hover&quot;:&quot;yes&quot;,&quot;pause_on_interaction&quot;:&quot;yes&quot;,&quot;autoplay_speed&quot;:5000,&quot;infinite&quot;:&quot;yes&quot;,&quot;speed&quot;:500}\" data-widget_type=\"image-carousel.default\">\n\t\t\t\t<div class=\"elementor-widget-container\">\n\t\t\t\t\t<div class=\"elementor-image-carousel-wrapper swiper\" dir=\"ltr\">\n\t\t\t<div class=\"elementor-image-carousel swiper-wrapper\" aria-live=\"off\">\n\t\t\t\t\t\t\t\t<div class=\"swiper-slide\" role=\"group\" aria-roledescription=\"slide\" aria-label=\"1 de 3\"><figure class=\"swiper-slide-inner\"><img decoding=\"async\" class=\"swiper-slide-image\" src=\"https:\/\/www.superbancos.gob.ec\/bancos\/wp-content\/uploads\/2024\/05\/foto-nota-24-mayo-768x435.jpg\" alt=\"foto nota 24 mayo\" \/><\/figure><\/div><div class=\"swiper-slide\" role=\"group\" aria-roledescription=\"slide\" aria-label=\"2 de 3\"><figure class=\"swiper-slide-inner\"><img decoding=\"async\" class=\"swiper-slide-image\" src=\"https:\/\/www.superbancos.gob.ec\/bancos\/wp-content\/uploads\/2024\/05\/foto-nota-24-mayo-5-768x435.jpg\" alt=\"foto nota 24 mayo 5\" \/><\/figure><\/div><div class=\"swiper-slide\" role=\"group\" aria-roledescription=\"slide\" aria-label=\"3 de 3\"><figure class=\"swiper-slide-inner\"><img decoding=\"async\" class=\"swiper-slide-image\" src=\"https:\/\/www.superbancos.gob.ec\/bancos\/wp-content\/uploads\/2024\/05\/foto-nota-24-mayo-6-768x435.jpg\" alt=\"foto nota 24 mayo 6\" \/><\/figure><\/div>\t\t\t<\/div>\n\t\t\t\t\t\t\t\t\t\t\t\t<div class=\"elementor-swiper-button elementor-swiper-button-prev\" role=\"button\" tabindex=\"0\">\n\t\t\t\t\t\t<i aria-hidden=\"true\" class=\"eicon-chevron-left\"><\/i>\t\t\t\t\t<\/div>\n\t\t\t\t\t<div class=\"elementor-swiper-button elementor-swiper-button-next\" role=\"button\" tabindex=\"0\">\n\t\t\t\t\t\t<i aria-hidden=\"true\" class=\"eicon-chevron-right\"><\/i>\t\t\t\t\t<\/div>\n\t\t\t\t\n\t\t\t\t\t\t\t\t\t<div class=\"swiper-pagination\"><\/div>\n\t\t\t\t\t\t\t\t\t<\/div>\n\t\t\t\t<\/div>\n\t\t\t\t<\/div>\n\t\t\t\t\t<\/div>\n\t\t<\/div>\n\t\t\t\t\t<\/div>\n\t\t<\/section>\n\t\t\t\t<\/div>\n\t\t","protected":false},"excerpt":{"rendered":"<p>En el marco de la gesta hist\u00f3rica de la Batalla de Pichincha, la Superintendente de Bancos (S) Antonieta Guadalupe Cabezas asisti\u00f3 a la Ceremonia Militar, llevada a cabo en la Cima de la Liberta al sur oriente de Quito, \u00a0donde se realiz\u00f3 el \u00abRelevo de la Guardia de Honor en el Templo de la Patria [&hellip;]<\/p>\n","protected":false},"author":832,"featured_media":33419,"comment_status":"closed","ping_status":"open","sticky":false,"template":"","format":"standard","meta":{"footnotes":""},"categories":[114,5],"tags":[],"class_list":["post-33416","post","type-post","status-publish","format-standard","has-post-thumbnail","hentry","category-boletin-de-prensa","category-noticias"],"yoast_head":"<!-- This site is optimized with the Yoast SEO plugin v25.4 - https:\/\/yoast.com\/wordpress\/plugins\/seo\/ -->\n<title>Fiesta C\u00edvica del 24 de mayo: Batalla de Pichincha y presentaci\u00f3n del Informe a la Naci\u00f3n en la Asamblea Nacional - Superintendencia de Bancos<\/title>\n<meta name=\"robots\" content=\"index, follow, max-snippet:-1, max-image-preview:large, max-video-preview:-1\" \/>\n<link rel=\"canonical\" href=\"https:\/\/www.superbancos.gob.ec\/bancos\/fiesta-civica-del-24-de-mayo-batalla-de-pichincha-y-presentacion-del-informe-a-la-nacion-en-la-asamblea-nacional\/\" \/>\n<meta property=\"og:locale\" content=\"es_ES\" \/>\n<meta property=\"og:type\" content=\"article\" \/>\n<meta property=\"og:title\" content=\"Fiesta C\u00edvica del 24 de mayo: Batalla de Pichincha y presentaci\u00f3n del Informe a la Naci\u00f3n en la Asamblea Nacional - Superintendencia de Bancos\" \/>\n<meta property=\"og:description\" content=\"En el marco de la gesta hist\u00f3rica de la Batalla de Pichincha, la Superintendente de Bancos (S) Antonieta Guadalupe Cabezas asisti\u00f3 a la Ceremonia Militar, llevada a cabo en la Cima de la Liberta al sur oriente de Quito, \u00a0donde se realiz\u00f3 el \u00abRelevo de la Guardia de Honor en el Templo de la Patria [&hellip;]\" \/>\n<meta property=\"og:url\" content=\"https:\/\/www.superbancos.gob.ec\/bancos\/fiesta-civica-del-24-de-mayo-batalla-de-pichincha-y-presentacion-del-informe-a-la-nacion-en-la-asamblea-nacional\/\" \/>\n<meta property=\"og:site_name\" content=\"Superintendencia de Bancos\" \/>\n<meta property=\"article:published_time\" content=\"2024-05-28T20:22:30+00:00\" \/>\n<meta property=\"article:modified_time\" content=\"2024-05-29T14:26:12+00:00\" \/>\n<meta property=\"og:image\" content=\"https:\/\/www.superbancos.gob.ec\/bancos\/wp-content\/uploads\/2024\/05\/foto-nota-24-mayo-2.jpg\" \/>\n\t<meta property=\"og:image:width\" content=\"900\" \/>\n\t<meta property=\"og:image:height\" content=\"510\" \/>\n\t<meta property=\"og:image:type\" content=\"image\/jpeg\" \/>\n<meta name=\"author\" content=\"Webmaster\" \/>\n<meta name=\"twitter:card\" content=\"summary_large_image\" \/>\n<script type=\"application\/ld+json\" class=\"yoast-schema-graph\">{\"@context\":\"https:\/\/schema.org\",\"@graph\":[{\"@type\":\"Article\",\"@id\":\"https:\/\/www.superbancos.gob.ec\/bancos\/fiesta-civica-del-24-de-mayo-batalla-de-pichincha-y-presentacion-del-informe-a-la-nacion-en-la-asamblea-nacional\/#article\",\"isPartOf\":{\"@id\":\"https:\/\/www.superbancos.gob.ec\/bancos\/fiesta-civica-del-24-de-mayo-batalla-de-pichincha-y-presentacion-del-informe-a-la-nacion-en-la-asamblea-nacional\/\"},\"author\":{\"name\":\"Webmaster\",\"@id\":\"https:\/\/www.superbancos.gob.ec\/bancos\/#\/schema\/person\/d992f3bb333dcf0361f7ada38d76f135\"},\"headline\":\"Fiesta C\u00edvica del 24 de mayo: Batalla de Pichincha y presentaci\u00f3n del Informe a la Naci\u00f3n en la Asamblea Nacional\",\"datePublished\":\"2024-05-28T20:22:30+00:00\",\"dateModified\":\"2024-05-29T14:26:12+00:00\",\"mainEntityOfPage\":{\"@id\":\"https:\/\/www.superbancos.gob.ec\/bancos\/fiesta-civica-del-24-de-mayo-batalla-de-pichincha-y-presentacion-del-informe-a-la-nacion-en-la-asamblea-nacional\/\"},\"wordCount\":196,\"publisher\":{\"@id\":\"https:\/\/www.superbancos.gob.ec\/bancos\/#organization\"},\"image\":{\"@id\":\"https:\/\/www.superbancos.gob.ec\/bancos\/fiesta-civica-del-24-de-mayo-batalla-de-pichincha-y-presentacion-del-informe-a-la-nacion-en-la-asamblea-nacional\/#primaryimage\"},\"thumbnailUrl\":\"https:\/\/www.superbancos.gob.ec\/bancos\/wp-content\/uploads\/2024\/05\/foto-nota-24-mayo-2.jpg\",\"articleSection\":[\"Bolet\u00edn de prensa\",\"Noticias\"],\"inLanguage\":\"es\"},{\"@type\":\"WebPage\",\"@id\":\"https:\/\/www.superbancos.gob.ec\/bancos\/fiesta-civica-del-24-de-mayo-batalla-de-pichincha-y-presentacion-del-informe-a-la-nacion-en-la-asamblea-nacional\/\",\"url\":\"https:\/\/www.superbancos.gob.ec\/bancos\/fiesta-civica-del-24-de-mayo-batalla-de-pichincha-y-presentacion-del-informe-a-la-nacion-en-la-asamblea-nacional\/\",\"name\":\"Fiesta C\u00edvica del 24 de mayo: Batalla de Pichincha y presentaci\u00f3n del Informe a la Naci\u00f3n en la Asamblea Nacional - Superintendencia de Bancos\",\"isPartOf\":{\"@id\":\"https:\/\/www.superbancos.gob.ec\/bancos\/#website\"},\"primaryImageOfPage\":{\"@id\":\"https:\/\/www.superbancos.gob.ec\/bancos\/fiesta-civica-del-24-de-mayo-batalla-de-pichincha-y-presentacion-del-informe-a-la-nacion-en-la-asamblea-nacional\/#primaryimage\"},\"image\":{\"@id\":\"https:\/\/www.superbancos.gob.ec\/bancos\/fiesta-civica-del-24-de-mayo-batalla-de-pichincha-y-presentacion-del-informe-a-la-nacion-en-la-asamblea-nacional\/#primaryimage\"},\"thumbnailUrl\":\"https:\/\/www.superbancos.gob.ec\/bancos\/wp-content\/uploads\/2024\/05\/foto-nota-24-mayo-2.jpg\",\"datePublished\":\"2024-05-28T20:22:30+00:00\",\"dateModified\":\"2024-05-29T14:26:12+00:00\",\"breadcrumb\":{\"@id\":\"https:\/\/www.superbancos.gob.ec\/bancos\/fiesta-civica-del-24-de-mayo-batalla-de-pichincha-y-presentacion-del-informe-a-la-nacion-en-la-asamblea-nacional\/#breadcrumb\"},\"inLanguage\":\"es\",\"potentialAction\":[{\"@type\":\"ReadAction\",\"target\":[\"https:\/\/www.superbancos.gob.ec\/bancos\/fiesta-civica-del-24-de-mayo-batalla-de-pichincha-y-presentacion-del-informe-a-la-nacion-en-la-asamblea-nacional\/\"]}]},{\"@type\":\"ImageObject\",\"inLanguage\":\"es\",\"@id\":\"https:\/\/www.superbancos.gob.ec\/bancos\/fiesta-civica-del-24-de-mayo-batalla-de-pichincha-y-presentacion-del-informe-a-la-nacion-en-la-asamblea-nacional\/#primaryimage\",\"url\":\"https:\/\/www.superbancos.gob.ec\/bancos\/wp-content\/uploads\/2024\/05\/foto-nota-24-mayo-2.jpg\",\"contentUrl\":\"https:\/\/www.superbancos.gob.ec\/bancos\/wp-content\/uploads\/2024\/05\/foto-nota-24-mayo-2.jpg\",\"width\":900,\"height\":510},{\"@type\":\"BreadcrumbList\",\"@id\":\"https:\/\/www.superbancos.gob.ec\/bancos\/fiesta-civica-del-24-de-mayo-batalla-de-pichincha-y-presentacion-del-informe-a-la-nacion-en-la-asamblea-nacional\/#breadcrumb\",\"itemListElement\":[{\"@type\":\"ListItem\",\"position\":1,\"name\":\"Portada\",\"item\":\"https:\/\/www.superbancos.gob.ec\/bancos\/\"},{\"@type\":\"ListItem\",\"position\":2,\"name\":\"Fiesta C\u00edvica del 24 de mayo: Batalla de Pichincha y presentaci\u00f3n del Informe a la Naci\u00f3n en la Asamblea Nacional\"}]},{\"@type\":\"WebSite\",\"@id\":\"https:\/\/www.superbancos.gob.ec\/bancos\/#website\",\"url\":\"https:\/\/www.superbancos.gob.ec\/bancos\/\",\"name\":\"Superintendencia de Bancos\",\"description\":\"Organo de Control del Sistema Financiero Ecuatoriano.\",\"publisher\":{\"@id\":\"https:\/\/www.superbancos.gob.ec\/bancos\/#organization\"},\"alternateName\":\"Super de Bancos\",\"potentialAction\":[{\"@type\":\"SearchAction\",\"target\":{\"@type\":\"EntryPoint\",\"urlTemplate\":\"https:\/\/www.superbancos.gob.ec\/bancos\/?s={search_term_string}\"},\"query-input\":{\"@type\":\"PropertyValueSpecification\",\"valueRequired\":true,\"valueName\":\"search_term_string\"}}],\"inLanguage\":\"es\"},{\"@type\":\"Organization\",\"@id\":\"https:\/\/www.superbancos.gob.ec\/bancos\/#organization\",\"name\":\"Superintendencia de Bancos\",\"url\":\"https:\/\/www.superbancos.gob.ec\/bancos\/\",\"logo\":{\"@type\":\"ImageObject\",\"inLanguage\":\"es\",\"@id\":\"https:\/\/www.superbancos.gob.ec\/bancos\/#\/schema\/logo\/image\/\",\"url\":\"https:\/\/www.superbancos.gob.ec\/bancos\/wp-content\/uploads\/2022\/09\/Logo_Super.png\",\"contentUrl\":\"https:\/\/www.superbancos.gob.ec\/bancos\/wp-content\/uploads\/2022\/09\/Logo_Super.png\",\"width\":340,\"height\":92,\"caption\":\"Superintendencia de Bancos\"},\"image\":{\"@id\":\"https:\/\/www.superbancos.gob.ec\/bancos\/#\/schema\/logo\/image\/\"}},{\"@type\":\"Person\",\"@id\":\"https:\/\/www.superbancos.gob.ec\/bancos\/#\/schema\/person\/d992f3bb333dcf0361f7ada38d76f135\",\"name\":\"Webmaster\",\"image\":{\"@type\":\"ImageObject\",\"inLanguage\":\"es\",\"@id\":\"https:\/\/www.superbancos.gob.ec\/bancos\/#\/schema\/person\/image\/\",\"url\":\"https:\/\/secure.gravatar.com\/avatar\/c6d00811a7228dae514acdf44b21583e?s=96&d=mm&r=g\",\"contentUrl\":\"https:\/\/secure.gravatar.com\/avatar\/c6d00811a7228dae514acdf44b21583e?s=96&d=mm&r=g\",\"caption\":\"Webmaster\"},\"url\":\"https:\/\/www.superbancos.gob.ec\/bancos\/author\/webmaster\/\"}]}<\/script>\n<!-- \/ Yoast SEO plugin. -->","yoast_head_json":{"title":"Fiesta C\u00edvica del 24 de mayo: Batalla de Pichincha y presentaci\u00f3n del Informe a la Naci\u00f3n en la Asamblea Nacional - Superintendencia de Bancos","robots":{"index":"index","follow":"follow","max-snippet":"max-snippet:-1","max-image-preview":"max-image-preview:large","max-video-preview":"max-video-preview:-1"},"canonical":"https:\/\/www.superbancos.gob.ec\/bancos\/fiesta-civica-del-24-de-mayo-batalla-de-pichincha-y-presentacion-del-informe-a-la-nacion-en-la-asamblea-nacional\/","og_locale":"es_ES","og_type":"article","og_title":"Fiesta C\u00edvica del 24 de mayo: Batalla de Pichincha y presentaci\u00f3n del Informe a la Naci\u00f3n en la Asamblea Nacional - Superintendencia de Bancos","og_description":"En el marco de la gesta hist\u00f3rica de la Batalla de Pichincha, la Superintendente de Bancos (S) Antonieta Guadalupe Cabezas asisti\u00f3 a la Ceremonia Militar, llevada a cabo en la Cima de la Liberta al sur oriente de Quito, \u00a0donde se realiz\u00f3 el \u00abRelevo de la Guardia de Honor en el Templo de la Patria [&hellip;]","og_url":"https:\/\/www.superbancos.gob.ec\/bancos\/fiesta-civica-del-24-de-mayo-batalla-de-pichincha-y-presentacion-del-informe-a-la-nacion-en-la-asamblea-nacional\/","og_site_name":"Superintendencia de Bancos","article_published_time":"2024-05-28T20:22:30+00:00","article_modified_time":"2024-05-29T14:26:12+00:00","og_image":[{"width":900,"height":510,"url":"https:\/\/www.superbancos.gob.ec\/bancos\/wp-content\/uploads\/2024\/05\/foto-nota-24-mayo-2.jpg","type":"image\/jpeg"}],"author":"Webmaster","twitter_card":"summary_large_image","schema":{"@context":"https:\/\/schema.org","@graph":[{"@type":"Article","@id":"https:\/\/www.superbancos.gob.ec\/bancos\/fiesta-civica-del-24-de-mayo-batalla-de-pichincha-y-presentacion-del-informe-a-la-nacion-en-la-asamblea-nacional\/#article","isPartOf":{"@id":"https:\/\/www.superbancos.gob.ec\/bancos\/fiesta-civica-del-24-de-mayo-batalla-de-pichincha-y-presentacion-del-informe-a-la-nacion-en-la-asamblea-nacional\/"},"author":{"name":"Webmaster","@id":"https:\/\/www.superbancos.gob.ec\/bancos\/#\/schema\/person\/d992f3bb333dcf0361f7ada38d76f135"},"headline":"Fiesta C\u00edvica del 24 de mayo: Batalla de Pichincha y presentaci\u00f3n del Informe a la Naci\u00f3n en la Asamblea Nacional","datePublished":"2024-05-28T20:22:30+00:00","dateModified":"2024-05-29T14:26:12+00:00","mainEntityOfPage":{"@id":"https:\/\/www.superbancos.gob.ec\/bancos\/fiesta-civica-del-24-de-mayo-batalla-de-pichincha-y-presentacion-del-informe-a-la-nacion-en-la-asamblea-nacional\/"},"wordCount":196,"publisher":{"@id":"https:\/\/www.superbancos.gob.ec\/bancos\/#organization"},"image":{"@id":"https:\/\/www.superbancos.gob.ec\/bancos\/fiesta-civica-del-24-de-mayo-batalla-de-pichincha-y-presentacion-del-informe-a-la-nacion-en-la-asamblea-nacional\/#primaryimage"},"thumbnailUrl":"https:\/\/www.superbancos.gob.ec\/bancos\/wp-content\/uploads\/2024\/05\/foto-nota-24-mayo-2.jpg","articleSection":["Bolet\u00edn de prensa","Noticias"],"inLanguage":"es"},{"@type":"WebPage","@id":"https:\/\/www.superbancos.gob.ec\/bancos\/fiesta-civica-del-24-de-mayo-batalla-de-pichincha-y-presentacion-del-informe-a-la-nacion-en-la-asamblea-nacional\/","url":"https:\/\/www.superbancos.gob.ec\/bancos\/fiesta-civica-del-24-de-mayo-batalla-de-pichincha-y-presentacion-del-informe-a-la-nacion-en-la-asamblea-nacional\/","name":"Fiesta C\u00edvica del 24 de mayo: Batalla de Pichincha y presentaci\u00f3n del Informe a la Naci\u00f3n en la Asamblea Nacional - Superintendencia de Bancos","isPartOf":{"@id":"https:\/\/www.superbancos.gob.ec\/bancos\/#website"},"primaryImageOfPage":{"@id":"https:\/\/www.superbancos.gob.ec\/bancos\/fiesta-civica-del-24-de-mayo-batalla-de-pichincha-y-presentacion-del-informe-a-la-nacion-en-la-asamblea-nacional\/#primaryimage"},"image":{"@id":"https:\/\/www.superbancos.gob.ec\/bancos\/fiesta-civica-del-24-de-mayo-batalla-de-pichincha-y-presentacion-del-informe-a-la-nacion-en-la-asamblea-nacional\/#primaryimage"},"thumbnailUrl":"https:\/\/www.superbancos.gob.ec\/bancos\/wp-content\/uploads\/2024\/05\/foto-nota-24-mayo-2.jpg","datePublished":"2024-05-28T20:22:30+00:00","dateModified":"2024-05-29T14:26:12+00:00","breadcrumb":{"@id":"https:\/\/www.superbancos.gob.ec\/bancos\/fiesta-civica-del-24-de-mayo-batalla-de-pichincha-y-presentacion-del-informe-a-la-nacion-en-la-asamblea-nacional\/#breadcrumb"},"inLanguage":"es","potentialAction":[{"@type":"ReadAction","target":["https:\/\/www.superbancos.gob.ec\/bancos\/fiesta-civica-del-24-de-mayo-batalla-de-pichincha-y-presentacion-del-informe-a-la-nacion-en-la-asamblea-nacional\/"]}]},{"@type":"ImageObject","inLanguage":"es","@id":"https:\/\/www.superbancos.gob.ec\/bancos\/fiesta-civica-del-24-de-mayo-batalla-de-pichincha-y-presentacion-del-informe-a-la-nacion-en-la-asamblea-nacional\/#primaryimage","url":"https:\/\/www.superbancos.gob.ec\/bancos\/wp-content\/uploads\/2024\/05\/foto-nota-24-mayo-2.jpg","contentUrl":"https:\/\/www.superbancos.gob.ec\/bancos\/wp-content\/uploads\/2024\/05\/foto-nota-24-mayo-2.jpg","width":900,"height":510},{"@type":"BreadcrumbList","@id":"https:\/\/www.superbancos.gob.ec\/bancos\/fiesta-civica-del-24-de-mayo-batalla-de-pichincha-y-presentacion-del-informe-a-la-nacion-en-la-asamblea-nacional\/#breadcrumb","itemListElement":[{"@type":"ListItem","position":1,"name":"Portada","item":"https:\/\/www.superbancos.gob.ec\/bancos\/"},{"@type":"ListItem","position":2,"name":"Fiesta C\u00edvica del 24 de mayo: Batalla de Pichincha y presentaci\u00f3n del Informe a la Naci\u00f3n en la Asamblea Nacional"}]},{"@type":"WebSite","@id":"https:\/\/www.superbancos.gob.ec\/bancos\/#website","url":"https:\/\/www.superbancos.gob.ec\/bancos\/","name":"Superintendencia de Bancos","description":"Organo de Control del Sistema Financiero Ecuatoriano.","publisher":{"@id":"https:\/\/www.superbancos.gob.ec\/bancos\/#organization"},"alternateName":"Super de Bancos","potentialAction":[{"@type":"SearchAction","target":{"@type":"EntryPoint","urlTemplate":"https:\/\/www.superbancos.gob.ec\/bancos\/?s={search_term_string}"},"query-input":{"@type":"PropertyValueSpecification","valueRequired":true,"valueName":"search_term_string"}}],"inLanguage":"es"},{"@type":"Organization","@id":"https:\/\/www.superbancos.gob.ec\/bancos\/#organization","name":"Superintendencia de Bancos","url":"https:\/\/www.superbancos.gob.ec\/bancos\/","logo":{"@type":"ImageObject","inLanguage":"es","@id":"https:\/\/www.superbancos.gob.ec\/bancos\/#\/schema\/logo\/image\/","url":"https:\/\/www.superbancos.gob.ec\/bancos\/wp-content\/uploads\/2022\/09\/Logo_Super.png","contentUrl":"https:\/\/www.superbancos.gob.ec\/bancos\/wp-content\/uploads\/2022\/09\/Logo_Super.png","width":340,"height":92,"caption":"Superintendencia de Bancos"},"image":{"@id":"https:\/\/www.superbancos.gob.ec\/bancos\/#\/schema\/logo\/image\/"}},{"@type":"Person","@id":"https:\/\/www.superbancos.gob.ec\/bancos\/#\/schema\/person\/d992f3bb333dcf0361f7ada38d76f135","name":"Webmaster","image":{"@type":"ImageObject","inLanguage":"es","@id":"https:\/\/www.superbancos.gob.ec\/bancos\/#\/schema\/person\/image\/","url":"https:\/\/secure.gravatar.com\/avatar\/c6d00811a7228dae514acdf44b21583e?s=96&d=mm&r=g","contentUrl":"https:\/\/secure.gravatar.com\/avatar\/c6d00811a7228dae514acdf44b21583e?s=96&d=mm&r=g","caption":"Webmaster"},"url":"https:\/\/www.superbancos.gob.ec\/bancos\/author\/webmaster\/"}]}},"_links":{"self":[{"href":"https:\/\/www.superbancos.gob.ec\/bancos\/wp-json\/wp\/v2\/posts\/33416"}],"collection":[{"href":"https:\/\/www.superbancos.gob.ec\/bancos\/wp-json\/wp\/v2\/posts"}],"about":[{"href":"https:\/\/www.superbancos.gob.ec\/bancos\/wp-json\/wp\/v2\/types\/post"}],"author":[{"embeddable":true,"href":"https:\/\/www.superbancos.gob.ec\/bancos\/wp-json\/wp\/v2\/users\/832"}],"replies":[{"embeddable":true,"href":"https:\/\/www.superbancos.gob.ec\/bancos\/wp-json\/wp\/v2\/comments?post=33416"}],"version-history":[{"count":16,"href":"https:\/\/www.superbancos.gob.ec\/bancos\/wp-json\/wp\/v2\/posts\/33416\/revisions"}],"predecessor-version":[{"id":33439,"href":"https:\/\/www.superbancos.gob.ec\/bancos\/wp-json\/wp\/v2\/posts\/33416\/revisions\/33439"}],"wp:featuredmedia":[{"embeddable":true,"href":"https:\/\/www.superbancos.gob.ec\/bancos\/wp-json\/wp\/v2\/media\/33419"}],"wp:attachment":[{"href":"https:\/\/www.superbancos.gob.ec\/bancos\/wp-json\/wp\/v2\/media?parent=33416"}],"wp:term":[{"taxonomy":"category","embeddable":true,"href":"https:\/\/www.superbancos.gob.ec\/bancos\/wp-json\/wp\/v2\/categories?post=33416"},{"taxonomy":"post_tag","embeddable":true,"href":"https:\/\/www.superbancos.gob.ec\/bancos\/wp-json\/wp\/v2\/tags?post=33416"}],"curies":[{"name":"wp","href":"https:\/\/api.w.org\/{rel}","templated":true}]}}