{"id":6984,"date":"2019-01-22T19:00:10","date_gmt":"2019-01-23T00:00:10","guid":{"rendered":"https:\/\/www.superbancos.gob.ec\/bancos\/?p=6984"},"modified":"2019-04-22T09:44:26","modified_gmt":"2019-04-22T14:44:26","slug":"presidente-de-banecuador-presento-indicadores-financieros-a-superintendencia-de-bancos","status":"publish","type":"post","link":"https:\/\/www.superbancos.gob.ec\/bancos\/presidente-de-banecuador-presento-indicadores-financieros-a-superintendencia-de-bancos\/","title":{"rendered":"Presidente de BanEcuador, present\u00f3 indicadores financieros a Superintendencia de Bancos"},"content":{"rendered":"<p>El presidente del directorio de BanEcuador. B.P. ingeniero, Jorge Wated, realiz\u00f3 una visita protocolaria al Superintendente de Bancos (e), doctor Juan Carlos Novoa y present\u00f3 los indicadores financieros de este banco p\u00fablico.<\/p>\n","protected":false},"excerpt":{"rendered":"<p>El presidente del directorio de BanEcuador. B.P. ingeniero, Jorge Wated, realiz\u00f3 una visita protocolaria al Superintendente de Bancos (e), doctor Juan Carlos Novoa y present\u00f3 los indicadores financieros de este banco p\u00fablico.<\/p>\n","protected":false},"author":3,"featured_media":6985,"comment_status":"closed","ping_status":"open","sticky":false,"template":"","format":"standard","meta":{"footnotes":""},"categories":[114,5,6],"tags":[],"class_list":["post-6984","post","type-post","status-publish","format-standard","has-post-thumbnail","hentry","category-boletin-de-prensa","category-noticias","category-noticias-destacadas"],"yoast_head":"<!-- This site is optimized with the Yoast SEO plugin v25.4 - https:\/\/yoast.com\/wordpress\/plugins\/seo\/ -->\n<title>Presidente de BanEcuador, present\u00f3 indicadores financieros a Superintendencia de Bancos - Superintendencia de Bancos<\/title>\n<meta name=\"robots\" content=\"index, follow, max-snippet:-1, max-image-preview:large, max-video-preview:-1\" \/>\n<link rel=\"canonical\" href=\"https:\/\/www.superbancos.gob.ec\/bancos\/presidente-de-banecuador-presento-indicadores-financieros-a-superintendencia-de-bancos\/\" \/>\n<meta property=\"og:locale\" content=\"es_ES\" \/>\n<meta property=\"og:type\" content=\"article\" \/>\n<meta property=\"og:title\" content=\"Presidente de BanEcuador, present\u00f3 indicadores financieros a Superintendencia de Bancos - Superintendencia de Bancos\" \/>\n<meta property=\"og:description\" content=\"El presidente del directorio de BanEcuador. B.P. ingeniero, Jorge Wated, realiz\u00f3 una visita protocolaria al Superintendente de Bancos (e), doctor Juan Carlos Novoa y present\u00f3 los indicadores financieros de este banco p\u00fablico.\" \/>\n<meta property=\"og:url\" content=\"https:\/\/www.superbancos.gob.ec\/bancos\/presidente-de-banecuador-presento-indicadores-financieros-a-superintendencia-de-bancos\/\" \/>\n<meta property=\"og:site_name\" content=\"Superintendencia de Bancos\" \/>\n<meta property=\"article:published_time\" content=\"2019-01-23T00:00:10+00:00\" \/>\n<meta property=\"article:modified_time\" content=\"2019-04-22T14:44:26+00:00\" \/>\n<meta property=\"og:image\" content=\"https:\/\/www.superbancos.gob.ec\/bancos\/wp-content\/uploads\/2019\/01\/Foto-BanEcuador-e1548254990813.jpeg\" \/>\n\t<meta property=\"og:image:width\" content=\"799\" \/>\n\t<meta property=\"og:image:height\" content=\"450\" \/>\n\t<meta property=\"og:image:type\" content=\"image\/jpeg\" \/>\n<meta name=\"author\" content=\"Diego Buendia\" \/>\n<meta name=\"twitter:card\" content=\"summary_large_image\" \/>\n<script type=\"application\/ld+json\" class=\"yoast-schema-graph\">{\"@context\":\"https:\/\/schema.org\",\"@graph\":[{\"@type\":\"Article\",\"@id\":\"https:\/\/www.superbancos.gob.ec\/bancos\/presidente-de-banecuador-presento-indicadores-financieros-a-superintendencia-de-bancos\/#article\",\"isPartOf\":{\"@id\":\"https:\/\/www.superbancos.gob.ec\/bancos\/presidente-de-banecuador-presento-indicadores-financieros-a-superintendencia-de-bancos\/\"},\"author\":{\"name\":\"Diego Buendia\",\"@id\":\"https:\/\/www.superbancos.gob.ec\/bancos\/#\/schema\/person\/c12770f5145f3723f3aa20c0aafac282\"},\"headline\":\"Presidente de BanEcuador, present\u00f3 indicadores financieros a Superintendencia de Bancos\",\"datePublished\":\"2019-01-23T00:00:10+00:00\",\"dateModified\":\"2019-04-22T14:44:26+00:00\",\"mainEntityOfPage\":{\"@id\":\"https:\/\/www.superbancos.gob.ec\/bancos\/presidente-de-banecuador-presento-indicadores-financieros-a-superintendencia-de-bancos\/\"},\"wordCount\":44,\"publisher\":{\"@id\":\"https:\/\/www.superbancos.gob.ec\/bancos\/#organization\"},\"image\":{\"@id\":\"https:\/\/www.superbancos.gob.ec\/bancos\/presidente-de-banecuador-presento-indicadores-financieros-a-superintendencia-de-bancos\/#primaryimage\"},\"thumbnailUrl\":\"https:\/\/www.superbancos.gob.ec\/bancos\/wp-content\/uploads\/2019\/01\/Foto-BanEcuador-e1548254990813.jpeg\",\"articleSection\":[\"Bolet\u00edn de prensa\",\"Noticias\",\"Noticias Destacadas\"],\"inLanguage\":\"es\"},{\"@type\":\"WebPage\",\"@id\":\"https:\/\/www.superbancos.gob.ec\/bancos\/presidente-de-banecuador-presento-indicadores-financieros-a-superintendencia-de-bancos\/\",\"url\":\"https:\/\/www.superbancos.gob.ec\/bancos\/presidente-de-banecuador-presento-indicadores-financieros-a-superintendencia-de-bancos\/\",\"name\":\"Presidente de BanEcuador, present\u00f3 indicadores financieros a Superintendencia de Bancos - Superintendencia de Bancos\",\"isPartOf\":{\"@id\":\"https:\/\/www.superbancos.gob.ec\/bancos\/#website\"},\"primaryImageOfPage\":{\"@id\":\"https:\/\/www.superbancos.gob.ec\/bancos\/presidente-de-banecuador-presento-indicadores-financieros-a-superintendencia-de-bancos\/#primaryimage\"},\"image\":{\"@id\":\"https:\/\/www.superbancos.gob.ec\/bancos\/presidente-de-banecuador-presento-indicadores-financieros-a-superintendencia-de-bancos\/#primaryimage\"},\"thumbnailUrl\":\"https:\/\/www.superbancos.gob.ec\/bancos\/wp-content\/uploads\/2019\/01\/Foto-BanEcuador-e1548254990813.jpeg\",\"datePublished\":\"2019-01-23T00:00:10+00:00\",\"dateModified\":\"2019-04-22T14:44:26+00:00\",\"breadcrumb\":{\"@id\":\"https:\/\/www.superbancos.gob.ec\/bancos\/presidente-de-banecuador-presento-indicadores-financieros-a-superintendencia-de-bancos\/#breadcrumb\"},\"inLanguage\":\"es\",\"potentialAction\":[{\"@type\":\"ReadAction\",\"target\":[\"https:\/\/www.superbancos.gob.ec\/bancos\/presidente-de-banecuador-presento-indicadores-financieros-a-superintendencia-de-bancos\/\"]}]},{\"@type\":\"ImageObject\",\"inLanguage\":\"es\",\"@id\":\"https:\/\/www.superbancos.gob.ec\/bancos\/presidente-de-banecuador-presento-indicadores-financieros-a-superintendencia-de-bancos\/#primaryimage\",\"url\":\"https:\/\/www.superbancos.gob.ec\/bancos\/wp-content\/uploads\/2019\/01\/Foto-BanEcuador-e1548254990813.jpeg\",\"contentUrl\":\"https:\/\/www.superbancos.gob.ec\/bancos\/wp-content\/uploads\/2019\/01\/Foto-BanEcuador-e1548254990813.jpeg\",\"width\":799,\"height\":450},{\"@type\":\"BreadcrumbList\",\"@id\":\"https:\/\/www.superbancos.gob.ec\/bancos\/presidente-de-banecuador-presento-indicadores-financieros-a-superintendencia-de-bancos\/#breadcrumb\",\"itemListElement\":[{\"@type\":\"ListItem\",\"position\":1,\"name\":\"Portada\",\"item\":\"https:\/\/www.superbancos.gob.ec\/bancos\/\"},{\"@type\":\"ListItem\",\"position\":2,\"name\":\"Presidente de BanEcuador, present\u00f3 indicadores financieros a Superintendencia de Bancos\"}]},{\"@type\":\"WebSite\",\"@id\":\"https:\/\/www.superbancos.gob.ec\/bancos\/#website\",\"url\":\"https:\/\/www.superbancos.gob.ec\/bancos\/\",\"name\":\"Superintendencia de Bancos\",\"description\":\"Organo de Control del Sistema Financiero Ecuatoriano.\",\"publisher\":{\"@id\":\"https:\/\/www.superbancos.gob.ec\/bancos\/#organization\"},\"alternateName\":\"Super de Bancos\",\"potentialAction\":[{\"@type\":\"SearchAction\",\"target\":{\"@type\":\"EntryPoint\",\"urlTemplate\":\"https:\/\/www.superbancos.gob.ec\/bancos\/?s={search_term_string}\"},\"query-input\":{\"@type\":\"PropertyValueSpecification\",\"valueRequired\":true,\"valueName\":\"search_term_string\"}}],\"inLanguage\":\"es\"},{\"@type\":\"Organization\",\"@id\":\"https:\/\/www.superbancos.gob.ec\/bancos\/#organization\",\"name\":\"Superintendencia de Bancos\",\"url\":\"https:\/\/www.superbancos.gob.ec\/bancos\/\",\"logo\":{\"@type\":\"ImageObject\",\"inLanguage\":\"es\",\"@id\":\"https:\/\/www.superbancos.gob.ec\/bancos\/#\/schema\/logo\/image\/\",\"url\":\"https:\/\/www.superbancos.gob.ec\/bancos\/wp-content\/uploads\/2022\/09\/Logo_Super.png\",\"contentUrl\":\"https:\/\/www.superbancos.gob.ec\/bancos\/wp-content\/uploads\/2022\/09\/Logo_Super.png\",\"width\":340,\"height\":92,\"caption\":\"Superintendencia de Bancos\"},\"image\":{\"@id\":\"https:\/\/www.superbancos.gob.ec\/bancos\/#\/schema\/logo\/image\/\"}},{\"@type\":\"Person\",\"@id\":\"https:\/\/www.superbancos.gob.ec\/bancos\/#\/schema\/person\/c12770f5145f3723f3aa20c0aafac282\",\"name\":\"Diego Buendia\",\"image\":{\"@type\":\"ImageObject\",\"inLanguage\":\"es\",\"@id\":\"https:\/\/www.superbancos.gob.ec\/bancos\/#\/schema\/person\/image\/\",\"url\":\"https:\/\/secure.gravatar.com\/avatar\/f2dcb31e604664a7d81f71d8260b45eb?s=96&d=mm&r=g\",\"contentUrl\":\"https:\/\/secure.gravatar.com\/avatar\/f2dcb31e604664a7d81f71d8260b45eb?s=96&d=mm&r=g\",\"caption\":\"Diego Buendia\"},\"url\":\"https:\/\/www.superbancos.gob.ec\/bancos\/author\/dbuendia\/\"}]}<\/script>\n<!-- \/ Yoast SEO plugin. -->","yoast_head_json":{"title":"Presidente de BanEcuador, present\u00f3 indicadores financieros a Superintendencia de Bancos - Superintendencia de Bancos","robots":{"index":"index","follow":"follow","max-snippet":"max-snippet:-1","max-image-preview":"max-image-preview:large","max-video-preview":"max-video-preview:-1"},"canonical":"https:\/\/www.superbancos.gob.ec\/bancos\/presidente-de-banecuador-presento-indicadores-financieros-a-superintendencia-de-bancos\/","og_locale":"es_ES","og_type":"article","og_title":"Presidente de BanEcuador, present\u00f3 indicadores financieros a Superintendencia de Bancos - Superintendencia de Bancos","og_description":"El presidente del directorio de BanEcuador. B.P. ingeniero, Jorge Wated, realiz\u00f3 una visita protocolaria al Superintendente de Bancos (e), doctor Juan Carlos Novoa y present\u00f3 los indicadores financieros de este banco p\u00fablico.","og_url":"https:\/\/www.superbancos.gob.ec\/bancos\/presidente-de-banecuador-presento-indicadores-financieros-a-superintendencia-de-bancos\/","og_site_name":"Superintendencia de Bancos","article_published_time":"2019-01-23T00:00:10+00:00","article_modified_time":"2019-04-22T14:44:26+00:00","og_image":[{"width":799,"height":450,"url":"https:\/\/www.superbancos.gob.ec\/bancos\/wp-content\/uploads\/2019\/01\/Foto-BanEcuador-e1548254990813.jpeg","type":"image\/jpeg"}],"author":"Diego Buendia","twitter_card":"summary_large_image","schema":{"@context":"https:\/\/schema.org","@graph":[{"@type":"Article","@id":"https:\/\/www.superbancos.gob.ec\/bancos\/presidente-de-banecuador-presento-indicadores-financieros-a-superintendencia-de-bancos\/#article","isPartOf":{"@id":"https:\/\/www.superbancos.gob.ec\/bancos\/presidente-de-banecuador-presento-indicadores-financieros-a-superintendencia-de-bancos\/"},"author":{"name":"Diego Buendia","@id":"https:\/\/www.superbancos.gob.ec\/bancos\/#\/schema\/person\/c12770f5145f3723f3aa20c0aafac282"},"headline":"Presidente de BanEcuador, present\u00f3 indicadores financieros a Superintendencia de Bancos","datePublished":"2019-01-23T00:00:10+00:00","dateModified":"2019-04-22T14:44:26+00:00","mainEntityOfPage":{"@id":"https:\/\/www.superbancos.gob.ec\/bancos\/presidente-de-banecuador-presento-indicadores-financieros-a-superintendencia-de-bancos\/"},"wordCount":44,"publisher":{"@id":"https:\/\/www.superbancos.gob.ec\/bancos\/#organization"},"image":{"@id":"https:\/\/www.superbancos.gob.ec\/bancos\/presidente-de-banecuador-presento-indicadores-financieros-a-superintendencia-de-bancos\/#primaryimage"},"thumbnailUrl":"https:\/\/www.superbancos.gob.ec\/bancos\/wp-content\/uploads\/2019\/01\/Foto-BanEcuador-e1548254990813.jpeg","articleSection":["Bolet\u00edn de prensa","Noticias","Noticias Destacadas"],"inLanguage":"es"},{"@type":"WebPage","@id":"https:\/\/www.superbancos.gob.ec\/bancos\/presidente-de-banecuador-presento-indicadores-financieros-a-superintendencia-de-bancos\/","url":"https:\/\/www.superbancos.gob.ec\/bancos\/presidente-de-banecuador-presento-indicadores-financieros-a-superintendencia-de-bancos\/","name":"Presidente de BanEcuador, present\u00f3 indicadores financieros a Superintendencia de Bancos - Superintendencia de Bancos","isPartOf":{"@id":"https:\/\/www.superbancos.gob.ec\/bancos\/#website"},"primaryImageOfPage":{"@id":"https:\/\/www.superbancos.gob.ec\/bancos\/presidente-de-banecuador-presento-indicadores-financieros-a-superintendencia-de-bancos\/#primaryimage"},"image":{"@id":"https:\/\/www.superbancos.gob.ec\/bancos\/presidente-de-banecuador-presento-indicadores-financieros-a-superintendencia-de-bancos\/#primaryimage"},"thumbnailUrl":"https:\/\/www.superbancos.gob.ec\/bancos\/wp-content\/uploads\/2019\/01\/Foto-BanEcuador-e1548254990813.jpeg","datePublished":"2019-01-23T00:00:10+00:00","dateModified":"2019-04-22T14:44:26+00:00","breadcrumb":{"@id":"https:\/\/www.superbancos.gob.ec\/bancos\/presidente-de-banecuador-presento-indicadores-financieros-a-superintendencia-de-bancos\/#breadcrumb"},"inLanguage":"es","potentialAction":[{"@type":"ReadAction","target":["https:\/\/www.superbancos.gob.ec\/bancos\/presidente-de-banecuador-presento-indicadores-financieros-a-superintendencia-de-bancos\/"]}]},{"@type":"ImageObject","inLanguage":"es","@id":"https:\/\/www.superbancos.gob.ec\/bancos\/presidente-de-banecuador-presento-indicadores-financieros-a-superintendencia-de-bancos\/#primaryimage","url":"https:\/\/www.superbancos.gob.ec\/bancos\/wp-content\/uploads\/2019\/01\/Foto-BanEcuador-e1548254990813.jpeg","contentUrl":"https:\/\/www.superbancos.gob.ec\/bancos\/wp-content\/uploads\/2019\/01\/Foto-BanEcuador-e1548254990813.jpeg","width":799,"height":450},{"@type":"BreadcrumbList","@id":"https:\/\/www.superbancos.gob.ec\/bancos\/presidente-de-banecuador-presento-indicadores-financieros-a-superintendencia-de-bancos\/#breadcrumb","itemListElement":[{"@type":"ListItem","position":1,"name":"Portada","item":"https:\/\/www.superbancos.gob.ec\/bancos\/"},{"@type":"ListItem","position":2,"name":"Presidente de BanEcuador, present\u00f3 indicadores financieros a Superintendencia de Bancos"}]},{"@type":"WebSite","@id":"https:\/\/www.superbancos.gob.ec\/bancos\/#website","url":"https:\/\/www.superbancos.gob.ec\/bancos\/","name":"Superintendencia de Bancos","description":"Organo de Control del Sistema Financiero Ecuatoriano.","publisher":{"@id":"https:\/\/www.superbancos.gob.ec\/bancos\/#organization"},"alternateName":"Super de Bancos","potentialAction":[{"@type":"SearchAction","target":{"@type":"EntryPoint","urlTemplate":"https:\/\/www.superbancos.gob.ec\/bancos\/?s={search_term_string}"},"query-input":{"@type":"PropertyValueSpecification","valueRequired":true,"valueName":"search_term_string"}}],"inLanguage":"es"},{"@type":"Organization","@id":"https:\/\/www.superbancos.gob.ec\/bancos\/#organization","name":"Superintendencia de Bancos","url":"https:\/\/www.superbancos.gob.ec\/bancos\/","logo":{"@type":"ImageObject","inLanguage":"es","@id":"https:\/\/www.superbancos.gob.ec\/bancos\/#\/schema\/logo\/image\/","url":"https:\/\/www.superbancos.gob.ec\/bancos\/wp-content\/uploads\/2022\/09\/Logo_Super.png","contentUrl":"https:\/\/www.superbancos.gob.ec\/bancos\/wp-content\/uploads\/2022\/09\/Logo_Super.png","width":340,"height":92,"caption":"Superintendencia de Bancos"},"image":{"@id":"https:\/\/www.superbancos.gob.ec\/bancos\/#\/schema\/logo\/image\/"}},{"@type":"Person","@id":"https:\/\/www.superbancos.gob.ec\/bancos\/#\/schema\/person\/c12770f5145f3723f3aa20c0aafac282","name":"Diego Buendia","image":{"@type":"ImageObject","inLanguage":"es","@id":"https:\/\/www.superbancos.gob.ec\/bancos\/#\/schema\/person\/image\/","url":"https:\/\/secure.gravatar.com\/avatar\/f2dcb31e604664a7d81f71d8260b45eb?s=96&d=mm&r=g","contentUrl":"https:\/\/secure.gravatar.com\/avatar\/f2dcb31e604664a7d81f71d8260b45eb?s=96&d=mm&r=g","caption":"Diego Buendia"},"url":"https:\/\/www.superbancos.gob.ec\/bancos\/author\/dbuendia\/"}]}},"_links":{"self":[{"href":"https:\/\/www.superbancos.gob.ec\/bancos\/wp-json\/wp\/v2\/posts\/6984"}],"collection":[{"href":"https:\/\/www.superbancos.gob.ec\/bancos\/wp-json\/wp\/v2\/posts"}],"about":[{"href":"https:\/\/www.superbancos.gob.ec\/bancos\/wp-json\/wp\/v2\/types\/post"}],"author":[{"embeddable":true,"href":"https:\/\/www.superbancos.gob.ec\/bancos\/wp-json\/wp\/v2\/users\/3"}],"replies":[{"embeddable":true,"href":"https:\/\/www.superbancos.gob.ec\/bancos\/wp-json\/wp\/v2\/comments?post=6984"}],"version-history":[{"count":3,"href":"https:\/\/www.superbancos.gob.ec\/bancos\/wp-json\/wp\/v2\/posts\/6984\/revisions"}],"predecessor-version":[{"id":6988,"href":"https:\/\/www.superbancos.gob.ec\/bancos\/wp-json\/wp\/v2\/posts\/6984\/revisions\/6988"}],"wp:featuredmedia":[{"embeddable":true,"href":"https:\/\/www.superbancos.gob.ec\/bancos\/wp-json\/wp\/v2\/media\/6985"}],"wp:attachment":[{"href":"https:\/\/www.superbancos.gob.ec\/bancos\/wp-json\/wp\/v2\/media?parent=6984"}],"wp:term":[{"taxonomy":"category","embeddable":true,"href":"https:\/\/www.superbancos.gob.ec\/bancos\/wp-json\/wp\/v2\/categories?post=6984"},{"taxonomy":"post_tag","embeddable":true,"href":"https:\/\/www.superbancos.gob.ec\/bancos\/wp-json\/wp\/v2\/tags?post=6984"}],"curies":[{"name":"wp","href":"https:\/\/api.w.org\/{rel}","templated":true}]}}