{"id":7074,"date":"2019-02-16T15:42:39","date_gmt":"2019-02-16T20:42:39","guid":{"rendered":"https:\/\/www.superbancos.gob.ec\/bancos\/?p=7074"},"modified":"2019-04-22T09:44:26","modified_gmt":"2019-04-22T14:44:26","slug":"contraloria-notifico-a-super-de-bancos-sobre-fondos-complementarios-previsionales-cerrados-y-la-administracion-en-el-biess","status":"publish","type":"post","link":"https:\/\/www.superbancos.gob.ec\/bancos\/contraloria-notifico-a-super-de-bancos-sobre-fondos-complementarios-previsionales-cerrados-y-la-administracion-en-el-biess\/","title":{"rendered":"Fondos complementarios previsionales cerrados y la administraci\u00f3n en el biess."},"content":{"rendered":"<p>La Contralor\u00eda General del Estado, a trav\u00e9s del informe No. DNA3-0002-2019, notific\u00f3 hoy, \u00a0viernes 15 de febrero de 2019, a la Superintendencia de Bancos\u00a0 sobre el\u201d<strong><em>Examen especial al cumplimiento de los requisitos para el traspaso de los Fondos Complementarios Previsionales Cerrados y la administraci\u00f3n de los mismos en el Banco del Instituto Ecuatoriano de Seguridad Social, Superintendencia de Bancos y entidades relacionadas, por el per\u00edodo comprendido entre el 1 de junio de 2014 y el 30 de junio de 2018\u201d.<\/em><\/strong><\/p>\n<p>&nbsp;<\/p>\n<p>Debido a que de los resultados del examen, se desprenden en los comentarios, conclusiones y recomendaciones, disposiciones para cumplimiento de la \u00a0\u00a0Superintendencia \u00a0de Bancos, y que \u00e9stos, conforme lo establece el art\u00edculo 92 de la Ley Org\u00e1nica de la Contralor\u00eda General del Estado, deben ser aplicados de manera inmediata y con el car\u00e1cter de obligatorio; en ese contexto:<\/p>\n<p>&nbsp;<\/p>\n<p>La Superintendencia de Bancos, \u00a0notific\u00f3 tambi\u00e9n hoy (15 de febrero de 2019) al BIESS, IESS y Fondos Complementarios y dispuso que \u00a0de acuerdo a lo\u00a0 se\u00f1alado en el examen, \u00a0se tome todas las medidas respectivas, dentro del \u00e1mbito de sus competencias, a fin de que preserven la integridad y calidad de los activos de los fondos complementarios mencionados, y observe las disposiciones que, con el car\u00e1cter de urgente e inmediata, ser\u00e1n impartidas a trav\u00e9s de las unidades administrativas competentes de la Superintendencia de Bancos, con el prop\u00f3sito de ejecutar las disposiciones impartidas por la Contralor\u00eda General del \u00a0Estado.<\/p>\n<p>Adem\u00e1s el Superintendente de Bancos, orden\u00f3 \u00a0a la Intendente Nacional de Control del Sistema Seguridad Social, que realice \u00a0las \u00a0acciones pertinentes, a fin de acatar de forma inmediata, \u00a0\u00a0lo determinado en el informe No. DNA3-0002-2019; y sobre todo, que con el \u00a0car\u00e1cter de urgente, emita las disposiciones espec\u00edficas que fueren necesarias a las administraciones de los fondos complementarios previsionales cerrados, bajo prevenciones de ley, para que preserven la integridad y calidad de los activos.<\/p>\n<p>&nbsp;<\/p>\n<p style=\"text-align: right;\">Quito, febrero 15 de 2019<\/p>\n<p style=\"text-align: right;\">\n","protected":false},"excerpt":{"rendered":"<p>La Contralor\u00eda General del Estado, a trav\u00e9s del informe No. DNA3-0002-2019, notific\u00f3 hoy, \u00a0viernes 15 de febrero de 2019, a la Superintendencia de Bancos\u00a0 sobre el\u201dExamen especial al cumplimiento de los requisitos para el traspaso de los Fondos Complementarios Previsionales Cerrados y la administraci\u00f3n de los mismos en el Banco del Instituto Ecuatoriano de Seguridad [&hellip;]<\/p>\n","protected":false},"author":3,"featured_media":6287,"comment_status":"closed","ping_status":"open","sticky":false,"template":"","format":"standard","meta":{"footnotes":""},"categories":[114,5,6],"tags":[],"class_list":["post-7074","post","type-post","status-publish","format-standard","has-post-thumbnail","hentry","category-boletin-de-prensa","category-noticias","category-noticias-destacadas"],"yoast_head":"<!-- This site is optimized with the Yoast SEO plugin v25.4 - https:\/\/yoast.com\/wordpress\/plugins\/seo\/ -->\n<title>Fondos complementarios previsionales cerrados y la administraci\u00f3n en el biess. - Superintendencia de Bancos<\/title>\n<meta name=\"robots\" content=\"index, follow, max-snippet:-1, max-image-preview:large, max-video-preview:-1\" \/>\n<link rel=\"canonical\" href=\"https:\/\/www.superbancos.gob.ec\/bancos\/contraloria-notifico-a-super-de-bancos-sobre-fondos-complementarios-previsionales-cerrados-y-la-administracion-en-el-biess\/\" \/>\n<meta property=\"og:locale\" content=\"es_ES\" \/>\n<meta property=\"og:type\" content=\"article\" \/>\n<meta property=\"og:title\" content=\"Fondos complementarios previsionales cerrados y la administraci\u00f3n en el biess. - Superintendencia de Bancos\" \/>\n<meta property=\"og:description\" content=\"La Contralor\u00eda General del Estado, a trav\u00e9s del informe No. DNA3-0002-2019, notific\u00f3 hoy, \u00a0viernes 15 de febrero de 2019, a la Superintendencia de Bancos\u00a0 sobre el\u201dExamen especial al cumplimiento de los requisitos para el traspaso de los Fondos Complementarios Previsionales Cerrados y la administraci\u00f3n de los mismos en el Banco del Instituto Ecuatoriano de Seguridad [&hellip;]\" \/>\n<meta property=\"og:url\" content=\"https:\/\/www.superbancos.gob.ec\/bancos\/contraloria-notifico-a-super-de-bancos-sobre-fondos-complementarios-previsionales-cerrados-y-la-administracion-en-el-biess\/\" \/>\n<meta property=\"og:site_name\" content=\"Superintendencia de Bancos\" \/>\n<meta property=\"article:published_time\" content=\"2019-02-16T20:42:39+00:00\" \/>\n<meta property=\"article:modified_time\" content=\"2019-04-22T14:44:26+00:00\" \/>\n<meta property=\"og:image\" content=\"https:\/\/www.superbancos.gob.ec\/bancos\/wp-content\/uploads\/2018\/09\/boletines-de-prensa-final.jpg\" \/>\n\t<meta property=\"og:image:width\" content=\"520\" \/>\n\t<meta property=\"og:image:height\" content=\"330\" \/>\n\t<meta property=\"og:image:type\" content=\"image\/jpeg\" \/>\n<meta name=\"author\" content=\"Diego Buendia\" \/>\n<meta name=\"twitter:card\" content=\"summary_large_image\" \/>\n<script type=\"application\/ld+json\" class=\"yoast-schema-graph\">{\"@context\":\"https:\/\/schema.org\",\"@graph\":[{\"@type\":\"Article\",\"@id\":\"https:\/\/www.superbancos.gob.ec\/bancos\/contraloria-notifico-a-super-de-bancos-sobre-fondos-complementarios-previsionales-cerrados-y-la-administracion-en-el-biess\/#article\",\"isPartOf\":{\"@id\":\"https:\/\/www.superbancos.gob.ec\/bancos\/contraloria-notifico-a-super-de-bancos-sobre-fondos-complementarios-previsionales-cerrados-y-la-administracion-en-el-biess\/\"},\"author\":{\"name\":\"Diego Buendia\",\"@id\":\"https:\/\/www.superbancos.gob.ec\/bancos\/#\/schema\/person\/c12770f5145f3723f3aa20c0aafac282\"},\"headline\":\"Fondos complementarios previsionales cerrados y la administraci\u00f3n en el biess.\",\"datePublished\":\"2019-02-16T20:42:39+00:00\",\"dateModified\":\"2019-04-22T14:44:26+00:00\",\"mainEntityOfPage\":{\"@id\":\"https:\/\/www.superbancos.gob.ec\/bancos\/contraloria-notifico-a-super-de-bancos-sobre-fondos-complementarios-previsionales-cerrados-y-la-administracion-en-el-biess\/\"},\"wordCount\":341,\"publisher\":{\"@id\":\"https:\/\/www.superbancos.gob.ec\/bancos\/#organization\"},\"image\":{\"@id\":\"https:\/\/www.superbancos.gob.ec\/bancos\/contraloria-notifico-a-super-de-bancos-sobre-fondos-complementarios-previsionales-cerrados-y-la-administracion-en-el-biess\/#primaryimage\"},\"thumbnailUrl\":\"https:\/\/www.superbancos.gob.ec\/bancos\/wp-content\/uploads\/2018\/09\/boletines-de-prensa-final.jpg\",\"articleSection\":[\"Bolet\u00edn de prensa\",\"Noticias\",\"Noticias Destacadas\"],\"inLanguage\":\"es\"},{\"@type\":\"WebPage\",\"@id\":\"https:\/\/www.superbancos.gob.ec\/bancos\/contraloria-notifico-a-super-de-bancos-sobre-fondos-complementarios-previsionales-cerrados-y-la-administracion-en-el-biess\/\",\"url\":\"https:\/\/www.superbancos.gob.ec\/bancos\/contraloria-notifico-a-super-de-bancos-sobre-fondos-complementarios-previsionales-cerrados-y-la-administracion-en-el-biess\/\",\"name\":\"Fondos complementarios previsionales cerrados y la administraci\u00f3n en el biess. - Superintendencia de Bancos\",\"isPartOf\":{\"@id\":\"https:\/\/www.superbancos.gob.ec\/bancos\/#website\"},\"primaryImageOfPage\":{\"@id\":\"https:\/\/www.superbancos.gob.ec\/bancos\/contraloria-notifico-a-super-de-bancos-sobre-fondos-complementarios-previsionales-cerrados-y-la-administracion-en-el-biess\/#primaryimage\"},\"image\":{\"@id\":\"https:\/\/www.superbancos.gob.ec\/bancos\/contraloria-notifico-a-super-de-bancos-sobre-fondos-complementarios-previsionales-cerrados-y-la-administracion-en-el-biess\/#primaryimage\"},\"thumbnailUrl\":\"https:\/\/www.superbancos.gob.ec\/bancos\/wp-content\/uploads\/2018\/09\/boletines-de-prensa-final.jpg\",\"datePublished\":\"2019-02-16T20:42:39+00:00\",\"dateModified\":\"2019-04-22T14:44:26+00:00\",\"breadcrumb\":{\"@id\":\"https:\/\/www.superbancos.gob.ec\/bancos\/contraloria-notifico-a-super-de-bancos-sobre-fondos-complementarios-previsionales-cerrados-y-la-administracion-en-el-biess\/#breadcrumb\"},\"inLanguage\":\"es\",\"potentialAction\":[{\"@type\":\"ReadAction\",\"target\":[\"https:\/\/www.superbancos.gob.ec\/bancos\/contraloria-notifico-a-super-de-bancos-sobre-fondos-complementarios-previsionales-cerrados-y-la-administracion-en-el-biess\/\"]}]},{\"@type\":\"ImageObject\",\"inLanguage\":\"es\",\"@id\":\"https:\/\/www.superbancos.gob.ec\/bancos\/contraloria-notifico-a-super-de-bancos-sobre-fondos-complementarios-previsionales-cerrados-y-la-administracion-en-el-biess\/#primaryimage\",\"url\":\"https:\/\/www.superbancos.gob.ec\/bancos\/wp-content\/uploads\/2018\/09\/boletines-de-prensa-final.jpg\",\"contentUrl\":\"https:\/\/www.superbancos.gob.ec\/bancos\/wp-content\/uploads\/2018\/09\/boletines-de-prensa-final.jpg\",\"width\":520,\"height\":330},{\"@type\":\"BreadcrumbList\",\"@id\":\"https:\/\/www.superbancos.gob.ec\/bancos\/contraloria-notifico-a-super-de-bancos-sobre-fondos-complementarios-previsionales-cerrados-y-la-administracion-en-el-biess\/#breadcrumb\",\"itemListElement\":[{\"@type\":\"ListItem\",\"position\":1,\"name\":\"Portada\",\"item\":\"https:\/\/www.superbancos.gob.ec\/bancos\/\"},{\"@type\":\"ListItem\",\"position\":2,\"name\":\"Fondos complementarios previsionales cerrados y la administraci\u00f3n en el biess.\"}]},{\"@type\":\"WebSite\",\"@id\":\"https:\/\/www.superbancos.gob.ec\/bancos\/#website\",\"url\":\"https:\/\/www.superbancos.gob.ec\/bancos\/\",\"name\":\"Superintendencia de Bancos\",\"description\":\"Organo de Control del Sistema Financiero Ecuatoriano.\",\"publisher\":{\"@id\":\"https:\/\/www.superbancos.gob.ec\/bancos\/#organization\"},\"alternateName\":\"Super de Bancos\",\"potentialAction\":[{\"@type\":\"SearchAction\",\"target\":{\"@type\":\"EntryPoint\",\"urlTemplate\":\"https:\/\/www.superbancos.gob.ec\/bancos\/?s={search_term_string}\"},\"query-input\":{\"@type\":\"PropertyValueSpecification\",\"valueRequired\":true,\"valueName\":\"search_term_string\"}}],\"inLanguage\":\"es\"},{\"@type\":\"Organization\",\"@id\":\"https:\/\/www.superbancos.gob.ec\/bancos\/#organization\",\"name\":\"Superintendencia de Bancos\",\"url\":\"https:\/\/www.superbancos.gob.ec\/bancos\/\",\"logo\":{\"@type\":\"ImageObject\",\"inLanguage\":\"es\",\"@id\":\"https:\/\/www.superbancos.gob.ec\/bancos\/#\/schema\/logo\/image\/\",\"url\":\"https:\/\/www.superbancos.gob.ec\/bancos\/wp-content\/uploads\/2022\/09\/Logo_Super.png\",\"contentUrl\":\"https:\/\/www.superbancos.gob.ec\/bancos\/wp-content\/uploads\/2022\/09\/Logo_Super.png\",\"width\":340,\"height\":92,\"caption\":\"Superintendencia de Bancos\"},\"image\":{\"@id\":\"https:\/\/www.superbancos.gob.ec\/bancos\/#\/schema\/logo\/image\/\"}},{\"@type\":\"Person\",\"@id\":\"https:\/\/www.superbancos.gob.ec\/bancos\/#\/schema\/person\/c12770f5145f3723f3aa20c0aafac282\",\"name\":\"Diego Buendia\",\"image\":{\"@type\":\"ImageObject\",\"inLanguage\":\"es\",\"@id\":\"https:\/\/www.superbancos.gob.ec\/bancos\/#\/schema\/person\/image\/\",\"url\":\"https:\/\/secure.gravatar.com\/avatar\/f2dcb31e604664a7d81f71d8260b45eb?s=96&d=mm&r=g\",\"contentUrl\":\"https:\/\/secure.gravatar.com\/avatar\/f2dcb31e604664a7d81f71d8260b45eb?s=96&d=mm&r=g\",\"caption\":\"Diego Buendia\"},\"url\":\"https:\/\/www.superbancos.gob.ec\/bancos\/author\/dbuendia\/\"}]}<\/script>\n<!-- \/ Yoast SEO plugin. -->","yoast_head_json":{"title":"Fondos complementarios previsionales cerrados y la administraci\u00f3n en el biess. - Superintendencia de Bancos","robots":{"index":"index","follow":"follow","max-snippet":"max-snippet:-1","max-image-preview":"max-image-preview:large","max-video-preview":"max-video-preview:-1"},"canonical":"https:\/\/www.superbancos.gob.ec\/bancos\/contraloria-notifico-a-super-de-bancos-sobre-fondos-complementarios-previsionales-cerrados-y-la-administracion-en-el-biess\/","og_locale":"es_ES","og_type":"article","og_title":"Fondos complementarios previsionales cerrados y la administraci\u00f3n en el biess. - Superintendencia de Bancos","og_description":"La Contralor\u00eda General del Estado, a trav\u00e9s del informe No. DNA3-0002-2019, notific\u00f3 hoy, \u00a0viernes 15 de febrero de 2019, a la Superintendencia de Bancos\u00a0 sobre el\u201dExamen especial al cumplimiento de los requisitos para el traspaso de los Fondos Complementarios Previsionales Cerrados y la administraci\u00f3n de los mismos en el Banco del Instituto Ecuatoriano de Seguridad [&hellip;]","og_url":"https:\/\/www.superbancos.gob.ec\/bancos\/contraloria-notifico-a-super-de-bancos-sobre-fondos-complementarios-previsionales-cerrados-y-la-administracion-en-el-biess\/","og_site_name":"Superintendencia de Bancos","article_published_time":"2019-02-16T20:42:39+00:00","article_modified_time":"2019-04-22T14:44:26+00:00","og_image":[{"width":520,"height":330,"url":"https:\/\/www.superbancos.gob.ec\/bancos\/wp-content\/uploads\/2018\/09\/boletines-de-prensa-final.jpg","type":"image\/jpeg"}],"author":"Diego Buendia","twitter_card":"summary_large_image","schema":{"@context":"https:\/\/schema.org","@graph":[{"@type":"Article","@id":"https:\/\/www.superbancos.gob.ec\/bancos\/contraloria-notifico-a-super-de-bancos-sobre-fondos-complementarios-previsionales-cerrados-y-la-administracion-en-el-biess\/#article","isPartOf":{"@id":"https:\/\/www.superbancos.gob.ec\/bancos\/contraloria-notifico-a-super-de-bancos-sobre-fondos-complementarios-previsionales-cerrados-y-la-administracion-en-el-biess\/"},"author":{"name":"Diego Buendia","@id":"https:\/\/www.superbancos.gob.ec\/bancos\/#\/schema\/person\/c12770f5145f3723f3aa20c0aafac282"},"headline":"Fondos complementarios previsionales cerrados y la administraci\u00f3n en el biess.","datePublished":"2019-02-16T20:42:39+00:00","dateModified":"2019-04-22T14:44:26+00:00","mainEntityOfPage":{"@id":"https:\/\/www.superbancos.gob.ec\/bancos\/contraloria-notifico-a-super-de-bancos-sobre-fondos-complementarios-previsionales-cerrados-y-la-administracion-en-el-biess\/"},"wordCount":341,"publisher":{"@id":"https:\/\/www.superbancos.gob.ec\/bancos\/#organization"},"image":{"@id":"https:\/\/www.superbancos.gob.ec\/bancos\/contraloria-notifico-a-super-de-bancos-sobre-fondos-complementarios-previsionales-cerrados-y-la-administracion-en-el-biess\/#primaryimage"},"thumbnailUrl":"https:\/\/www.superbancos.gob.ec\/bancos\/wp-content\/uploads\/2018\/09\/boletines-de-prensa-final.jpg","articleSection":["Bolet\u00edn de prensa","Noticias","Noticias Destacadas"],"inLanguage":"es"},{"@type":"WebPage","@id":"https:\/\/www.superbancos.gob.ec\/bancos\/contraloria-notifico-a-super-de-bancos-sobre-fondos-complementarios-previsionales-cerrados-y-la-administracion-en-el-biess\/","url":"https:\/\/www.superbancos.gob.ec\/bancos\/contraloria-notifico-a-super-de-bancos-sobre-fondos-complementarios-previsionales-cerrados-y-la-administracion-en-el-biess\/","name":"Fondos complementarios previsionales cerrados y la administraci\u00f3n en el biess. - Superintendencia de Bancos","isPartOf":{"@id":"https:\/\/www.superbancos.gob.ec\/bancos\/#website"},"primaryImageOfPage":{"@id":"https:\/\/www.superbancos.gob.ec\/bancos\/contraloria-notifico-a-super-de-bancos-sobre-fondos-complementarios-previsionales-cerrados-y-la-administracion-en-el-biess\/#primaryimage"},"image":{"@id":"https:\/\/www.superbancos.gob.ec\/bancos\/contraloria-notifico-a-super-de-bancos-sobre-fondos-complementarios-previsionales-cerrados-y-la-administracion-en-el-biess\/#primaryimage"},"thumbnailUrl":"https:\/\/www.superbancos.gob.ec\/bancos\/wp-content\/uploads\/2018\/09\/boletines-de-prensa-final.jpg","datePublished":"2019-02-16T20:42:39+00:00","dateModified":"2019-04-22T14:44:26+00:00","breadcrumb":{"@id":"https:\/\/www.superbancos.gob.ec\/bancos\/contraloria-notifico-a-super-de-bancos-sobre-fondos-complementarios-previsionales-cerrados-y-la-administracion-en-el-biess\/#breadcrumb"},"inLanguage":"es","potentialAction":[{"@type":"ReadAction","target":["https:\/\/www.superbancos.gob.ec\/bancos\/contraloria-notifico-a-super-de-bancos-sobre-fondos-complementarios-previsionales-cerrados-y-la-administracion-en-el-biess\/"]}]},{"@type":"ImageObject","inLanguage":"es","@id":"https:\/\/www.superbancos.gob.ec\/bancos\/contraloria-notifico-a-super-de-bancos-sobre-fondos-complementarios-previsionales-cerrados-y-la-administracion-en-el-biess\/#primaryimage","url":"https:\/\/www.superbancos.gob.ec\/bancos\/wp-content\/uploads\/2018\/09\/boletines-de-prensa-final.jpg","contentUrl":"https:\/\/www.superbancos.gob.ec\/bancos\/wp-content\/uploads\/2018\/09\/boletines-de-prensa-final.jpg","width":520,"height":330},{"@type":"BreadcrumbList","@id":"https:\/\/www.superbancos.gob.ec\/bancos\/contraloria-notifico-a-super-de-bancos-sobre-fondos-complementarios-previsionales-cerrados-y-la-administracion-en-el-biess\/#breadcrumb","itemListElement":[{"@type":"ListItem","position":1,"name":"Portada","item":"https:\/\/www.superbancos.gob.ec\/bancos\/"},{"@type":"ListItem","position":2,"name":"Fondos complementarios previsionales cerrados y la administraci\u00f3n en el biess."}]},{"@type":"WebSite","@id":"https:\/\/www.superbancos.gob.ec\/bancos\/#website","url":"https:\/\/www.superbancos.gob.ec\/bancos\/","name":"Superintendencia de Bancos","description":"Organo de Control del Sistema Financiero Ecuatoriano.","publisher":{"@id":"https:\/\/www.superbancos.gob.ec\/bancos\/#organization"},"alternateName":"Super de Bancos","potentialAction":[{"@type":"SearchAction","target":{"@type":"EntryPoint","urlTemplate":"https:\/\/www.superbancos.gob.ec\/bancos\/?s={search_term_string}"},"query-input":{"@type":"PropertyValueSpecification","valueRequired":true,"valueName":"search_term_string"}}],"inLanguage":"es"},{"@type":"Organization","@id":"https:\/\/www.superbancos.gob.ec\/bancos\/#organization","name":"Superintendencia de Bancos","url":"https:\/\/www.superbancos.gob.ec\/bancos\/","logo":{"@type":"ImageObject","inLanguage":"es","@id":"https:\/\/www.superbancos.gob.ec\/bancos\/#\/schema\/logo\/image\/","url":"https:\/\/www.superbancos.gob.ec\/bancos\/wp-content\/uploads\/2022\/09\/Logo_Super.png","contentUrl":"https:\/\/www.superbancos.gob.ec\/bancos\/wp-content\/uploads\/2022\/09\/Logo_Super.png","width":340,"height":92,"caption":"Superintendencia de Bancos"},"image":{"@id":"https:\/\/www.superbancos.gob.ec\/bancos\/#\/schema\/logo\/image\/"}},{"@type":"Person","@id":"https:\/\/www.superbancos.gob.ec\/bancos\/#\/schema\/person\/c12770f5145f3723f3aa20c0aafac282","name":"Diego Buendia","image":{"@type":"ImageObject","inLanguage":"es","@id":"https:\/\/www.superbancos.gob.ec\/bancos\/#\/schema\/person\/image\/","url":"https:\/\/secure.gravatar.com\/avatar\/f2dcb31e604664a7d81f71d8260b45eb?s=96&d=mm&r=g","contentUrl":"https:\/\/secure.gravatar.com\/avatar\/f2dcb31e604664a7d81f71d8260b45eb?s=96&d=mm&r=g","caption":"Diego Buendia"},"url":"https:\/\/www.superbancos.gob.ec\/bancos\/author\/dbuendia\/"}]}},"_links":{"self":[{"href":"https:\/\/www.superbancos.gob.ec\/bancos\/wp-json\/wp\/v2\/posts\/7074"}],"collection":[{"href":"https:\/\/www.superbancos.gob.ec\/bancos\/wp-json\/wp\/v2\/posts"}],"about":[{"href":"https:\/\/www.superbancos.gob.ec\/bancos\/wp-json\/wp\/v2\/types\/post"}],"author":[{"embeddable":true,"href":"https:\/\/www.superbancos.gob.ec\/bancos\/wp-json\/wp\/v2\/users\/3"}],"replies":[{"embeddable":true,"href":"https:\/\/www.superbancos.gob.ec\/bancos\/wp-json\/wp\/v2\/comments?post=7074"}],"version-history":[{"count":10,"href":"https:\/\/www.superbancos.gob.ec\/bancos\/wp-json\/wp\/v2\/posts\/7074\/revisions"}],"predecessor-version":[{"id":7094,"href":"https:\/\/www.superbancos.gob.ec\/bancos\/wp-json\/wp\/v2\/posts\/7074\/revisions\/7094"}],"wp:featuredmedia":[{"embeddable":true,"href":"https:\/\/www.superbancos.gob.ec\/bancos\/wp-json\/wp\/v2\/media\/6287"}],"wp:attachment":[{"href":"https:\/\/www.superbancos.gob.ec\/bancos\/wp-json\/wp\/v2\/media?parent=7074"}],"wp:term":[{"taxonomy":"category","embeddable":true,"href":"https:\/\/www.superbancos.gob.ec\/bancos\/wp-json\/wp\/v2\/categories?post=7074"},{"taxonomy":"post_tag","embeddable":true,"href":"https:\/\/www.superbancos.gob.ec\/bancos\/wp-json\/wp\/v2\/tags?post=7074"}],"curies":[{"name":"wp","href":"https:\/\/api.w.org\/{rel}","templated":true}]}}