{"id":7352,"date":"2019-04-29T19:32:22","date_gmt":"2019-04-30T00:32:22","guid":{"rendered":"https:\/\/www.superbancos.gob.ec\/bancos\/?p=7352"},"modified":"2021-11-25T12:07:54","modified_gmt":"2021-11-25T17:07:54","slug":"ruth-arregui-solano-designada-superintendente-de-bancos","status":"publish","type":"post","link":"https:\/\/www.superbancos.gob.ec\/bancos\/ruth-arregui-solano-designada-superintendente-de-bancos\/","title":{"rendered":"Ruth Arregui Solano designada Superintendente de Bancos"},"content":{"rendered":"<p>El Pleno del \u00a0Consejo de Participaci\u00f3n Ciudadana y Control Social Transitorio, a trav\u00e9s de la Resoluci\u00f3n N\u00b0 PLE-CPCCS-T-O-407-23-04-2019,\u00a0 emitida el\u00a0 23 de abril de 2019, design\u00f3 a \u00a0la magister <strong>Ruth Arregui Solano<\/strong>,\u00a0 como Superintendente de Bancos, \u00a0por 5 a\u00f1os, seg\u00fan lo dispuesto \u00a0en el Art. 205 de la Constituci\u00f3n de la Rep\u00fablica\u00a0 del Ecuador.<\/p>\n<p><a href=\"http:\/\/www.cpccs.gob.ec\/wp-content\/uploads\/2019\/04\/resolucion-no-ple-cpccs-t-o-407-23-04-2019.pdf\">http:\/\/www.cpccs.gob.ec\/wp-content\/uploads\/2019\/04\/resolucion-no-ple-cpccs-t-o-407-23-04-2019.pdf<\/a><\/p>\n<p><em><strong>Quito, 29 abril 2019<\/strong><\/em><\/p>\n","protected":false},"excerpt":{"rendered":"<p>El Pleno del \u00a0Consejo de Participaci\u00f3n Ciudadana y Control Social Transitorio, a trav\u00e9s de la Resoluci\u00f3n N\u00b0 PLE-CPCCS-T-O-407-23-04-2019,\u00a0 emitida el\u00a0 23 de abril de 2019, design\u00f3 a \u00a0la magister Ruth Arregui Solano,\u00a0 como Superintendente de Bancos, \u00a0por 5 a\u00f1os, seg\u00fan lo dispuesto \u00a0en el Art. 205 de la Constituci\u00f3n de la Rep\u00fablica\u00a0 del Ecuador. http:\/\/www.cpccs.gob.ec\/wp-content\/uploads\/2019\/04\/resolucion-no-ple-cpccs-t-o-407-23-04-2019.pdf [&hellip;]<\/p>\n","protected":false},"author":3,"featured_media":7354,"comment_status":"closed","ping_status":"open","sticky":false,"template":"","format":"standard","meta":{"footnotes":""},"categories":[114,5,6],"tags":[],"class_list":["post-7352","post","type-post","status-publish","format-standard","has-post-thumbnail","hentry","category-boletin-de-prensa","category-noticias","category-noticias-destacadas"],"yoast_head":"<!-- This site is optimized with the Yoast SEO plugin v25.4 - https:\/\/yoast.com\/wordpress\/plugins\/seo\/ -->\n<title>Ruth Arregui Solano designada Superintendente de Bancos - Superintendencia de Bancos<\/title>\n<meta name=\"robots\" content=\"index, follow, max-snippet:-1, max-image-preview:large, max-video-preview:-1\" \/>\n<link rel=\"canonical\" href=\"https:\/\/www.superbancos.gob.ec\/bancos\/ruth-arregui-solano-designada-superintendente-de-bancos\/\" \/>\n<meta property=\"og:locale\" content=\"es_ES\" \/>\n<meta property=\"og:type\" content=\"article\" \/>\n<meta property=\"og:title\" content=\"Ruth Arregui Solano designada Superintendente de Bancos - Superintendencia de Bancos\" \/>\n<meta property=\"og:description\" content=\"El Pleno del \u00a0Consejo de Participaci\u00f3n Ciudadana y Control Social Transitorio, a trav\u00e9s de la Resoluci\u00f3n N\u00b0 PLE-CPCCS-T-O-407-23-04-2019,\u00a0 emitida el\u00a0 23 de abril de 2019, design\u00f3 a \u00a0la magister Ruth Arregui Solano,\u00a0 como Superintendente de Bancos, \u00a0por 5 a\u00f1os, seg\u00fan lo dispuesto \u00a0en el Art. 205 de la Constituci\u00f3n de la Rep\u00fablica\u00a0 del Ecuador. http:\/\/www.cpccs.gob.ec\/wp-content\/uploads\/2019\/04\/resolucion-no-ple-cpccs-t-o-407-23-04-2019.pdf [&hellip;]\" \/>\n<meta property=\"og:url\" content=\"https:\/\/www.superbancos.gob.ec\/bancos\/ruth-arregui-solano-designada-superintendente-de-bancos\/\" \/>\n<meta property=\"og:site_name\" content=\"Superintendencia de Bancos\" \/>\n<meta property=\"article:published_time\" content=\"2019-04-30T00:32:22+00:00\" \/>\n<meta property=\"article:modified_time\" content=\"2021-11-25T17:07:54+00:00\" \/>\n<meta property=\"og:image\" content=\"https:\/\/www.superbancos.gob.ec\/bancos\/wp-content\/uploads\/2019\/04\/Ruth_Arregui_Solano.jpg\" \/>\n\t<meta property=\"og:image:width\" content=\"800\" \/>\n\t<meta property=\"og:image:height\" content=\"466\" \/>\n\t<meta property=\"og:image:type\" content=\"image\/jpeg\" \/>\n<meta name=\"author\" content=\"Diego Buendia\" \/>\n<meta name=\"twitter:card\" content=\"summary_large_image\" \/>\n<script type=\"application\/ld+json\" class=\"yoast-schema-graph\">{\"@context\":\"https:\/\/schema.org\",\"@graph\":[{\"@type\":\"Article\",\"@id\":\"https:\/\/www.superbancos.gob.ec\/bancos\/ruth-arregui-solano-designada-superintendente-de-bancos\/#article\",\"isPartOf\":{\"@id\":\"https:\/\/www.superbancos.gob.ec\/bancos\/ruth-arregui-solano-designada-superintendente-de-bancos\/\"},\"author\":{\"name\":\"Diego Buendia\",\"@id\":\"https:\/\/www.superbancos.gob.ec\/bancos\/#\/schema\/person\/c12770f5145f3723f3aa20c0aafac282\"},\"headline\":\"Ruth Arregui Solano designada Superintendente de Bancos\",\"datePublished\":\"2019-04-30T00:32:22+00:00\",\"dateModified\":\"2021-11-25T17:07:54+00:00\",\"mainEntityOfPage\":{\"@id\":\"https:\/\/www.superbancos.gob.ec\/bancos\/ruth-arregui-solano-designada-superintendente-de-bancos\/\"},\"wordCount\":81,\"publisher\":{\"@id\":\"https:\/\/www.superbancos.gob.ec\/bancos\/#organization\"},\"image\":{\"@id\":\"https:\/\/www.superbancos.gob.ec\/bancos\/ruth-arregui-solano-designada-superintendente-de-bancos\/#primaryimage\"},\"thumbnailUrl\":\"https:\/\/www.superbancos.gob.ec\/bancos\/wp-content\/uploads\/2019\/04\/Ruth_Arregui_Solano.jpg\",\"articleSection\":[\"Bolet\u00edn de prensa\",\"Noticias\",\"Noticias Destacadas\"],\"inLanguage\":\"es\"},{\"@type\":\"WebPage\",\"@id\":\"https:\/\/www.superbancos.gob.ec\/bancos\/ruth-arregui-solano-designada-superintendente-de-bancos\/\",\"url\":\"https:\/\/www.superbancos.gob.ec\/bancos\/ruth-arregui-solano-designada-superintendente-de-bancos\/\",\"name\":\"Ruth Arregui Solano designada Superintendente de Bancos - Superintendencia de Bancos\",\"isPartOf\":{\"@id\":\"https:\/\/www.superbancos.gob.ec\/bancos\/#website\"},\"primaryImageOfPage\":{\"@id\":\"https:\/\/www.superbancos.gob.ec\/bancos\/ruth-arregui-solano-designada-superintendente-de-bancos\/#primaryimage\"},\"image\":{\"@id\":\"https:\/\/www.superbancos.gob.ec\/bancos\/ruth-arregui-solano-designada-superintendente-de-bancos\/#primaryimage\"},\"thumbnailUrl\":\"https:\/\/www.superbancos.gob.ec\/bancos\/wp-content\/uploads\/2019\/04\/Ruth_Arregui_Solano.jpg\",\"datePublished\":\"2019-04-30T00:32:22+00:00\",\"dateModified\":\"2021-11-25T17:07:54+00:00\",\"breadcrumb\":{\"@id\":\"https:\/\/www.superbancos.gob.ec\/bancos\/ruth-arregui-solano-designada-superintendente-de-bancos\/#breadcrumb\"},\"inLanguage\":\"es\",\"potentialAction\":[{\"@type\":\"ReadAction\",\"target\":[\"https:\/\/www.superbancos.gob.ec\/bancos\/ruth-arregui-solano-designada-superintendente-de-bancos\/\"]}]},{\"@type\":\"ImageObject\",\"inLanguage\":\"es\",\"@id\":\"https:\/\/www.superbancos.gob.ec\/bancos\/ruth-arregui-solano-designada-superintendente-de-bancos\/#primaryimage\",\"url\":\"https:\/\/www.superbancos.gob.ec\/bancos\/wp-content\/uploads\/2019\/04\/Ruth_Arregui_Solano.jpg\",\"contentUrl\":\"https:\/\/www.superbancos.gob.ec\/bancos\/wp-content\/uploads\/2019\/04\/Ruth_Arregui_Solano.jpg\",\"width\":800,\"height\":466},{\"@type\":\"BreadcrumbList\",\"@id\":\"https:\/\/www.superbancos.gob.ec\/bancos\/ruth-arregui-solano-designada-superintendente-de-bancos\/#breadcrumb\",\"itemListElement\":[{\"@type\":\"ListItem\",\"position\":1,\"name\":\"Portada\",\"item\":\"https:\/\/www.superbancos.gob.ec\/bancos\/\"},{\"@type\":\"ListItem\",\"position\":2,\"name\":\"Ruth Arregui Solano designada Superintendente de Bancos\"}]},{\"@type\":\"WebSite\",\"@id\":\"https:\/\/www.superbancos.gob.ec\/bancos\/#website\",\"url\":\"https:\/\/www.superbancos.gob.ec\/bancos\/\",\"name\":\"Superintendencia de Bancos\",\"description\":\"Organo de Control del Sistema Financiero Ecuatoriano.\",\"publisher\":{\"@id\":\"https:\/\/www.superbancos.gob.ec\/bancos\/#organization\"},\"alternateName\":\"Super de Bancos\",\"potentialAction\":[{\"@type\":\"SearchAction\",\"target\":{\"@type\":\"EntryPoint\",\"urlTemplate\":\"https:\/\/www.superbancos.gob.ec\/bancos\/?s={search_term_string}\"},\"query-input\":{\"@type\":\"PropertyValueSpecification\",\"valueRequired\":true,\"valueName\":\"search_term_string\"}}],\"inLanguage\":\"es\"},{\"@type\":\"Organization\",\"@id\":\"https:\/\/www.superbancos.gob.ec\/bancos\/#organization\",\"name\":\"Superintendencia de Bancos\",\"url\":\"https:\/\/www.superbancos.gob.ec\/bancos\/\",\"logo\":{\"@type\":\"ImageObject\",\"inLanguage\":\"es\",\"@id\":\"https:\/\/www.superbancos.gob.ec\/bancos\/#\/schema\/logo\/image\/\",\"url\":\"https:\/\/www.superbancos.gob.ec\/bancos\/wp-content\/uploads\/2022\/09\/Logo_Super.png\",\"contentUrl\":\"https:\/\/www.superbancos.gob.ec\/bancos\/wp-content\/uploads\/2022\/09\/Logo_Super.png\",\"width\":340,\"height\":92,\"caption\":\"Superintendencia de Bancos\"},\"image\":{\"@id\":\"https:\/\/www.superbancos.gob.ec\/bancos\/#\/schema\/logo\/image\/\"}},{\"@type\":\"Person\",\"@id\":\"https:\/\/www.superbancos.gob.ec\/bancos\/#\/schema\/person\/c12770f5145f3723f3aa20c0aafac282\",\"name\":\"Diego Buendia\",\"image\":{\"@type\":\"ImageObject\",\"inLanguage\":\"es\",\"@id\":\"https:\/\/www.superbancos.gob.ec\/bancos\/#\/schema\/person\/image\/\",\"url\":\"https:\/\/secure.gravatar.com\/avatar\/f2dcb31e604664a7d81f71d8260b45eb?s=96&d=mm&r=g\",\"contentUrl\":\"https:\/\/secure.gravatar.com\/avatar\/f2dcb31e604664a7d81f71d8260b45eb?s=96&d=mm&r=g\",\"caption\":\"Diego Buendia\"},\"url\":\"https:\/\/www.superbancos.gob.ec\/bancos\/author\/dbuendia\/\"}]}<\/script>\n<!-- \/ Yoast SEO plugin. -->","yoast_head_json":{"title":"Ruth Arregui Solano designada Superintendente de Bancos - Superintendencia de Bancos","robots":{"index":"index","follow":"follow","max-snippet":"max-snippet:-1","max-image-preview":"max-image-preview:large","max-video-preview":"max-video-preview:-1"},"canonical":"https:\/\/www.superbancos.gob.ec\/bancos\/ruth-arregui-solano-designada-superintendente-de-bancos\/","og_locale":"es_ES","og_type":"article","og_title":"Ruth Arregui Solano designada Superintendente de Bancos - Superintendencia de Bancos","og_description":"El Pleno del \u00a0Consejo de Participaci\u00f3n Ciudadana y Control Social Transitorio, a trav\u00e9s de la Resoluci\u00f3n N\u00b0 PLE-CPCCS-T-O-407-23-04-2019,\u00a0 emitida el\u00a0 23 de abril de 2019, design\u00f3 a \u00a0la magister Ruth Arregui Solano,\u00a0 como Superintendente de Bancos, \u00a0por 5 a\u00f1os, seg\u00fan lo dispuesto \u00a0en el Art. 205 de la Constituci\u00f3n de la Rep\u00fablica\u00a0 del Ecuador. http:\/\/www.cpccs.gob.ec\/wp-content\/uploads\/2019\/04\/resolucion-no-ple-cpccs-t-o-407-23-04-2019.pdf [&hellip;]","og_url":"https:\/\/www.superbancos.gob.ec\/bancos\/ruth-arregui-solano-designada-superintendente-de-bancos\/","og_site_name":"Superintendencia de Bancos","article_published_time":"2019-04-30T00:32:22+00:00","article_modified_time":"2021-11-25T17:07:54+00:00","og_image":[{"width":800,"height":466,"url":"https:\/\/www.superbancos.gob.ec\/bancos\/wp-content\/uploads\/2019\/04\/Ruth_Arregui_Solano.jpg","type":"image\/jpeg"}],"author":"Diego Buendia","twitter_card":"summary_large_image","schema":{"@context":"https:\/\/schema.org","@graph":[{"@type":"Article","@id":"https:\/\/www.superbancos.gob.ec\/bancos\/ruth-arregui-solano-designada-superintendente-de-bancos\/#article","isPartOf":{"@id":"https:\/\/www.superbancos.gob.ec\/bancos\/ruth-arregui-solano-designada-superintendente-de-bancos\/"},"author":{"name":"Diego Buendia","@id":"https:\/\/www.superbancos.gob.ec\/bancos\/#\/schema\/person\/c12770f5145f3723f3aa20c0aafac282"},"headline":"Ruth Arregui Solano designada Superintendente de Bancos","datePublished":"2019-04-30T00:32:22+00:00","dateModified":"2021-11-25T17:07:54+00:00","mainEntityOfPage":{"@id":"https:\/\/www.superbancos.gob.ec\/bancos\/ruth-arregui-solano-designada-superintendente-de-bancos\/"},"wordCount":81,"publisher":{"@id":"https:\/\/www.superbancos.gob.ec\/bancos\/#organization"},"image":{"@id":"https:\/\/www.superbancos.gob.ec\/bancos\/ruth-arregui-solano-designada-superintendente-de-bancos\/#primaryimage"},"thumbnailUrl":"https:\/\/www.superbancos.gob.ec\/bancos\/wp-content\/uploads\/2019\/04\/Ruth_Arregui_Solano.jpg","articleSection":["Bolet\u00edn de prensa","Noticias","Noticias Destacadas"],"inLanguage":"es"},{"@type":"WebPage","@id":"https:\/\/www.superbancos.gob.ec\/bancos\/ruth-arregui-solano-designada-superintendente-de-bancos\/","url":"https:\/\/www.superbancos.gob.ec\/bancos\/ruth-arregui-solano-designada-superintendente-de-bancos\/","name":"Ruth Arregui Solano designada Superintendente de Bancos - Superintendencia de Bancos","isPartOf":{"@id":"https:\/\/www.superbancos.gob.ec\/bancos\/#website"},"primaryImageOfPage":{"@id":"https:\/\/www.superbancos.gob.ec\/bancos\/ruth-arregui-solano-designada-superintendente-de-bancos\/#primaryimage"},"image":{"@id":"https:\/\/www.superbancos.gob.ec\/bancos\/ruth-arregui-solano-designada-superintendente-de-bancos\/#primaryimage"},"thumbnailUrl":"https:\/\/www.superbancos.gob.ec\/bancos\/wp-content\/uploads\/2019\/04\/Ruth_Arregui_Solano.jpg","datePublished":"2019-04-30T00:32:22+00:00","dateModified":"2021-11-25T17:07:54+00:00","breadcrumb":{"@id":"https:\/\/www.superbancos.gob.ec\/bancos\/ruth-arregui-solano-designada-superintendente-de-bancos\/#breadcrumb"},"inLanguage":"es","potentialAction":[{"@type":"ReadAction","target":["https:\/\/www.superbancos.gob.ec\/bancos\/ruth-arregui-solano-designada-superintendente-de-bancos\/"]}]},{"@type":"ImageObject","inLanguage":"es","@id":"https:\/\/www.superbancos.gob.ec\/bancos\/ruth-arregui-solano-designada-superintendente-de-bancos\/#primaryimage","url":"https:\/\/www.superbancos.gob.ec\/bancos\/wp-content\/uploads\/2019\/04\/Ruth_Arregui_Solano.jpg","contentUrl":"https:\/\/www.superbancos.gob.ec\/bancos\/wp-content\/uploads\/2019\/04\/Ruth_Arregui_Solano.jpg","width":800,"height":466},{"@type":"BreadcrumbList","@id":"https:\/\/www.superbancos.gob.ec\/bancos\/ruth-arregui-solano-designada-superintendente-de-bancos\/#breadcrumb","itemListElement":[{"@type":"ListItem","position":1,"name":"Portada","item":"https:\/\/www.superbancos.gob.ec\/bancos\/"},{"@type":"ListItem","position":2,"name":"Ruth Arregui Solano designada Superintendente de Bancos"}]},{"@type":"WebSite","@id":"https:\/\/www.superbancos.gob.ec\/bancos\/#website","url":"https:\/\/www.superbancos.gob.ec\/bancos\/","name":"Superintendencia de Bancos","description":"Organo de Control del Sistema Financiero Ecuatoriano.","publisher":{"@id":"https:\/\/www.superbancos.gob.ec\/bancos\/#organization"},"alternateName":"Super de Bancos","potentialAction":[{"@type":"SearchAction","target":{"@type":"EntryPoint","urlTemplate":"https:\/\/www.superbancos.gob.ec\/bancos\/?s={search_term_string}"},"query-input":{"@type":"PropertyValueSpecification","valueRequired":true,"valueName":"search_term_string"}}],"inLanguage":"es"},{"@type":"Organization","@id":"https:\/\/www.superbancos.gob.ec\/bancos\/#organization","name":"Superintendencia de Bancos","url":"https:\/\/www.superbancos.gob.ec\/bancos\/","logo":{"@type":"ImageObject","inLanguage":"es","@id":"https:\/\/www.superbancos.gob.ec\/bancos\/#\/schema\/logo\/image\/","url":"https:\/\/www.superbancos.gob.ec\/bancos\/wp-content\/uploads\/2022\/09\/Logo_Super.png","contentUrl":"https:\/\/www.superbancos.gob.ec\/bancos\/wp-content\/uploads\/2022\/09\/Logo_Super.png","width":340,"height":92,"caption":"Superintendencia de Bancos"},"image":{"@id":"https:\/\/www.superbancos.gob.ec\/bancos\/#\/schema\/logo\/image\/"}},{"@type":"Person","@id":"https:\/\/www.superbancos.gob.ec\/bancos\/#\/schema\/person\/c12770f5145f3723f3aa20c0aafac282","name":"Diego Buendia","image":{"@type":"ImageObject","inLanguage":"es","@id":"https:\/\/www.superbancos.gob.ec\/bancos\/#\/schema\/person\/image\/","url":"https:\/\/secure.gravatar.com\/avatar\/f2dcb31e604664a7d81f71d8260b45eb?s=96&d=mm&r=g","contentUrl":"https:\/\/secure.gravatar.com\/avatar\/f2dcb31e604664a7d81f71d8260b45eb?s=96&d=mm&r=g","caption":"Diego Buendia"},"url":"https:\/\/www.superbancos.gob.ec\/bancos\/author\/dbuendia\/"}]}},"_links":{"self":[{"href":"https:\/\/www.superbancos.gob.ec\/bancos\/wp-json\/wp\/v2\/posts\/7352"}],"collection":[{"href":"https:\/\/www.superbancos.gob.ec\/bancos\/wp-json\/wp\/v2\/posts"}],"about":[{"href":"https:\/\/www.superbancos.gob.ec\/bancos\/wp-json\/wp\/v2\/types\/post"}],"author":[{"embeddable":true,"href":"https:\/\/www.superbancos.gob.ec\/bancos\/wp-json\/wp\/v2\/users\/3"}],"replies":[{"embeddable":true,"href":"https:\/\/www.superbancos.gob.ec\/bancos\/wp-json\/wp\/v2\/comments?post=7352"}],"version-history":[{"count":4,"href":"https:\/\/www.superbancos.gob.ec\/bancos\/wp-json\/wp\/v2\/posts\/7352\/revisions"}],"predecessor-version":[{"id":13845,"href":"https:\/\/www.superbancos.gob.ec\/bancos\/wp-json\/wp\/v2\/posts\/7352\/revisions\/13845"}],"wp:featuredmedia":[{"embeddable":true,"href":"https:\/\/www.superbancos.gob.ec\/bancos\/wp-json\/wp\/v2\/media\/7354"}],"wp:attachment":[{"href":"https:\/\/www.superbancos.gob.ec\/bancos\/wp-json\/wp\/v2\/media?parent=7352"}],"wp:term":[{"taxonomy":"category","embeddable":true,"href":"https:\/\/www.superbancos.gob.ec\/bancos\/wp-json\/wp\/v2\/categories?post=7352"},{"taxonomy":"post_tag","embeddable":true,"href":"https:\/\/www.superbancos.gob.ec\/bancos\/wp-json\/wp\/v2\/tags?post=7352"}],"curies":[{"name":"wp","href":"https:\/\/api.w.org\/{rel}","templated":true}]}}