{"id":7420,"date":"2019-05-13T22:14:29","date_gmt":"2019-05-14T03:14:29","guid":{"rendered":"https:\/\/www.superbancos.gob.ec\/bancos\/?p=7420"},"modified":"2021-11-25T12:04:58","modified_gmt":"2021-11-25T17:04:58","slug":"ruth-arregui-se-va-a-re-institucionalizar-la-sb","status":"publish","type":"post","link":"https:\/\/www.superbancos.gob.ec\/bancos\/ruth-arregui-se-va-a-re-institucionalizar-la-sb\/","title":{"rendered":"Ruth Arregui: \u00abSe va a re-institucionalizar la SB\u00bb"},"content":{"rendered":"<p>En el marco de la suscripci\u00f3n del Decreto para la creaci\u00f3n de la Comisi\u00f3n de Expertos Internacionales de Lucha Contra la Corrupci\u00f3n en Ecuador (CEICCE), Ruth Arregui, Superintendente de Bancos, indic\u00f3 al Presidente de la Rep\u00fablica Len\u00edn Moreno, que reinstitucionalizar\u00e1 al organismo de control y que se priorizar\u00e1 la lucha contra la corrupci\u00f3n.<\/p>\n<p>Precisa indicar que la Comisi\u00f3n internacional (CEICCE), integrada por 5 miembros de: Espa\u00f1a, Brasil, Estados Unidos, Guatemala y Honduras, tienen entre sus objetivos: prevenir, investigar y sancionar los actos de corrupci\u00f3n.<\/p>\n<p><em><strong>Quito, 13 mayo 2019<\/strong><\/em><\/p>\n","protected":false},"excerpt":{"rendered":"<p>En el marco de la suscripci\u00f3n del Decreto para la creaci\u00f3n de la Comisi\u00f3n de Expertos Internacionales de Lucha Contra la Corrupci\u00f3n en Ecuador (CEICCE), Ruth Arregui, Superintendente de Bancos, indic\u00f3 al Presidente de la Rep\u00fablica Len\u00edn Moreno, que reinstitucionalizar\u00e1 al organismo de control y que se priorizar\u00e1 la lucha contra la corrupci\u00f3n. Precisa indicar [&hellip;]<\/p>\n","protected":false},"author":3,"featured_media":7421,"comment_status":"closed","ping_status":"open","sticky":false,"template":"","format":"standard","meta":{"footnotes":""},"categories":[114,5,6],"tags":[],"class_list":["post-7420","post","type-post","status-publish","format-standard","has-post-thumbnail","hentry","category-boletin-de-prensa","category-noticias","category-noticias-destacadas"],"yoast_head":"<!-- This site is optimized with the Yoast SEO plugin v25.4 - https:\/\/yoast.com\/wordpress\/plugins\/seo\/ -->\n<title>Ruth Arregui: &quot;Se va a re-institucionalizar la SB&quot; - Superintendencia de Bancos<\/title>\n<meta name=\"robots\" content=\"index, follow, max-snippet:-1, max-image-preview:large, max-video-preview:-1\" \/>\n<link rel=\"canonical\" href=\"https:\/\/www.superbancos.gob.ec\/bancos\/ruth-arregui-se-va-a-re-institucionalizar-la-sb\/\" \/>\n<meta property=\"og:locale\" content=\"es_ES\" \/>\n<meta property=\"og:type\" content=\"article\" \/>\n<meta property=\"og:title\" content=\"Ruth Arregui: &quot;Se va a re-institucionalizar la SB&quot; - Superintendencia de Bancos\" \/>\n<meta property=\"og:description\" content=\"En el marco de la suscripci\u00f3n del Decreto para la creaci\u00f3n de la Comisi\u00f3n de Expertos Internacionales de Lucha Contra la Corrupci\u00f3n en Ecuador (CEICCE), Ruth Arregui, Superintendente de Bancos, indic\u00f3 al Presidente de la Rep\u00fablica Len\u00edn Moreno, que reinstitucionalizar\u00e1 al organismo de control y que se priorizar\u00e1 la lucha contra la corrupci\u00f3n. Precisa indicar [&hellip;]\" \/>\n<meta property=\"og:url\" content=\"https:\/\/www.superbancos.gob.ec\/bancos\/ruth-arregui-se-va-a-re-institucionalizar-la-sb\/\" \/>\n<meta property=\"og:site_name\" content=\"Superintendencia de Bancos\" \/>\n<meta property=\"article:published_time\" content=\"2019-05-14T03:14:29+00:00\" \/>\n<meta property=\"article:modified_time\" content=\"2021-11-25T17:04:58+00:00\" \/>\n<meta property=\"og:image\" content=\"https:\/\/www.superbancos.gob.ec\/bancos\/wp-content\/uploads\/2019\/05\/ruth_presidente.jpeg\" \/>\n\t<meta property=\"og:image:width\" content=\"800\" \/>\n\t<meta property=\"og:image:height\" content=\"472\" \/>\n\t<meta property=\"og:image:type\" content=\"image\/jpeg\" \/>\n<meta name=\"author\" content=\"Diego Buendia\" \/>\n<meta name=\"twitter:card\" content=\"summary_large_image\" \/>\n<script type=\"application\/ld+json\" class=\"yoast-schema-graph\">{\"@context\":\"https:\/\/schema.org\",\"@graph\":[{\"@type\":\"Article\",\"@id\":\"https:\/\/www.superbancos.gob.ec\/bancos\/ruth-arregui-se-va-a-re-institucionalizar-la-sb\/#article\",\"isPartOf\":{\"@id\":\"https:\/\/www.superbancos.gob.ec\/bancos\/ruth-arregui-se-va-a-re-institucionalizar-la-sb\/\"},\"author\":{\"name\":\"Diego Buendia\",\"@id\":\"https:\/\/www.superbancos.gob.ec\/bancos\/#\/schema\/person\/c12770f5145f3723f3aa20c0aafac282\"},\"headline\":\"Ruth Arregui: \u00abSe va a re-institucionalizar la SB\u00bb\",\"datePublished\":\"2019-05-14T03:14:29+00:00\",\"dateModified\":\"2021-11-25T17:04:58+00:00\",\"mainEntityOfPage\":{\"@id\":\"https:\/\/www.superbancos.gob.ec\/bancos\/ruth-arregui-se-va-a-re-institucionalizar-la-sb\/\"},\"wordCount\":103,\"publisher\":{\"@id\":\"https:\/\/www.superbancos.gob.ec\/bancos\/#organization\"},\"image\":{\"@id\":\"https:\/\/www.superbancos.gob.ec\/bancos\/ruth-arregui-se-va-a-re-institucionalizar-la-sb\/#primaryimage\"},\"thumbnailUrl\":\"https:\/\/www.superbancos.gob.ec\/bancos\/wp-content\/uploads\/2019\/05\/ruth_presidente.jpeg\",\"articleSection\":[\"Bolet\u00edn de prensa\",\"Noticias\",\"Noticias Destacadas\"],\"inLanguage\":\"es\"},{\"@type\":\"WebPage\",\"@id\":\"https:\/\/www.superbancos.gob.ec\/bancos\/ruth-arregui-se-va-a-re-institucionalizar-la-sb\/\",\"url\":\"https:\/\/www.superbancos.gob.ec\/bancos\/ruth-arregui-se-va-a-re-institucionalizar-la-sb\/\",\"name\":\"Ruth Arregui: \\\"Se va a re-institucionalizar la SB\\\" - Superintendencia de Bancos\",\"isPartOf\":{\"@id\":\"https:\/\/www.superbancos.gob.ec\/bancos\/#website\"},\"primaryImageOfPage\":{\"@id\":\"https:\/\/www.superbancos.gob.ec\/bancos\/ruth-arregui-se-va-a-re-institucionalizar-la-sb\/#primaryimage\"},\"image\":{\"@id\":\"https:\/\/www.superbancos.gob.ec\/bancos\/ruth-arregui-se-va-a-re-institucionalizar-la-sb\/#primaryimage\"},\"thumbnailUrl\":\"https:\/\/www.superbancos.gob.ec\/bancos\/wp-content\/uploads\/2019\/05\/ruth_presidente.jpeg\",\"datePublished\":\"2019-05-14T03:14:29+00:00\",\"dateModified\":\"2021-11-25T17:04:58+00:00\",\"breadcrumb\":{\"@id\":\"https:\/\/www.superbancos.gob.ec\/bancos\/ruth-arregui-se-va-a-re-institucionalizar-la-sb\/#breadcrumb\"},\"inLanguage\":\"es\",\"potentialAction\":[{\"@type\":\"ReadAction\",\"target\":[\"https:\/\/www.superbancos.gob.ec\/bancos\/ruth-arregui-se-va-a-re-institucionalizar-la-sb\/\"]}]},{\"@type\":\"ImageObject\",\"inLanguage\":\"es\",\"@id\":\"https:\/\/www.superbancos.gob.ec\/bancos\/ruth-arregui-se-va-a-re-institucionalizar-la-sb\/#primaryimage\",\"url\":\"https:\/\/www.superbancos.gob.ec\/bancos\/wp-content\/uploads\/2019\/05\/ruth_presidente.jpeg\",\"contentUrl\":\"https:\/\/www.superbancos.gob.ec\/bancos\/wp-content\/uploads\/2019\/05\/ruth_presidente.jpeg\",\"width\":800,\"height\":472},{\"@type\":\"BreadcrumbList\",\"@id\":\"https:\/\/www.superbancos.gob.ec\/bancos\/ruth-arregui-se-va-a-re-institucionalizar-la-sb\/#breadcrumb\",\"itemListElement\":[{\"@type\":\"ListItem\",\"position\":1,\"name\":\"Portada\",\"item\":\"https:\/\/www.superbancos.gob.ec\/bancos\/\"},{\"@type\":\"ListItem\",\"position\":2,\"name\":\"Ruth Arregui: \u00abSe va a re-institucionalizar la SB\u00bb\"}]},{\"@type\":\"WebSite\",\"@id\":\"https:\/\/www.superbancos.gob.ec\/bancos\/#website\",\"url\":\"https:\/\/www.superbancos.gob.ec\/bancos\/\",\"name\":\"Superintendencia de Bancos\",\"description\":\"Organo de Control del Sistema Financiero Ecuatoriano.\",\"publisher\":{\"@id\":\"https:\/\/www.superbancos.gob.ec\/bancos\/#organization\"},\"alternateName\":\"Super de Bancos\",\"potentialAction\":[{\"@type\":\"SearchAction\",\"target\":{\"@type\":\"EntryPoint\",\"urlTemplate\":\"https:\/\/www.superbancos.gob.ec\/bancos\/?s={search_term_string}\"},\"query-input\":{\"@type\":\"PropertyValueSpecification\",\"valueRequired\":true,\"valueName\":\"search_term_string\"}}],\"inLanguage\":\"es\"},{\"@type\":\"Organization\",\"@id\":\"https:\/\/www.superbancos.gob.ec\/bancos\/#organization\",\"name\":\"Superintendencia de Bancos\",\"url\":\"https:\/\/www.superbancos.gob.ec\/bancos\/\",\"logo\":{\"@type\":\"ImageObject\",\"inLanguage\":\"es\",\"@id\":\"https:\/\/www.superbancos.gob.ec\/bancos\/#\/schema\/logo\/image\/\",\"url\":\"https:\/\/www.superbancos.gob.ec\/bancos\/wp-content\/uploads\/2022\/09\/Logo_Super.png\",\"contentUrl\":\"https:\/\/www.superbancos.gob.ec\/bancos\/wp-content\/uploads\/2022\/09\/Logo_Super.png\",\"width\":340,\"height\":92,\"caption\":\"Superintendencia de Bancos\"},\"image\":{\"@id\":\"https:\/\/www.superbancos.gob.ec\/bancos\/#\/schema\/logo\/image\/\"}},{\"@type\":\"Person\",\"@id\":\"https:\/\/www.superbancos.gob.ec\/bancos\/#\/schema\/person\/c12770f5145f3723f3aa20c0aafac282\",\"name\":\"Diego Buendia\",\"image\":{\"@type\":\"ImageObject\",\"inLanguage\":\"es\",\"@id\":\"https:\/\/www.superbancos.gob.ec\/bancos\/#\/schema\/person\/image\/\",\"url\":\"https:\/\/secure.gravatar.com\/avatar\/f2dcb31e604664a7d81f71d8260b45eb?s=96&d=mm&r=g\",\"contentUrl\":\"https:\/\/secure.gravatar.com\/avatar\/f2dcb31e604664a7d81f71d8260b45eb?s=96&d=mm&r=g\",\"caption\":\"Diego Buendia\"},\"url\":\"https:\/\/www.superbancos.gob.ec\/bancos\/author\/dbuendia\/\"}]}<\/script>\n<!-- \/ Yoast SEO plugin. -->","yoast_head_json":{"title":"Ruth Arregui: \"Se va a re-institucionalizar la SB\" - Superintendencia de Bancos","robots":{"index":"index","follow":"follow","max-snippet":"max-snippet:-1","max-image-preview":"max-image-preview:large","max-video-preview":"max-video-preview:-1"},"canonical":"https:\/\/www.superbancos.gob.ec\/bancos\/ruth-arregui-se-va-a-re-institucionalizar-la-sb\/","og_locale":"es_ES","og_type":"article","og_title":"Ruth Arregui: \"Se va a re-institucionalizar la SB\" - Superintendencia de Bancos","og_description":"En el marco de la suscripci\u00f3n del Decreto para la creaci\u00f3n de la Comisi\u00f3n de Expertos Internacionales de Lucha Contra la Corrupci\u00f3n en Ecuador (CEICCE), Ruth Arregui, Superintendente de Bancos, indic\u00f3 al Presidente de la Rep\u00fablica Len\u00edn Moreno, que reinstitucionalizar\u00e1 al organismo de control y que se priorizar\u00e1 la lucha contra la corrupci\u00f3n. Precisa indicar [&hellip;]","og_url":"https:\/\/www.superbancos.gob.ec\/bancos\/ruth-arregui-se-va-a-re-institucionalizar-la-sb\/","og_site_name":"Superintendencia de Bancos","article_published_time":"2019-05-14T03:14:29+00:00","article_modified_time":"2021-11-25T17:04:58+00:00","og_image":[{"width":800,"height":472,"url":"https:\/\/www.superbancos.gob.ec\/bancos\/wp-content\/uploads\/2019\/05\/ruth_presidente.jpeg","type":"image\/jpeg"}],"author":"Diego Buendia","twitter_card":"summary_large_image","schema":{"@context":"https:\/\/schema.org","@graph":[{"@type":"Article","@id":"https:\/\/www.superbancos.gob.ec\/bancos\/ruth-arregui-se-va-a-re-institucionalizar-la-sb\/#article","isPartOf":{"@id":"https:\/\/www.superbancos.gob.ec\/bancos\/ruth-arregui-se-va-a-re-institucionalizar-la-sb\/"},"author":{"name":"Diego Buendia","@id":"https:\/\/www.superbancos.gob.ec\/bancos\/#\/schema\/person\/c12770f5145f3723f3aa20c0aafac282"},"headline":"Ruth Arregui: \u00abSe va a re-institucionalizar la SB\u00bb","datePublished":"2019-05-14T03:14:29+00:00","dateModified":"2021-11-25T17:04:58+00:00","mainEntityOfPage":{"@id":"https:\/\/www.superbancos.gob.ec\/bancos\/ruth-arregui-se-va-a-re-institucionalizar-la-sb\/"},"wordCount":103,"publisher":{"@id":"https:\/\/www.superbancos.gob.ec\/bancos\/#organization"},"image":{"@id":"https:\/\/www.superbancos.gob.ec\/bancos\/ruth-arregui-se-va-a-re-institucionalizar-la-sb\/#primaryimage"},"thumbnailUrl":"https:\/\/www.superbancos.gob.ec\/bancos\/wp-content\/uploads\/2019\/05\/ruth_presidente.jpeg","articleSection":["Bolet\u00edn de prensa","Noticias","Noticias Destacadas"],"inLanguage":"es"},{"@type":"WebPage","@id":"https:\/\/www.superbancos.gob.ec\/bancos\/ruth-arregui-se-va-a-re-institucionalizar-la-sb\/","url":"https:\/\/www.superbancos.gob.ec\/bancos\/ruth-arregui-se-va-a-re-institucionalizar-la-sb\/","name":"Ruth Arregui: \"Se va a re-institucionalizar la SB\" - Superintendencia de Bancos","isPartOf":{"@id":"https:\/\/www.superbancos.gob.ec\/bancos\/#website"},"primaryImageOfPage":{"@id":"https:\/\/www.superbancos.gob.ec\/bancos\/ruth-arregui-se-va-a-re-institucionalizar-la-sb\/#primaryimage"},"image":{"@id":"https:\/\/www.superbancos.gob.ec\/bancos\/ruth-arregui-se-va-a-re-institucionalizar-la-sb\/#primaryimage"},"thumbnailUrl":"https:\/\/www.superbancos.gob.ec\/bancos\/wp-content\/uploads\/2019\/05\/ruth_presidente.jpeg","datePublished":"2019-05-14T03:14:29+00:00","dateModified":"2021-11-25T17:04:58+00:00","breadcrumb":{"@id":"https:\/\/www.superbancos.gob.ec\/bancos\/ruth-arregui-se-va-a-re-institucionalizar-la-sb\/#breadcrumb"},"inLanguage":"es","potentialAction":[{"@type":"ReadAction","target":["https:\/\/www.superbancos.gob.ec\/bancos\/ruth-arregui-se-va-a-re-institucionalizar-la-sb\/"]}]},{"@type":"ImageObject","inLanguage":"es","@id":"https:\/\/www.superbancos.gob.ec\/bancos\/ruth-arregui-se-va-a-re-institucionalizar-la-sb\/#primaryimage","url":"https:\/\/www.superbancos.gob.ec\/bancos\/wp-content\/uploads\/2019\/05\/ruth_presidente.jpeg","contentUrl":"https:\/\/www.superbancos.gob.ec\/bancos\/wp-content\/uploads\/2019\/05\/ruth_presidente.jpeg","width":800,"height":472},{"@type":"BreadcrumbList","@id":"https:\/\/www.superbancos.gob.ec\/bancos\/ruth-arregui-se-va-a-re-institucionalizar-la-sb\/#breadcrumb","itemListElement":[{"@type":"ListItem","position":1,"name":"Portada","item":"https:\/\/www.superbancos.gob.ec\/bancos\/"},{"@type":"ListItem","position":2,"name":"Ruth Arregui: \u00abSe va a re-institucionalizar la SB\u00bb"}]},{"@type":"WebSite","@id":"https:\/\/www.superbancos.gob.ec\/bancos\/#website","url":"https:\/\/www.superbancos.gob.ec\/bancos\/","name":"Superintendencia de Bancos","description":"Organo de Control del Sistema Financiero Ecuatoriano.","publisher":{"@id":"https:\/\/www.superbancos.gob.ec\/bancos\/#organization"},"alternateName":"Super de Bancos","potentialAction":[{"@type":"SearchAction","target":{"@type":"EntryPoint","urlTemplate":"https:\/\/www.superbancos.gob.ec\/bancos\/?s={search_term_string}"},"query-input":{"@type":"PropertyValueSpecification","valueRequired":true,"valueName":"search_term_string"}}],"inLanguage":"es"},{"@type":"Organization","@id":"https:\/\/www.superbancos.gob.ec\/bancos\/#organization","name":"Superintendencia de Bancos","url":"https:\/\/www.superbancos.gob.ec\/bancos\/","logo":{"@type":"ImageObject","inLanguage":"es","@id":"https:\/\/www.superbancos.gob.ec\/bancos\/#\/schema\/logo\/image\/","url":"https:\/\/www.superbancos.gob.ec\/bancos\/wp-content\/uploads\/2022\/09\/Logo_Super.png","contentUrl":"https:\/\/www.superbancos.gob.ec\/bancos\/wp-content\/uploads\/2022\/09\/Logo_Super.png","width":340,"height":92,"caption":"Superintendencia de Bancos"},"image":{"@id":"https:\/\/www.superbancos.gob.ec\/bancos\/#\/schema\/logo\/image\/"}},{"@type":"Person","@id":"https:\/\/www.superbancos.gob.ec\/bancos\/#\/schema\/person\/c12770f5145f3723f3aa20c0aafac282","name":"Diego Buendia","image":{"@type":"ImageObject","inLanguage":"es","@id":"https:\/\/www.superbancos.gob.ec\/bancos\/#\/schema\/person\/image\/","url":"https:\/\/secure.gravatar.com\/avatar\/f2dcb31e604664a7d81f71d8260b45eb?s=96&d=mm&r=g","contentUrl":"https:\/\/secure.gravatar.com\/avatar\/f2dcb31e604664a7d81f71d8260b45eb?s=96&d=mm&r=g","caption":"Diego Buendia"},"url":"https:\/\/www.superbancos.gob.ec\/bancos\/author\/dbuendia\/"}]}},"_links":{"self":[{"href":"https:\/\/www.superbancos.gob.ec\/bancos\/wp-json\/wp\/v2\/posts\/7420"}],"collection":[{"href":"https:\/\/www.superbancos.gob.ec\/bancos\/wp-json\/wp\/v2\/posts"}],"about":[{"href":"https:\/\/www.superbancos.gob.ec\/bancos\/wp-json\/wp\/v2\/types\/post"}],"author":[{"embeddable":true,"href":"https:\/\/www.superbancos.gob.ec\/bancos\/wp-json\/wp\/v2\/users\/3"}],"replies":[{"embeddable":true,"href":"https:\/\/www.superbancos.gob.ec\/bancos\/wp-json\/wp\/v2\/comments?post=7420"}],"version-history":[{"count":3,"href":"https:\/\/www.superbancos.gob.ec\/bancos\/wp-json\/wp\/v2\/posts\/7420\/revisions"}],"predecessor-version":[{"id":13840,"href":"https:\/\/www.superbancos.gob.ec\/bancos\/wp-json\/wp\/v2\/posts\/7420\/revisions\/13840"}],"wp:featuredmedia":[{"embeddable":true,"href":"https:\/\/www.superbancos.gob.ec\/bancos\/wp-json\/wp\/v2\/media\/7421"}],"wp:attachment":[{"href":"https:\/\/www.superbancos.gob.ec\/bancos\/wp-json\/wp\/v2\/media?parent=7420"}],"wp:term":[{"taxonomy":"category","embeddable":true,"href":"https:\/\/www.superbancos.gob.ec\/bancos\/wp-json\/wp\/v2\/categories?post=7420"},{"taxonomy":"post_tag","embeddable":true,"href":"https:\/\/www.superbancos.gob.ec\/bancos\/wp-json\/wp\/v2\/tags?post=7420"}],"curies":[{"name":"wp","href":"https:\/\/api.w.org\/{rel}","templated":true}]}}