{"id":7477,"date":"2019-05-20T15:16:31","date_gmt":"2019-05-20T20:16:31","guid":{"rendered":"https:\/\/www.superbancos.gob.ec\/bancos\/?p=7477"},"modified":"2021-11-25T12:03:00","modified_gmt":"2021-11-25T17:03:00","slug":"superintendente-de-bancos-asiste-a-funeral-de-julio-cesar-trujillo","status":"publish","type":"post","link":"https:\/\/www.superbancos.gob.ec\/bancos\/superintendente-de-bancos-asiste-a-funeral-de-julio-cesar-trujillo\/","title":{"rendered":"Superintendente de Bancos asiste a funeral de Julio C\u00e9sar Trujillo"},"content":{"rendered":"<p>La Superintendente de Bancos, Ruth Arregui, asisti\u00f3 junto a los dem\u00e1s miembros de la Funci\u00f3n de Transparencia y Control Social, a los funerales del presidente del Consejo de Participaci\u00f3n Ciudadana y Control Social Transitorio, Julio C\u00e9sar Trujillo, en el Auditorio Mayor del Centro Cultural de la Pontificia Universidad Cat\u00f3lica del Ecuador.<\/p>\n<p>La Superintendente expres\u00f3 sus condolencias a Martha Troya, esposa de Trujillo, quien falleci\u00f3 este domingo despu\u00e9s de permanecer internado cinco d\u00edas en el hospital Metropolitano de Quito, tras sufrir un derrame cerebral.<\/p>\n<p>En homenaje a su memoria, la Funci\u00f3n de Transparencia y Control Social resolvi\u00f3, en sesi\u00f3n extraordinaria, solicitar al presidente de la Rep\u00fablica Lenin Moreno que el 19 de mayo, fecha del fallecimiento de Julio C\u00e9sar Trujillo, sea declarado como\u00a0D\u00eda Nacional del Compromiso C\u00edvico con la Transparencia y la \u00c9tica P\u00fablica; y D\u00eda de la Funci\u00f3n de Transparencia y Control Social.<\/p>\n<p>El Contralor General Subrogante del Estado (S), Pablo Celi, nuevo presidente de la Funci\u00f3n de Transparencia y Control Social, expres\u00f3 que este pedido se realiza en funci\u00f3n de todos los ciudadanos y enalteci\u00f3 el compromiso pol\u00edtico, social y la \u00e9tica p\u00fablica del Dr. Trujillo.<\/p>\n<p><em><strong>Quito, 20 mayo 2019<\/strong><\/em><\/p>\n","protected":false},"excerpt":{"rendered":"<p>La Superintendente de Bancos, Ruth Arregui, asisti\u00f3 junto a los dem\u00e1s miembros de la Funci\u00f3n de Transparencia y Control Social, a los funerales del presidente del Consejo de Participaci\u00f3n Ciudadana y Control Social Transitorio, Julio C\u00e9sar Trujillo, en el Auditorio Mayor del Centro Cultural de la Pontificia Universidad Cat\u00f3lica del Ecuador. La Superintendente expres\u00f3 sus [&hellip;]<\/p>\n","protected":false},"author":3,"featured_media":7479,"comment_status":"closed","ping_status":"open","sticky":false,"template":"","format":"standard","meta":{"footnotes":""},"categories":[114,5,6],"tags":[],"class_list":["post-7477","post","type-post","status-publish","format-standard","has-post-thumbnail","hentry","category-boletin-de-prensa","category-noticias","category-noticias-destacadas"],"yoast_head":"<!-- This site is optimized with the Yoast SEO plugin v25.4 - https:\/\/yoast.com\/wordpress\/plugins\/seo\/ -->\n<title>Superintendente de Bancos asiste a funeral de Julio C\u00e9sar Trujillo - Superintendencia de Bancos<\/title>\n<meta name=\"robots\" content=\"index, follow, max-snippet:-1, max-image-preview:large, max-video-preview:-1\" \/>\n<link rel=\"canonical\" href=\"https:\/\/www.superbancos.gob.ec\/bancos\/superintendente-de-bancos-asiste-a-funeral-de-julio-cesar-trujillo\/\" \/>\n<meta property=\"og:locale\" content=\"es_ES\" \/>\n<meta property=\"og:type\" content=\"article\" \/>\n<meta property=\"og:title\" content=\"Superintendente de Bancos asiste a funeral de Julio C\u00e9sar Trujillo - Superintendencia de Bancos\" \/>\n<meta property=\"og:description\" content=\"La Superintendente de Bancos, Ruth Arregui, asisti\u00f3 junto a los dem\u00e1s miembros de la Funci\u00f3n de Transparencia y Control Social, a los funerales del presidente del Consejo de Participaci\u00f3n Ciudadana y Control Social Transitorio, Julio C\u00e9sar Trujillo, en el Auditorio Mayor del Centro Cultural de la Pontificia Universidad Cat\u00f3lica del Ecuador. La Superintendente expres\u00f3 sus [&hellip;]\" \/>\n<meta property=\"og:url\" content=\"https:\/\/www.superbancos.gob.ec\/bancos\/superintendente-de-bancos-asiste-a-funeral-de-julio-cesar-trujillo\/\" \/>\n<meta property=\"og:site_name\" content=\"Superintendencia de Bancos\" \/>\n<meta property=\"article:published_time\" content=\"2019-05-20T20:16:31+00:00\" \/>\n<meta property=\"article:modified_time\" content=\"2021-11-25T17:03:00+00:00\" \/>\n<meta property=\"og:image\" content=\"https:\/\/www.superbancos.gob.ec\/bancos\/wp-content\/uploads\/2019\/05\/arregui_funeral.jpg\" \/>\n\t<meta property=\"og:image:width\" content=\"861\" \/>\n\t<meta property=\"og:image:height\" content=\"502\" \/>\n\t<meta property=\"og:image:type\" content=\"image\/jpeg\" \/>\n<meta name=\"author\" content=\"Diego Buendia\" \/>\n<meta name=\"twitter:card\" content=\"summary_large_image\" \/>\n<script type=\"application\/ld+json\" class=\"yoast-schema-graph\">{\"@context\":\"https:\/\/schema.org\",\"@graph\":[{\"@type\":\"Article\",\"@id\":\"https:\/\/www.superbancos.gob.ec\/bancos\/superintendente-de-bancos-asiste-a-funeral-de-julio-cesar-trujillo\/#article\",\"isPartOf\":{\"@id\":\"https:\/\/www.superbancos.gob.ec\/bancos\/superintendente-de-bancos-asiste-a-funeral-de-julio-cesar-trujillo\/\"},\"author\":{\"name\":\"Diego Buendia\",\"@id\":\"https:\/\/www.superbancos.gob.ec\/bancos\/#\/schema\/person\/c12770f5145f3723f3aa20c0aafac282\"},\"headline\":\"Superintendente de Bancos asiste a funeral de Julio C\u00e9sar Trujillo\",\"datePublished\":\"2019-05-20T20:16:31+00:00\",\"dateModified\":\"2021-11-25T17:03:00+00:00\",\"mainEntityOfPage\":{\"@id\":\"https:\/\/www.superbancos.gob.ec\/bancos\/superintendente-de-bancos-asiste-a-funeral-de-julio-cesar-trujillo\/\"},\"wordCount\":220,\"publisher\":{\"@id\":\"https:\/\/www.superbancos.gob.ec\/bancos\/#organization\"},\"image\":{\"@id\":\"https:\/\/www.superbancos.gob.ec\/bancos\/superintendente-de-bancos-asiste-a-funeral-de-julio-cesar-trujillo\/#primaryimage\"},\"thumbnailUrl\":\"https:\/\/www.superbancos.gob.ec\/bancos\/wp-content\/uploads\/2019\/05\/arregui_funeral.jpg\",\"articleSection\":[\"Bolet\u00edn de prensa\",\"Noticias\",\"Noticias Destacadas\"],\"inLanguage\":\"es\"},{\"@type\":\"WebPage\",\"@id\":\"https:\/\/www.superbancos.gob.ec\/bancos\/superintendente-de-bancos-asiste-a-funeral-de-julio-cesar-trujillo\/\",\"url\":\"https:\/\/www.superbancos.gob.ec\/bancos\/superintendente-de-bancos-asiste-a-funeral-de-julio-cesar-trujillo\/\",\"name\":\"Superintendente de Bancos asiste a funeral de Julio C\u00e9sar Trujillo - Superintendencia de Bancos\",\"isPartOf\":{\"@id\":\"https:\/\/www.superbancos.gob.ec\/bancos\/#website\"},\"primaryImageOfPage\":{\"@id\":\"https:\/\/www.superbancos.gob.ec\/bancos\/superintendente-de-bancos-asiste-a-funeral-de-julio-cesar-trujillo\/#primaryimage\"},\"image\":{\"@id\":\"https:\/\/www.superbancos.gob.ec\/bancos\/superintendente-de-bancos-asiste-a-funeral-de-julio-cesar-trujillo\/#primaryimage\"},\"thumbnailUrl\":\"https:\/\/www.superbancos.gob.ec\/bancos\/wp-content\/uploads\/2019\/05\/arregui_funeral.jpg\",\"datePublished\":\"2019-05-20T20:16:31+00:00\",\"dateModified\":\"2021-11-25T17:03:00+00:00\",\"breadcrumb\":{\"@id\":\"https:\/\/www.superbancos.gob.ec\/bancos\/superintendente-de-bancos-asiste-a-funeral-de-julio-cesar-trujillo\/#breadcrumb\"},\"inLanguage\":\"es\",\"potentialAction\":[{\"@type\":\"ReadAction\",\"target\":[\"https:\/\/www.superbancos.gob.ec\/bancos\/superintendente-de-bancos-asiste-a-funeral-de-julio-cesar-trujillo\/\"]}]},{\"@type\":\"ImageObject\",\"inLanguage\":\"es\",\"@id\":\"https:\/\/www.superbancos.gob.ec\/bancos\/superintendente-de-bancos-asiste-a-funeral-de-julio-cesar-trujillo\/#primaryimage\",\"url\":\"https:\/\/www.superbancos.gob.ec\/bancos\/wp-content\/uploads\/2019\/05\/arregui_funeral.jpg\",\"contentUrl\":\"https:\/\/www.superbancos.gob.ec\/bancos\/wp-content\/uploads\/2019\/05\/arregui_funeral.jpg\",\"width\":861,\"height\":502},{\"@type\":\"BreadcrumbList\",\"@id\":\"https:\/\/www.superbancos.gob.ec\/bancos\/superintendente-de-bancos-asiste-a-funeral-de-julio-cesar-trujillo\/#breadcrumb\",\"itemListElement\":[{\"@type\":\"ListItem\",\"position\":1,\"name\":\"Portada\",\"item\":\"https:\/\/www.superbancos.gob.ec\/bancos\/\"},{\"@type\":\"ListItem\",\"position\":2,\"name\":\"Superintendente de Bancos asiste a funeral de Julio C\u00e9sar Trujillo\"}]},{\"@type\":\"WebSite\",\"@id\":\"https:\/\/www.superbancos.gob.ec\/bancos\/#website\",\"url\":\"https:\/\/www.superbancos.gob.ec\/bancos\/\",\"name\":\"Superintendencia de Bancos\",\"description\":\"Organo de Control del Sistema Financiero Ecuatoriano.\",\"publisher\":{\"@id\":\"https:\/\/www.superbancos.gob.ec\/bancos\/#organization\"},\"alternateName\":\"Super de Bancos\",\"potentialAction\":[{\"@type\":\"SearchAction\",\"target\":{\"@type\":\"EntryPoint\",\"urlTemplate\":\"https:\/\/www.superbancos.gob.ec\/bancos\/?s={search_term_string}\"},\"query-input\":{\"@type\":\"PropertyValueSpecification\",\"valueRequired\":true,\"valueName\":\"search_term_string\"}}],\"inLanguage\":\"es\"},{\"@type\":\"Organization\",\"@id\":\"https:\/\/www.superbancos.gob.ec\/bancos\/#organization\",\"name\":\"Superintendencia de Bancos\",\"url\":\"https:\/\/www.superbancos.gob.ec\/bancos\/\",\"logo\":{\"@type\":\"ImageObject\",\"inLanguage\":\"es\",\"@id\":\"https:\/\/www.superbancos.gob.ec\/bancos\/#\/schema\/logo\/image\/\",\"url\":\"https:\/\/www.superbancos.gob.ec\/bancos\/wp-content\/uploads\/2022\/09\/Logo_Super.png\",\"contentUrl\":\"https:\/\/www.superbancos.gob.ec\/bancos\/wp-content\/uploads\/2022\/09\/Logo_Super.png\",\"width\":340,\"height\":92,\"caption\":\"Superintendencia de Bancos\"},\"image\":{\"@id\":\"https:\/\/www.superbancos.gob.ec\/bancos\/#\/schema\/logo\/image\/\"}},{\"@type\":\"Person\",\"@id\":\"https:\/\/www.superbancos.gob.ec\/bancos\/#\/schema\/person\/c12770f5145f3723f3aa20c0aafac282\",\"name\":\"Diego Buendia\",\"image\":{\"@type\":\"ImageObject\",\"inLanguage\":\"es\",\"@id\":\"https:\/\/www.superbancos.gob.ec\/bancos\/#\/schema\/person\/image\/\",\"url\":\"https:\/\/secure.gravatar.com\/avatar\/f2dcb31e604664a7d81f71d8260b45eb?s=96&d=mm&r=g\",\"contentUrl\":\"https:\/\/secure.gravatar.com\/avatar\/f2dcb31e604664a7d81f71d8260b45eb?s=96&d=mm&r=g\",\"caption\":\"Diego Buendia\"},\"url\":\"https:\/\/www.superbancos.gob.ec\/bancos\/author\/dbuendia\/\"}]}<\/script>\n<!-- \/ Yoast SEO plugin. -->","yoast_head_json":{"title":"Superintendente de Bancos asiste a funeral de Julio C\u00e9sar Trujillo - Superintendencia de Bancos","robots":{"index":"index","follow":"follow","max-snippet":"max-snippet:-1","max-image-preview":"max-image-preview:large","max-video-preview":"max-video-preview:-1"},"canonical":"https:\/\/www.superbancos.gob.ec\/bancos\/superintendente-de-bancos-asiste-a-funeral-de-julio-cesar-trujillo\/","og_locale":"es_ES","og_type":"article","og_title":"Superintendente de Bancos asiste a funeral de Julio C\u00e9sar Trujillo - Superintendencia de Bancos","og_description":"La Superintendente de Bancos, Ruth Arregui, asisti\u00f3 junto a los dem\u00e1s miembros de la Funci\u00f3n de Transparencia y Control Social, a los funerales del presidente del Consejo de Participaci\u00f3n Ciudadana y Control Social Transitorio, Julio C\u00e9sar Trujillo, en el Auditorio Mayor del Centro Cultural de la Pontificia Universidad Cat\u00f3lica del Ecuador. La Superintendente expres\u00f3 sus [&hellip;]","og_url":"https:\/\/www.superbancos.gob.ec\/bancos\/superintendente-de-bancos-asiste-a-funeral-de-julio-cesar-trujillo\/","og_site_name":"Superintendencia de Bancos","article_published_time":"2019-05-20T20:16:31+00:00","article_modified_time":"2021-11-25T17:03:00+00:00","og_image":[{"width":861,"height":502,"url":"https:\/\/www.superbancos.gob.ec\/bancos\/wp-content\/uploads\/2019\/05\/arregui_funeral.jpg","type":"image\/jpeg"}],"author":"Diego Buendia","twitter_card":"summary_large_image","schema":{"@context":"https:\/\/schema.org","@graph":[{"@type":"Article","@id":"https:\/\/www.superbancos.gob.ec\/bancos\/superintendente-de-bancos-asiste-a-funeral-de-julio-cesar-trujillo\/#article","isPartOf":{"@id":"https:\/\/www.superbancos.gob.ec\/bancos\/superintendente-de-bancos-asiste-a-funeral-de-julio-cesar-trujillo\/"},"author":{"name":"Diego Buendia","@id":"https:\/\/www.superbancos.gob.ec\/bancos\/#\/schema\/person\/c12770f5145f3723f3aa20c0aafac282"},"headline":"Superintendente de Bancos asiste a funeral de Julio C\u00e9sar Trujillo","datePublished":"2019-05-20T20:16:31+00:00","dateModified":"2021-11-25T17:03:00+00:00","mainEntityOfPage":{"@id":"https:\/\/www.superbancos.gob.ec\/bancos\/superintendente-de-bancos-asiste-a-funeral-de-julio-cesar-trujillo\/"},"wordCount":220,"publisher":{"@id":"https:\/\/www.superbancos.gob.ec\/bancos\/#organization"},"image":{"@id":"https:\/\/www.superbancos.gob.ec\/bancos\/superintendente-de-bancos-asiste-a-funeral-de-julio-cesar-trujillo\/#primaryimage"},"thumbnailUrl":"https:\/\/www.superbancos.gob.ec\/bancos\/wp-content\/uploads\/2019\/05\/arregui_funeral.jpg","articleSection":["Bolet\u00edn de prensa","Noticias","Noticias Destacadas"],"inLanguage":"es"},{"@type":"WebPage","@id":"https:\/\/www.superbancos.gob.ec\/bancos\/superintendente-de-bancos-asiste-a-funeral-de-julio-cesar-trujillo\/","url":"https:\/\/www.superbancos.gob.ec\/bancos\/superintendente-de-bancos-asiste-a-funeral-de-julio-cesar-trujillo\/","name":"Superintendente de Bancos asiste a funeral de Julio C\u00e9sar Trujillo - Superintendencia de Bancos","isPartOf":{"@id":"https:\/\/www.superbancos.gob.ec\/bancos\/#website"},"primaryImageOfPage":{"@id":"https:\/\/www.superbancos.gob.ec\/bancos\/superintendente-de-bancos-asiste-a-funeral-de-julio-cesar-trujillo\/#primaryimage"},"image":{"@id":"https:\/\/www.superbancos.gob.ec\/bancos\/superintendente-de-bancos-asiste-a-funeral-de-julio-cesar-trujillo\/#primaryimage"},"thumbnailUrl":"https:\/\/www.superbancos.gob.ec\/bancos\/wp-content\/uploads\/2019\/05\/arregui_funeral.jpg","datePublished":"2019-05-20T20:16:31+00:00","dateModified":"2021-11-25T17:03:00+00:00","breadcrumb":{"@id":"https:\/\/www.superbancos.gob.ec\/bancos\/superintendente-de-bancos-asiste-a-funeral-de-julio-cesar-trujillo\/#breadcrumb"},"inLanguage":"es","potentialAction":[{"@type":"ReadAction","target":["https:\/\/www.superbancos.gob.ec\/bancos\/superintendente-de-bancos-asiste-a-funeral-de-julio-cesar-trujillo\/"]}]},{"@type":"ImageObject","inLanguage":"es","@id":"https:\/\/www.superbancos.gob.ec\/bancos\/superintendente-de-bancos-asiste-a-funeral-de-julio-cesar-trujillo\/#primaryimage","url":"https:\/\/www.superbancos.gob.ec\/bancos\/wp-content\/uploads\/2019\/05\/arregui_funeral.jpg","contentUrl":"https:\/\/www.superbancos.gob.ec\/bancos\/wp-content\/uploads\/2019\/05\/arregui_funeral.jpg","width":861,"height":502},{"@type":"BreadcrumbList","@id":"https:\/\/www.superbancos.gob.ec\/bancos\/superintendente-de-bancos-asiste-a-funeral-de-julio-cesar-trujillo\/#breadcrumb","itemListElement":[{"@type":"ListItem","position":1,"name":"Portada","item":"https:\/\/www.superbancos.gob.ec\/bancos\/"},{"@type":"ListItem","position":2,"name":"Superintendente de Bancos asiste a funeral de Julio C\u00e9sar Trujillo"}]},{"@type":"WebSite","@id":"https:\/\/www.superbancos.gob.ec\/bancos\/#website","url":"https:\/\/www.superbancos.gob.ec\/bancos\/","name":"Superintendencia de Bancos","description":"Organo de Control del Sistema Financiero Ecuatoriano.","publisher":{"@id":"https:\/\/www.superbancos.gob.ec\/bancos\/#organization"},"alternateName":"Super de Bancos","potentialAction":[{"@type":"SearchAction","target":{"@type":"EntryPoint","urlTemplate":"https:\/\/www.superbancos.gob.ec\/bancos\/?s={search_term_string}"},"query-input":{"@type":"PropertyValueSpecification","valueRequired":true,"valueName":"search_term_string"}}],"inLanguage":"es"},{"@type":"Organization","@id":"https:\/\/www.superbancos.gob.ec\/bancos\/#organization","name":"Superintendencia de Bancos","url":"https:\/\/www.superbancos.gob.ec\/bancos\/","logo":{"@type":"ImageObject","inLanguage":"es","@id":"https:\/\/www.superbancos.gob.ec\/bancos\/#\/schema\/logo\/image\/","url":"https:\/\/www.superbancos.gob.ec\/bancos\/wp-content\/uploads\/2022\/09\/Logo_Super.png","contentUrl":"https:\/\/www.superbancos.gob.ec\/bancos\/wp-content\/uploads\/2022\/09\/Logo_Super.png","width":340,"height":92,"caption":"Superintendencia de Bancos"},"image":{"@id":"https:\/\/www.superbancos.gob.ec\/bancos\/#\/schema\/logo\/image\/"}},{"@type":"Person","@id":"https:\/\/www.superbancos.gob.ec\/bancos\/#\/schema\/person\/c12770f5145f3723f3aa20c0aafac282","name":"Diego Buendia","image":{"@type":"ImageObject","inLanguage":"es","@id":"https:\/\/www.superbancos.gob.ec\/bancos\/#\/schema\/person\/image\/","url":"https:\/\/secure.gravatar.com\/avatar\/f2dcb31e604664a7d81f71d8260b45eb?s=96&d=mm&r=g","contentUrl":"https:\/\/secure.gravatar.com\/avatar\/f2dcb31e604664a7d81f71d8260b45eb?s=96&d=mm&r=g","caption":"Diego Buendia"},"url":"https:\/\/www.superbancos.gob.ec\/bancos\/author\/dbuendia\/"}]}},"_links":{"self":[{"href":"https:\/\/www.superbancos.gob.ec\/bancos\/wp-json\/wp\/v2\/posts\/7477"}],"collection":[{"href":"https:\/\/www.superbancos.gob.ec\/bancos\/wp-json\/wp\/v2\/posts"}],"about":[{"href":"https:\/\/www.superbancos.gob.ec\/bancos\/wp-json\/wp\/v2\/types\/post"}],"author":[{"embeddable":true,"href":"https:\/\/www.superbancos.gob.ec\/bancos\/wp-json\/wp\/v2\/users\/3"}],"replies":[{"embeddable":true,"href":"https:\/\/www.superbancos.gob.ec\/bancos\/wp-json\/wp\/v2\/comments?post=7477"}],"version-history":[{"count":2,"href":"https:\/\/www.superbancos.gob.ec\/bancos\/wp-json\/wp\/v2\/posts\/7477\/revisions"}],"predecessor-version":[{"id":13838,"href":"https:\/\/www.superbancos.gob.ec\/bancos\/wp-json\/wp\/v2\/posts\/7477\/revisions\/13838"}],"wp:featuredmedia":[{"embeddable":true,"href":"https:\/\/www.superbancos.gob.ec\/bancos\/wp-json\/wp\/v2\/media\/7479"}],"wp:attachment":[{"href":"https:\/\/www.superbancos.gob.ec\/bancos\/wp-json\/wp\/v2\/media?parent=7477"}],"wp:term":[{"taxonomy":"category","embeddable":true,"href":"https:\/\/www.superbancos.gob.ec\/bancos\/wp-json\/wp\/v2\/categories?post=7477"},{"taxonomy":"post_tag","embeddable":true,"href":"https:\/\/www.superbancos.gob.ec\/bancos\/wp-json\/wp\/v2\/tags?post=7477"}],"curies":[{"name":"wp","href":"https:\/\/api.w.org\/{rel}","templated":true}]}}