{"id":7483,"date":"2019-05-21T18:36:11","date_gmt":"2019-05-21T23:36:11","guid":{"rendered":"https:\/\/www.superbancos.gob.ec\/bancos\/?p=7483"},"modified":"2021-11-25T12:02:24","modified_gmt":"2021-11-25T17:02:24","slug":"superintendenta-de-bancos-ruth-arregui-asistio-a-ceremonia-de-honores-de-estado-en-homenaje-a-julio-cesar-trujillo","status":"publish","type":"post","link":"https:\/\/www.superbancos.gob.ec\/bancos\/superintendenta-de-bancos-ruth-arregui-asistio-a-ceremonia-de-honores-de-estado-en-homenaje-a-julio-cesar-trujillo\/","title":{"rendered":"Superintendenta de Bancos Ruth Arregui asisti\u00f3 a ceremonia de Honores de Estado en homenaje a Julio C\u00e9sar Trujillo"},"content":{"rendered":"<p>Con Honores de Estado y una condecoraci\u00f3n post mortem, las autoridades gubernamentales rindieron homenaje al Dr. Julio C\u00e9sar Trujillo, este martes en la Iglesia de la Dolorosa, en Quito.<\/p>\n<p>El presidente de la Rep\u00fablica Len\u00edn Moreno entreg\u00f3 a la esposa de Trujillo, Martha Troya, la condecoraci\u00f3n post mortem\u201d Orden Nacional de San Lorenzo en el Grado de Gran Cruz\u201d, en una ceremonia religiosa a la que asistieron altas autoridades, entre ellas la Superintendenta de Bancos Ruth Arregui.<\/p>\n<p>Posterior a la entrega de la distinci\u00f3n, el Jefe de Estado destac\u00f3 la trayectoria del expresidente del Consejo de Participaci\u00f3n Ciudadana y Control Social transitorio, quien falleci\u00f3 el pasado domingo a los 88 a\u00f1os de edad, luego de permanecer hospitalizado durante cinco d\u00edas, tras sufrir un derrame cerebral.<\/p>\n<p>Len\u00edn Moreno resalt\u00f3 los valores promovidos por Trujillo como la honestidad y la transparencia y expres\u00f3 que fue una persona de otro tiempo que vino a inculcar valores en una patria \u00e1vida de conocimientos.<\/p>\n<p>As\u00ed, el Gobierno dio el \u00faltimo adi\u00f3s al Dr. Trujillo. Tras la ceremonia, el cortejo f\u00fanebre fue trasladado en medio de honores y aplausos hasta el campo santo Monteolivo.<\/p>\n<p><em><strong>Quito, 21 mayo 2019<\/strong><\/em><\/p>\n","protected":false},"excerpt":{"rendered":"<p>Con Honores de Estado y una condecoraci\u00f3n post mortem, las autoridades gubernamentales rindieron homenaje al Dr. Julio C\u00e9sar Trujillo, este martes en la Iglesia de la Dolorosa, en Quito. El presidente de la Rep\u00fablica Len\u00edn Moreno entreg\u00f3 a la esposa de Trujillo, Martha Troya, la condecoraci\u00f3n post mortem\u201d Orden Nacional de San Lorenzo en el [&hellip;]<\/p>\n","protected":false},"author":3,"featured_media":7485,"comment_status":"closed","ping_status":"open","sticky":false,"template":"","format":"standard","meta":{"footnotes":""},"categories":[114,5,6],"tags":[],"class_list":["post-7483","post","type-post","status-publish","format-standard","has-post-thumbnail","hentry","category-boletin-de-prensa","category-noticias","category-noticias-destacadas"],"yoast_head":"<!-- This site is optimized with the Yoast SEO plugin v25.4 - https:\/\/yoast.com\/wordpress\/plugins\/seo\/ -->\n<title>Superintendenta de Bancos Ruth Arregui asisti\u00f3 a ceremonia de Honores de Estado en homenaje a Julio C\u00e9sar Trujillo - Superintendencia de Bancos<\/title>\n<meta name=\"robots\" content=\"index, follow, max-snippet:-1, max-image-preview:large, max-video-preview:-1\" \/>\n<link rel=\"canonical\" href=\"https:\/\/www.superbancos.gob.ec\/bancos\/superintendenta-de-bancos-ruth-arregui-asistio-a-ceremonia-de-honores-de-estado-en-homenaje-a-julio-cesar-trujillo\/\" \/>\n<meta property=\"og:locale\" content=\"es_ES\" \/>\n<meta property=\"og:type\" content=\"article\" \/>\n<meta property=\"og:title\" content=\"Superintendenta de Bancos Ruth Arregui asisti\u00f3 a ceremonia de Honores de Estado en homenaje a Julio C\u00e9sar Trujillo - Superintendencia de Bancos\" \/>\n<meta property=\"og:description\" content=\"Con Honores de Estado y una condecoraci\u00f3n post mortem, las autoridades gubernamentales rindieron homenaje al Dr. Julio C\u00e9sar Trujillo, este martes en la Iglesia de la Dolorosa, en Quito. El presidente de la Rep\u00fablica Len\u00edn Moreno entreg\u00f3 a la esposa de Trujillo, Martha Troya, la condecoraci\u00f3n post mortem\u201d Orden Nacional de San Lorenzo en el [&hellip;]\" \/>\n<meta property=\"og:url\" content=\"https:\/\/www.superbancos.gob.ec\/bancos\/superintendenta-de-bancos-ruth-arregui-asistio-a-ceremonia-de-honores-de-estado-en-homenaje-a-julio-cesar-trujillo\/\" \/>\n<meta property=\"og:site_name\" content=\"Superintendencia de Bancos\" \/>\n<meta property=\"article:published_time\" content=\"2019-05-21T23:36:11+00:00\" \/>\n<meta property=\"article:modified_time\" content=\"2021-11-25T17:02:24+00:00\" \/>\n<meta property=\"og:image\" content=\"https:\/\/www.superbancos.gob.ec\/bancos\/wp-content\/uploads\/2019\/05\/super_funeral.jpg\" \/>\n\t<meta property=\"og:image:width\" content=\"800\" \/>\n\t<meta property=\"og:image:height\" content=\"486\" \/>\n\t<meta property=\"og:image:type\" content=\"image\/jpeg\" \/>\n<meta name=\"author\" content=\"Diego Buendia\" \/>\n<meta name=\"twitter:card\" content=\"summary_large_image\" \/>\n<script type=\"application\/ld+json\" class=\"yoast-schema-graph\">{\"@context\":\"https:\/\/schema.org\",\"@graph\":[{\"@type\":\"Article\",\"@id\":\"https:\/\/www.superbancos.gob.ec\/bancos\/superintendenta-de-bancos-ruth-arregui-asistio-a-ceremonia-de-honores-de-estado-en-homenaje-a-julio-cesar-trujillo\/#article\",\"isPartOf\":{\"@id\":\"https:\/\/www.superbancos.gob.ec\/bancos\/superintendenta-de-bancos-ruth-arregui-asistio-a-ceremonia-de-honores-de-estado-en-homenaje-a-julio-cesar-trujillo\/\"},\"author\":{\"name\":\"Diego Buendia\",\"@id\":\"https:\/\/www.superbancos.gob.ec\/bancos\/#\/schema\/person\/c12770f5145f3723f3aa20c0aafac282\"},\"headline\":\"Superintendenta de Bancos Ruth Arregui asisti\u00f3 a ceremonia de Honores de Estado en homenaje a Julio C\u00e9sar Trujillo\",\"datePublished\":\"2019-05-21T23:36:11+00:00\",\"dateModified\":\"2021-11-25T17:02:24+00:00\",\"mainEntityOfPage\":{\"@id\":\"https:\/\/www.superbancos.gob.ec\/bancos\/superintendenta-de-bancos-ruth-arregui-asistio-a-ceremonia-de-honores-de-estado-en-homenaje-a-julio-cesar-trujillo\/\"},\"wordCount\":220,\"publisher\":{\"@id\":\"https:\/\/www.superbancos.gob.ec\/bancos\/#organization\"},\"image\":{\"@id\":\"https:\/\/www.superbancos.gob.ec\/bancos\/superintendenta-de-bancos-ruth-arregui-asistio-a-ceremonia-de-honores-de-estado-en-homenaje-a-julio-cesar-trujillo\/#primaryimage\"},\"thumbnailUrl\":\"https:\/\/www.superbancos.gob.ec\/bancos\/wp-content\/uploads\/2019\/05\/super_funeral.jpg\",\"articleSection\":[\"Bolet\u00edn de prensa\",\"Noticias\",\"Noticias Destacadas\"],\"inLanguage\":\"es\"},{\"@type\":\"WebPage\",\"@id\":\"https:\/\/www.superbancos.gob.ec\/bancos\/superintendenta-de-bancos-ruth-arregui-asistio-a-ceremonia-de-honores-de-estado-en-homenaje-a-julio-cesar-trujillo\/\",\"url\":\"https:\/\/www.superbancos.gob.ec\/bancos\/superintendenta-de-bancos-ruth-arregui-asistio-a-ceremonia-de-honores-de-estado-en-homenaje-a-julio-cesar-trujillo\/\",\"name\":\"Superintendenta de Bancos Ruth Arregui asisti\u00f3 a ceremonia de Honores de Estado en homenaje a Julio C\u00e9sar Trujillo - Superintendencia de Bancos\",\"isPartOf\":{\"@id\":\"https:\/\/www.superbancos.gob.ec\/bancos\/#website\"},\"primaryImageOfPage\":{\"@id\":\"https:\/\/www.superbancos.gob.ec\/bancos\/superintendenta-de-bancos-ruth-arregui-asistio-a-ceremonia-de-honores-de-estado-en-homenaje-a-julio-cesar-trujillo\/#primaryimage\"},\"image\":{\"@id\":\"https:\/\/www.superbancos.gob.ec\/bancos\/superintendenta-de-bancos-ruth-arregui-asistio-a-ceremonia-de-honores-de-estado-en-homenaje-a-julio-cesar-trujillo\/#primaryimage\"},\"thumbnailUrl\":\"https:\/\/www.superbancos.gob.ec\/bancos\/wp-content\/uploads\/2019\/05\/super_funeral.jpg\",\"datePublished\":\"2019-05-21T23:36:11+00:00\",\"dateModified\":\"2021-11-25T17:02:24+00:00\",\"breadcrumb\":{\"@id\":\"https:\/\/www.superbancos.gob.ec\/bancos\/superintendenta-de-bancos-ruth-arregui-asistio-a-ceremonia-de-honores-de-estado-en-homenaje-a-julio-cesar-trujillo\/#breadcrumb\"},\"inLanguage\":\"es\",\"potentialAction\":[{\"@type\":\"ReadAction\",\"target\":[\"https:\/\/www.superbancos.gob.ec\/bancos\/superintendenta-de-bancos-ruth-arregui-asistio-a-ceremonia-de-honores-de-estado-en-homenaje-a-julio-cesar-trujillo\/\"]}]},{\"@type\":\"ImageObject\",\"inLanguage\":\"es\",\"@id\":\"https:\/\/www.superbancos.gob.ec\/bancos\/superintendenta-de-bancos-ruth-arregui-asistio-a-ceremonia-de-honores-de-estado-en-homenaje-a-julio-cesar-trujillo\/#primaryimage\",\"url\":\"https:\/\/www.superbancos.gob.ec\/bancos\/wp-content\/uploads\/2019\/05\/super_funeral.jpg\",\"contentUrl\":\"https:\/\/www.superbancos.gob.ec\/bancos\/wp-content\/uploads\/2019\/05\/super_funeral.jpg\",\"width\":800,\"height\":486},{\"@type\":\"BreadcrumbList\",\"@id\":\"https:\/\/www.superbancos.gob.ec\/bancos\/superintendenta-de-bancos-ruth-arregui-asistio-a-ceremonia-de-honores-de-estado-en-homenaje-a-julio-cesar-trujillo\/#breadcrumb\",\"itemListElement\":[{\"@type\":\"ListItem\",\"position\":1,\"name\":\"Portada\",\"item\":\"https:\/\/www.superbancos.gob.ec\/bancos\/\"},{\"@type\":\"ListItem\",\"position\":2,\"name\":\"Superintendenta de Bancos Ruth Arregui asisti\u00f3 a ceremonia de Honores de Estado en homenaje a Julio C\u00e9sar Trujillo\"}]},{\"@type\":\"WebSite\",\"@id\":\"https:\/\/www.superbancos.gob.ec\/bancos\/#website\",\"url\":\"https:\/\/www.superbancos.gob.ec\/bancos\/\",\"name\":\"Superintendencia de Bancos\",\"description\":\"Organo de Control del Sistema Financiero Ecuatoriano.\",\"publisher\":{\"@id\":\"https:\/\/www.superbancos.gob.ec\/bancos\/#organization\"},\"alternateName\":\"Super de Bancos\",\"potentialAction\":[{\"@type\":\"SearchAction\",\"target\":{\"@type\":\"EntryPoint\",\"urlTemplate\":\"https:\/\/www.superbancos.gob.ec\/bancos\/?s={search_term_string}\"},\"query-input\":{\"@type\":\"PropertyValueSpecification\",\"valueRequired\":true,\"valueName\":\"search_term_string\"}}],\"inLanguage\":\"es\"},{\"@type\":\"Organization\",\"@id\":\"https:\/\/www.superbancos.gob.ec\/bancos\/#organization\",\"name\":\"Superintendencia de Bancos\",\"url\":\"https:\/\/www.superbancos.gob.ec\/bancos\/\",\"logo\":{\"@type\":\"ImageObject\",\"inLanguage\":\"es\",\"@id\":\"https:\/\/www.superbancos.gob.ec\/bancos\/#\/schema\/logo\/image\/\",\"url\":\"https:\/\/www.superbancos.gob.ec\/bancos\/wp-content\/uploads\/2022\/09\/Logo_Super.png\",\"contentUrl\":\"https:\/\/www.superbancos.gob.ec\/bancos\/wp-content\/uploads\/2022\/09\/Logo_Super.png\",\"width\":340,\"height\":92,\"caption\":\"Superintendencia de Bancos\"},\"image\":{\"@id\":\"https:\/\/www.superbancos.gob.ec\/bancos\/#\/schema\/logo\/image\/\"}},{\"@type\":\"Person\",\"@id\":\"https:\/\/www.superbancos.gob.ec\/bancos\/#\/schema\/person\/c12770f5145f3723f3aa20c0aafac282\",\"name\":\"Diego Buendia\",\"image\":{\"@type\":\"ImageObject\",\"inLanguage\":\"es\",\"@id\":\"https:\/\/www.superbancos.gob.ec\/bancos\/#\/schema\/person\/image\/\",\"url\":\"https:\/\/secure.gravatar.com\/avatar\/f2dcb31e604664a7d81f71d8260b45eb?s=96&d=mm&r=g\",\"contentUrl\":\"https:\/\/secure.gravatar.com\/avatar\/f2dcb31e604664a7d81f71d8260b45eb?s=96&d=mm&r=g\",\"caption\":\"Diego Buendia\"},\"url\":\"https:\/\/www.superbancos.gob.ec\/bancos\/author\/dbuendia\/\"}]}<\/script>\n<!-- \/ Yoast SEO plugin. -->","yoast_head_json":{"title":"Superintendenta de Bancos Ruth Arregui asisti\u00f3 a ceremonia de Honores de Estado en homenaje a Julio C\u00e9sar Trujillo - Superintendencia de Bancos","robots":{"index":"index","follow":"follow","max-snippet":"max-snippet:-1","max-image-preview":"max-image-preview:large","max-video-preview":"max-video-preview:-1"},"canonical":"https:\/\/www.superbancos.gob.ec\/bancos\/superintendenta-de-bancos-ruth-arregui-asistio-a-ceremonia-de-honores-de-estado-en-homenaje-a-julio-cesar-trujillo\/","og_locale":"es_ES","og_type":"article","og_title":"Superintendenta de Bancos Ruth Arregui asisti\u00f3 a ceremonia de Honores de Estado en homenaje a Julio C\u00e9sar Trujillo - Superintendencia de Bancos","og_description":"Con Honores de Estado y una condecoraci\u00f3n post mortem, las autoridades gubernamentales rindieron homenaje al Dr. Julio C\u00e9sar Trujillo, este martes en la Iglesia de la Dolorosa, en Quito. El presidente de la Rep\u00fablica Len\u00edn Moreno entreg\u00f3 a la esposa de Trujillo, Martha Troya, la condecoraci\u00f3n post mortem\u201d Orden Nacional de San Lorenzo en el [&hellip;]","og_url":"https:\/\/www.superbancos.gob.ec\/bancos\/superintendenta-de-bancos-ruth-arregui-asistio-a-ceremonia-de-honores-de-estado-en-homenaje-a-julio-cesar-trujillo\/","og_site_name":"Superintendencia de Bancos","article_published_time":"2019-05-21T23:36:11+00:00","article_modified_time":"2021-11-25T17:02:24+00:00","og_image":[{"width":800,"height":486,"url":"https:\/\/www.superbancos.gob.ec\/bancos\/wp-content\/uploads\/2019\/05\/super_funeral.jpg","type":"image\/jpeg"}],"author":"Diego Buendia","twitter_card":"summary_large_image","schema":{"@context":"https:\/\/schema.org","@graph":[{"@type":"Article","@id":"https:\/\/www.superbancos.gob.ec\/bancos\/superintendenta-de-bancos-ruth-arregui-asistio-a-ceremonia-de-honores-de-estado-en-homenaje-a-julio-cesar-trujillo\/#article","isPartOf":{"@id":"https:\/\/www.superbancos.gob.ec\/bancos\/superintendenta-de-bancos-ruth-arregui-asistio-a-ceremonia-de-honores-de-estado-en-homenaje-a-julio-cesar-trujillo\/"},"author":{"name":"Diego Buendia","@id":"https:\/\/www.superbancos.gob.ec\/bancos\/#\/schema\/person\/c12770f5145f3723f3aa20c0aafac282"},"headline":"Superintendenta de Bancos Ruth Arregui asisti\u00f3 a ceremonia de Honores de Estado en homenaje a Julio C\u00e9sar Trujillo","datePublished":"2019-05-21T23:36:11+00:00","dateModified":"2021-11-25T17:02:24+00:00","mainEntityOfPage":{"@id":"https:\/\/www.superbancos.gob.ec\/bancos\/superintendenta-de-bancos-ruth-arregui-asistio-a-ceremonia-de-honores-de-estado-en-homenaje-a-julio-cesar-trujillo\/"},"wordCount":220,"publisher":{"@id":"https:\/\/www.superbancos.gob.ec\/bancos\/#organization"},"image":{"@id":"https:\/\/www.superbancos.gob.ec\/bancos\/superintendenta-de-bancos-ruth-arregui-asistio-a-ceremonia-de-honores-de-estado-en-homenaje-a-julio-cesar-trujillo\/#primaryimage"},"thumbnailUrl":"https:\/\/www.superbancos.gob.ec\/bancos\/wp-content\/uploads\/2019\/05\/super_funeral.jpg","articleSection":["Bolet\u00edn de prensa","Noticias","Noticias Destacadas"],"inLanguage":"es"},{"@type":"WebPage","@id":"https:\/\/www.superbancos.gob.ec\/bancos\/superintendenta-de-bancos-ruth-arregui-asistio-a-ceremonia-de-honores-de-estado-en-homenaje-a-julio-cesar-trujillo\/","url":"https:\/\/www.superbancos.gob.ec\/bancos\/superintendenta-de-bancos-ruth-arregui-asistio-a-ceremonia-de-honores-de-estado-en-homenaje-a-julio-cesar-trujillo\/","name":"Superintendenta de Bancos Ruth Arregui asisti\u00f3 a ceremonia de Honores de Estado en homenaje a Julio C\u00e9sar Trujillo - Superintendencia de Bancos","isPartOf":{"@id":"https:\/\/www.superbancos.gob.ec\/bancos\/#website"},"primaryImageOfPage":{"@id":"https:\/\/www.superbancos.gob.ec\/bancos\/superintendenta-de-bancos-ruth-arregui-asistio-a-ceremonia-de-honores-de-estado-en-homenaje-a-julio-cesar-trujillo\/#primaryimage"},"image":{"@id":"https:\/\/www.superbancos.gob.ec\/bancos\/superintendenta-de-bancos-ruth-arregui-asistio-a-ceremonia-de-honores-de-estado-en-homenaje-a-julio-cesar-trujillo\/#primaryimage"},"thumbnailUrl":"https:\/\/www.superbancos.gob.ec\/bancos\/wp-content\/uploads\/2019\/05\/super_funeral.jpg","datePublished":"2019-05-21T23:36:11+00:00","dateModified":"2021-11-25T17:02:24+00:00","breadcrumb":{"@id":"https:\/\/www.superbancos.gob.ec\/bancos\/superintendenta-de-bancos-ruth-arregui-asistio-a-ceremonia-de-honores-de-estado-en-homenaje-a-julio-cesar-trujillo\/#breadcrumb"},"inLanguage":"es","potentialAction":[{"@type":"ReadAction","target":["https:\/\/www.superbancos.gob.ec\/bancos\/superintendenta-de-bancos-ruth-arregui-asistio-a-ceremonia-de-honores-de-estado-en-homenaje-a-julio-cesar-trujillo\/"]}]},{"@type":"ImageObject","inLanguage":"es","@id":"https:\/\/www.superbancos.gob.ec\/bancos\/superintendenta-de-bancos-ruth-arregui-asistio-a-ceremonia-de-honores-de-estado-en-homenaje-a-julio-cesar-trujillo\/#primaryimage","url":"https:\/\/www.superbancos.gob.ec\/bancos\/wp-content\/uploads\/2019\/05\/super_funeral.jpg","contentUrl":"https:\/\/www.superbancos.gob.ec\/bancos\/wp-content\/uploads\/2019\/05\/super_funeral.jpg","width":800,"height":486},{"@type":"BreadcrumbList","@id":"https:\/\/www.superbancos.gob.ec\/bancos\/superintendenta-de-bancos-ruth-arregui-asistio-a-ceremonia-de-honores-de-estado-en-homenaje-a-julio-cesar-trujillo\/#breadcrumb","itemListElement":[{"@type":"ListItem","position":1,"name":"Portada","item":"https:\/\/www.superbancos.gob.ec\/bancos\/"},{"@type":"ListItem","position":2,"name":"Superintendenta de Bancos Ruth Arregui asisti\u00f3 a ceremonia de Honores de Estado en homenaje a Julio C\u00e9sar Trujillo"}]},{"@type":"WebSite","@id":"https:\/\/www.superbancos.gob.ec\/bancos\/#website","url":"https:\/\/www.superbancos.gob.ec\/bancos\/","name":"Superintendencia de Bancos","description":"Organo de Control del Sistema Financiero Ecuatoriano.","publisher":{"@id":"https:\/\/www.superbancos.gob.ec\/bancos\/#organization"},"alternateName":"Super de Bancos","potentialAction":[{"@type":"SearchAction","target":{"@type":"EntryPoint","urlTemplate":"https:\/\/www.superbancos.gob.ec\/bancos\/?s={search_term_string}"},"query-input":{"@type":"PropertyValueSpecification","valueRequired":true,"valueName":"search_term_string"}}],"inLanguage":"es"},{"@type":"Organization","@id":"https:\/\/www.superbancos.gob.ec\/bancos\/#organization","name":"Superintendencia de Bancos","url":"https:\/\/www.superbancos.gob.ec\/bancos\/","logo":{"@type":"ImageObject","inLanguage":"es","@id":"https:\/\/www.superbancos.gob.ec\/bancos\/#\/schema\/logo\/image\/","url":"https:\/\/www.superbancos.gob.ec\/bancos\/wp-content\/uploads\/2022\/09\/Logo_Super.png","contentUrl":"https:\/\/www.superbancos.gob.ec\/bancos\/wp-content\/uploads\/2022\/09\/Logo_Super.png","width":340,"height":92,"caption":"Superintendencia de Bancos"},"image":{"@id":"https:\/\/www.superbancos.gob.ec\/bancos\/#\/schema\/logo\/image\/"}},{"@type":"Person","@id":"https:\/\/www.superbancos.gob.ec\/bancos\/#\/schema\/person\/c12770f5145f3723f3aa20c0aafac282","name":"Diego Buendia","image":{"@type":"ImageObject","inLanguage":"es","@id":"https:\/\/www.superbancos.gob.ec\/bancos\/#\/schema\/person\/image\/","url":"https:\/\/secure.gravatar.com\/avatar\/f2dcb31e604664a7d81f71d8260b45eb?s=96&d=mm&r=g","contentUrl":"https:\/\/secure.gravatar.com\/avatar\/f2dcb31e604664a7d81f71d8260b45eb?s=96&d=mm&r=g","caption":"Diego Buendia"},"url":"https:\/\/www.superbancos.gob.ec\/bancos\/author\/dbuendia\/"}]}},"_links":{"self":[{"href":"https:\/\/www.superbancos.gob.ec\/bancos\/wp-json\/wp\/v2\/posts\/7483"}],"collection":[{"href":"https:\/\/www.superbancos.gob.ec\/bancos\/wp-json\/wp\/v2\/posts"}],"about":[{"href":"https:\/\/www.superbancos.gob.ec\/bancos\/wp-json\/wp\/v2\/types\/post"}],"author":[{"embeddable":true,"href":"https:\/\/www.superbancos.gob.ec\/bancos\/wp-json\/wp\/v2\/users\/3"}],"replies":[{"embeddable":true,"href":"https:\/\/www.superbancos.gob.ec\/bancos\/wp-json\/wp\/v2\/comments?post=7483"}],"version-history":[{"count":2,"href":"https:\/\/www.superbancos.gob.ec\/bancos\/wp-json\/wp\/v2\/posts\/7483\/revisions"}],"predecessor-version":[{"id":13837,"href":"https:\/\/www.superbancos.gob.ec\/bancos\/wp-json\/wp\/v2\/posts\/7483\/revisions\/13837"}],"wp:featuredmedia":[{"embeddable":true,"href":"https:\/\/www.superbancos.gob.ec\/bancos\/wp-json\/wp\/v2\/media\/7485"}],"wp:attachment":[{"href":"https:\/\/www.superbancos.gob.ec\/bancos\/wp-json\/wp\/v2\/media?parent=7483"}],"wp:term":[{"taxonomy":"category","embeddable":true,"href":"https:\/\/www.superbancos.gob.ec\/bancos\/wp-json\/wp\/v2\/categories?post=7483"},{"taxonomy":"post_tag","embeddable":true,"href":"https:\/\/www.superbancos.gob.ec\/bancos\/wp-json\/wp\/v2\/tags?post=7483"}],"curies":[{"name":"wp","href":"https:\/\/api.w.org\/{rel}","templated":true}]}}