{"id":7497,"date":"2019-05-25T18:37:17","date_gmt":"2019-05-25T23:37:17","guid":{"rendered":"https:\/\/www.superbancos.gob.ec\/bancos\/?p=7497"},"modified":"2021-11-25T12:01:55","modified_gmt":"2021-11-25T17:01:55","slug":"informe-a-la-nacion-y-homenaje-por-batalla-de-pichincha","status":"publish","type":"post","link":"https:\/\/www.superbancos.gob.ec\/bancos\/informe-a-la-nacion-y-homenaje-por-batalla-de-pichincha\/","title":{"rendered":"Informe a la Naci\u00f3n y homenaje por Batalla de Pichincha"},"content":{"rendered":"<p>La Superintendenta de Bancos Ruth Arregui particip\u00f3, este viernes 24 de mayo, en la presentaci\u00f3n del Informe a la Naci\u00f3n del presidente de la Rep\u00fablica, Len\u00edn Moreno, y en la ceremonia por los 197 a\u00f1os de la Batalla de Pichincha.<\/p>\n<p>Durante el informe de su segundo a\u00f1o de gobierno, ante cientos de autoridades e invitados en el pleno de la Asamblea Nacional, el Primer Mandatario destac\u00f3 los resultados de su gesti\u00f3n e hizo un llamado a la unidad para impulsar un futuro de trabajo y prosperidad para los ecuatorianos.<\/p>\n<p>Asimismo, resalt\u00f3 el plan de austeridad y control de las finanzas p\u00fablicas que permitieron desterrar pr\u00e1cticas irregulares y salvar 450 millones de d\u00f3lares.<\/p>\n<p>M\u00e1s temprano se desarroll\u00f3 el homenaje militar en el Templo de la Patria, en la Cima de la Libertad, por los 197 a\u00f1os de la Batalla de Pichincha, ceremonia que fue solemnizada por el vicepresidente Otto Sonnenholzner, quien en su discurso resalt\u00f3 la importancia de la unidad en la consecuci\u00f3n de los objetivos comunes.<\/p>\n<p><em><strong>Quito, 25 mayo 2019<\/strong><\/em><\/p>\n","protected":false},"excerpt":{"rendered":"<p>La Superintendenta de Bancos Ruth Arregui particip\u00f3, este viernes 24 de mayo, en la presentaci\u00f3n del Informe a la Naci\u00f3n del presidente de la Rep\u00fablica, Len\u00edn Moreno, y en la ceremonia por los 197 a\u00f1os de la Batalla de Pichincha. Durante el informe de su segundo a\u00f1o de gobierno, ante cientos de autoridades e invitados [&hellip;]<\/p>\n","protected":false},"author":3,"featured_media":7498,"comment_status":"closed","ping_status":"open","sticky":false,"template":"","format":"standard","meta":{"footnotes":""},"categories":[114,5,6],"tags":[],"class_list":["post-7497","post","type-post","status-publish","format-standard","has-post-thumbnail","hentry","category-boletin-de-prensa","category-noticias","category-noticias-destacadas"],"yoast_head":"<!-- This site is optimized with the Yoast SEO plugin v25.4 - https:\/\/yoast.com\/wordpress\/plugins\/seo\/ -->\n<title>Informe a la Naci\u00f3n y homenaje por Batalla de Pichincha - Superintendencia de Bancos<\/title>\n<meta name=\"robots\" content=\"index, follow, max-snippet:-1, max-image-preview:large, max-video-preview:-1\" \/>\n<link rel=\"canonical\" href=\"https:\/\/www.superbancos.gob.ec\/bancos\/informe-a-la-nacion-y-homenaje-por-batalla-de-pichincha\/\" \/>\n<meta property=\"og:locale\" content=\"es_ES\" \/>\n<meta property=\"og:type\" content=\"article\" \/>\n<meta property=\"og:title\" content=\"Informe a la Naci\u00f3n y homenaje por Batalla de Pichincha - Superintendencia de Bancos\" \/>\n<meta property=\"og:description\" content=\"La Superintendenta de Bancos Ruth Arregui particip\u00f3, este viernes 24 de mayo, en la presentaci\u00f3n del Informe a la Naci\u00f3n del presidente de la Rep\u00fablica, Len\u00edn Moreno, y en la ceremonia por los 197 a\u00f1os de la Batalla de Pichincha. Durante el informe de su segundo a\u00f1o de gobierno, ante cientos de autoridades e invitados [&hellip;]\" \/>\n<meta property=\"og:url\" content=\"https:\/\/www.superbancos.gob.ec\/bancos\/informe-a-la-nacion-y-homenaje-por-batalla-de-pichincha\/\" \/>\n<meta property=\"og:site_name\" content=\"Superintendencia de Bancos\" \/>\n<meta property=\"article:published_time\" content=\"2019-05-25T23:37:17+00:00\" \/>\n<meta property=\"article:modified_time\" content=\"2021-11-25T17:01:55+00:00\" \/>\n<meta property=\"og:image\" content=\"https:\/\/www.superbancos.gob.ec\/bancos\/wp-content\/uploads\/2019\/05\/cima_libertad.jpeg\" \/>\n\t<meta property=\"og:image:width\" content=\"800\" \/>\n\t<meta property=\"og:image:height\" content=\"594\" \/>\n\t<meta property=\"og:image:type\" content=\"image\/jpeg\" \/>\n<meta name=\"author\" content=\"Diego Buendia\" \/>\n<meta name=\"twitter:card\" content=\"summary_large_image\" \/>\n<script type=\"application\/ld+json\" class=\"yoast-schema-graph\">{\"@context\":\"https:\/\/schema.org\",\"@graph\":[{\"@type\":\"Article\",\"@id\":\"https:\/\/www.superbancos.gob.ec\/bancos\/informe-a-la-nacion-y-homenaje-por-batalla-de-pichincha\/#article\",\"isPartOf\":{\"@id\":\"https:\/\/www.superbancos.gob.ec\/bancos\/informe-a-la-nacion-y-homenaje-por-batalla-de-pichincha\/\"},\"author\":{\"name\":\"Diego Buendia\",\"@id\":\"https:\/\/www.superbancos.gob.ec\/bancos\/#\/schema\/person\/c12770f5145f3723f3aa20c0aafac282\"},\"headline\":\"Informe a la Naci\u00f3n y homenaje por Batalla de Pichincha\",\"datePublished\":\"2019-05-25T23:37:17+00:00\",\"dateModified\":\"2021-11-25T17:01:55+00:00\",\"mainEntityOfPage\":{\"@id\":\"https:\/\/www.superbancos.gob.ec\/bancos\/informe-a-la-nacion-y-homenaje-por-batalla-de-pichincha\/\"},\"wordCount\":188,\"publisher\":{\"@id\":\"https:\/\/www.superbancos.gob.ec\/bancos\/#organization\"},\"image\":{\"@id\":\"https:\/\/www.superbancos.gob.ec\/bancos\/informe-a-la-nacion-y-homenaje-por-batalla-de-pichincha\/#primaryimage\"},\"thumbnailUrl\":\"https:\/\/www.superbancos.gob.ec\/bancos\/wp-content\/uploads\/2019\/05\/cima_libertad.jpeg\",\"articleSection\":[\"Bolet\u00edn de prensa\",\"Noticias\",\"Noticias Destacadas\"],\"inLanguage\":\"es\"},{\"@type\":\"WebPage\",\"@id\":\"https:\/\/www.superbancos.gob.ec\/bancos\/informe-a-la-nacion-y-homenaje-por-batalla-de-pichincha\/\",\"url\":\"https:\/\/www.superbancos.gob.ec\/bancos\/informe-a-la-nacion-y-homenaje-por-batalla-de-pichincha\/\",\"name\":\"Informe a la Naci\u00f3n y homenaje por Batalla de Pichincha - Superintendencia de Bancos\",\"isPartOf\":{\"@id\":\"https:\/\/www.superbancos.gob.ec\/bancos\/#website\"},\"primaryImageOfPage\":{\"@id\":\"https:\/\/www.superbancos.gob.ec\/bancos\/informe-a-la-nacion-y-homenaje-por-batalla-de-pichincha\/#primaryimage\"},\"image\":{\"@id\":\"https:\/\/www.superbancos.gob.ec\/bancos\/informe-a-la-nacion-y-homenaje-por-batalla-de-pichincha\/#primaryimage\"},\"thumbnailUrl\":\"https:\/\/www.superbancos.gob.ec\/bancos\/wp-content\/uploads\/2019\/05\/cima_libertad.jpeg\",\"datePublished\":\"2019-05-25T23:37:17+00:00\",\"dateModified\":\"2021-11-25T17:01:55+00:00\",\"breadcrumb\":{\"@id\":\"https:\/\/www.superbancos.gob.ec\/bancos\/informe-a-la-nacion-y-homenaje-por-batalla-de-pichincha\/#breadcrumb\"},\"inLanguage\":\"es\",\"potentialAction\":[{\"@type\":\"ReadAction\",\"target\":[\"https:\/\/www.superbancos.gob.ec\/bancos\/informe-a-la-nacion-y-homenaje-por-batalla-de-pichincha\/\"]}]},{\"@type\":\"ImageObject\",\"inLanguage\":\"es\",\"@id\":\"https:\/\/www.superbancos.gob.ec\/bancos\/informe-a-la-nacion-y-homenaje-por-batalla-de-pichincha\/#primaryimage\",\"url\":\"https:\/\/www.superbancos.gob.ec\/bancos\/wp-content\/uploads\/2019\/05\/cima_libertad.jpeg\",\"contentUrl\":\"https:\/\/www.superbancos.gob.ec\/bancos\/wp-content\/uploads\/2019\/05\/cima_libertad.jpeg\",\"width\":800,\"height\":594},{\"@type\":\"BreadcrumbList\",\"@id\":\"https:\/\/www.superbancos.gob.ec\/bancos\/informe-a-la-nacion-y-homenaje-por-batalla-de-pichincha\/#breadcrumb\",\"itemListElement\":[{\"@type\":\"ListItem\",\"position\":1,\"name\":\"Portada\",\"item\":\"https:\/\/www.superbancos.gob.ec\/bancos\/\"},{\"@type\":\"ListItem\",\"position\":2,\"name\":\"Informe a la Naci\u00f3n y homenaje por Batalla de Pichincha\"}]},{\"@type\":\"WebSite\",\"@id\":\"https:\/\/www.superbancos.gob.ec\/bancos\/#website\",\"url\":\"https:\/\/www.superbancos.gob.ec\/bancos\/\",\"name\":\"Superintendencia de Bancos\",\"description\":\"Organo de Control del Sistema Financiero Ecuatoriano.\",\"publisher\":{\"@id\":\"https:\/\/www.superbancos.gob.ec\/bancos\/#organization\"},\"alternateName\":\"Super de Bancos\",\"potentialAction\":[{\"@type\":\"SearchAction\",\"target\":{\"@type\":\"EntryPoint\",\"urlTemplate\":\"https:\/\/www.superbancos.gob.ec\/bancos\/?s={search_term_string}\"},\"query-input\":{\"@type\":\"PropertyValueSpecification\",\"valueRequired\":true,\"valueName\":\"search_term_string\"}}],\"inLanguage\":\"es\"},{\"@type\":\"Organization\",\"@id\":\"https:\/\/www.superbancos.gob.ec\/bancos\/#organization\",\"name\":\"Superintendencia de Bancos\",\"url\":\"https:\/\/www.superbancos.gob.ec\/bancos\/\",\"logo\":{\"@type\":\"ImageObject\",\"inLanguage\":\"es\",\"@id\":\"https:\/\/www.superbancos.gob.ec\/bancos\/#\/schema\/logo\/image\/\",\"url\":\"https:\/\/www.superbancos.gob.ec\/bancos\/wp-content\/uploads\/2022\/09\/Logo_Super.png\",\"contentUrl\":\"https:\/\/www.superbancos.gob.ec\/bancos\/wp-content\/uploads\/2022\/09\/Logo_Super.png\",\"width\":340,\"height\":92,\"caption\":\"Superintendencia de Bancos\"},\"image\":{\"@id\":\"https:\/\/www.superbancos.gob.ec\/bancos\/#\/schema\/logo\/image\/\"}},{\"@type\":\"Person\",\"@id\":\"https:\/\/www.superbancos.gob.ec\/bancos\/#\/schema\/person\/c12770f5145f3723f3aa20c0aafac282\",\"name\":\"Diego Buendia\",\"image\":{\"@type\":\"ImageObject\",\"inLanguage\":\"es\",\"@id\":\"https:\/\/www.superbancos.gob.ec\/bancos\/#\/schema\/person\/image\/\",\"url\":\"https:\/\/secure.gravatar.com\/avatar\/f2dcb31e604664a7d81f71d8260b45eb?s=96&d=mm&r=g\",\"contentUrl\":\"https:\/\/secure.gravatar.com\/avatar\/f2dcb31e604664a7d81f71d8260b45eb?s=96&d=mm&r=g\",\"caption\":\"Diego Buendia\"},\"url\":\"https:\/\/www.superbancos.gob.ec\/bancos\/author\/dbuendia\/\"}]}<\/script>\n<!-- \/ Yoast SEO plugin. -->","yoast_head_json":{"title":"Informe a la Naci\u00f3n y homenaje por Batalla de Pichincha - Superintendencia de Bancos","robots":{"index":"index","follow":"follow","max-snippet":"max-snippet:-1","max-image-preview":"max-image-preview:large","max-video-preview":"max-video-preview:-1"},"canonical":"https:\/\/www.superbancos.gob.ec\/bancos\/informe-a-la-nacion-y-homenaje-por-batalla-de-pichincha\/","og_locale":"es_ES","og_type":"article","og_title":"Informe a la Naci\u00f3n y homenaje por Batalla de Pichincha - Superintendencia de Bancos","og_description":"La Superintendenta de Bancos Ruth Arregui particip\u00f3, este viernes 24 de mayo, en la presentaci\u00f3n del Informe a la Naci\u00f3n del presidente de la Rep\u00fablica, Len\u00edn Moreno, y en la ceremonia por los 197 a\u00f1os de la Batalla de Pichincha. Durante el informe de su segundo a\u00f1o de gobierno, ante cientos de autoridades e invitados [&hellip;]","og_url":"https:\/\/www.superbancos.gob.ec\/bancos\/informe-a-la-nacion-y-homenaje-por-batalla-de-pichincha\/","og_site_name":"Superintendencia de Bancos","article_published_time":"2019-05-25T23:37:17+00:00","article_modified_time":"2021-11-25T17:01:55+00:00","og_image":[{"width":800,"height":594,"url":"https:\/\/www.superbancos.gob.ec\/bancos\/wp-content\/uploads\/2019\/05\/cima_libertad.jpeg","type":"image\/jpeg"}],"author":"Diego Buendia","twitter_card":"summary_large_image","schema":{"@context":"https:\/\/schema.org","@graph":[{"@type":"Article","@id":"https:\/\/www.superbancos.gob.ec\/bancos\/informe-a-la-nacion-y-homenaje-por-batalla-de-pichincha\/#article","isPartOf":{"@id":"https:\/\/www.superbancos.gob.ec\/bancos\/informe-a-la-nacion-y-homenaje-por-batalla-de-pichincha\/"},"author":{"name":"Diego Buendia","@id":"https:\/\/www.superbancos.gob.ec\/bancos\/#\/schema\/person\/c12770f5145f3723f3aa20c0aafac282"},"headline":"Informe a la Naci\u00f3n y homenaje por Batalla de Pichincha","datePublished":"2019-05-25T23:37:17+00:00","dateModified":"2021-11-25T17:01:55+00:00","mainEntityOfPage":{"@id":"https:\/\/www.superbancos.gob.ec\/bancos\/informe-a-la-nacion-y-homenaje-por-batalla-de-pichincha\/"},"wordCount":188,"publisher":{"@id":"https:\/\/www.superbancos.gob.ec\/bancos\/#organization"},"image":{"@id":"https:\/\/www.superbancos.gob.ec\/bancos\/informe-a-la-nacion-y-homenaje-por-batalla-de-pichincha\/#primaryimage"},"thumbnailUrl":"https:\/\/www.superbancos.gob.ec\/bancos\/wp-content\/uploads\/2019\/05\/cima_libertad.jpeg","articleSection":["Bolet\u00edn de prensa","Noticias","Noticias Destacadas"],"inLanguage":"es"},{"@type":"WebPage","@id":"https:\/\/www.superbancos.gob.ec\/bancos\/informe-a-la-nacion-y-homenaje-por-batalla-de-pichincha\/","url":"https:\/\/www.superbancos.gob.ec\/bancos\/informe-a-la-nacion-y-homenaje-por-batalla-de-pichincha\/","name":"Informe a la Naci\u00f3n y homenaje por Batalla de Pichincha - Superintendencia de Bancos","isPartOf":{"@id":"https:\/\/www.superbancos.gob.ec\/bancos\/#website"},"primaryImageOfPage":{"@id":"https:\/\/www.superbancos.gob.ec\/bancos\/informe-a-la-nacion-y-homenaje-por-batalla-de-pichincha\/#primaryimage"},"image":{"@id":"https:\/\/www.superbancos.gob.ec\/bancos\/informe-a-la-nacion-y-homenaje-por-batalla-de-pichincha\/#primaryimage"},"thumbnailUrl":"https:\/\/www.superbancos.gob.ec\/bancos\/wp-content\/uploads\/2019\/05\/cima_libertad.jpeg","datePublished":"2019-05-25T23:37:17+00:00","dateModified":"2021-11-25T17:01:55+00:00","breadcrumb":{"@id":"https:\/\/www.superbancos.gob.ec\/bancos\/informe-a-la-nacion-y-homenaje-por-batalla-de-pichincha\/#breadcrumb"},"inLanguage":"es","potentialAction":[{"@type":"ReadAction","target":["https:\/\/www.superbancos.gob.ec\/bancos\/informe-a-la-nacion-y-homenaje-por-batalla-de-pichincha\/"]}]},{"@type":"ImageObject","inLanguage":"es","@id":"https:\/\/www.superbancos.gob.ec\/bancos\/informe-a-la-nacion-y-homenaje-por-batalla-de-pichincha\/#primaryimage","url":"https:\/\/www.superbancos.gob.ec\/bancos\/wp-content\/uploads\/2019\/05\/cima_libertad.jpeg","contentUrl":"https:\/\/www.superbancos.gob.ec\/bancos\/wp-content\/uploads\/2019\/05\/cima_libertad.jpeg","width":800,"height":594},{"@type":"BreadcrumbList","@id":"https:\/\/www.superbancos.gob.ec\/bancos\/informe-a-la-nacion-y-homenaje-por-batalla-de-pichincha\/#breadcrumb","itemListElement":[{"@type":"ListItem","position":1,"name":"Portada","item":"https:\/\/www.superbancos.gob.ec\/bancos\/"},{"@type":"ListItem","position":2,"name":"Informe a la Naci\u00f3n y homenaje por Batalla de Pichincha"}]},{"@type":"WebSite","@id":"https:\/\/www.superbancos.gob.ec\/bancos\/#website","url":"https:\/\/www.superbancos.gob.ec\/bancos\/","name":"Superintendencia de Bancos","description":"Organo de Control del Sistema Financiero Ecuatoriano.","publisher":{"@id":"https:\/\/www.superbancos.gob.ec\/bancos\/#organization"},"alternateName":"Super de Bancos","potentialAction":[{"@type":"SearchAction","target":{"@type":"EntryPoint","urlTemplate":"https:\/\/www.superbancos.gob.ec\/bancos\/?s={search_term_string}"},"query-input":{"@type":"PropertyValueSpecification","valueRequired":true,"valueName":"search_term_string"}}],"inLanguage":"es"},{"@type":"Organization","@id":"https:\/\/www.superbancos.gob.ec\/bancos\/#organization","name":"Superintendencia de Bancos","url":"https:\/\/www.superbancos.gob.ec\/bancos\/","logo":{"@type":"ImageObject","inLanguage":"es","@id":"https:\/\/www.superbancos.gob.ec\/bancos\/#\/schema\/logo\/image\/","url":"https:\/\/www.superbancos.gob.ec\/bancos\/wp-content\/uploads\/2022\/09\/Logo_Super.png","contentUrl":"https:\/\/www.superbancos.gob.ec\/bancos\/wp-content\/uploads\/2022\/09\/Logo_Super.png","width":340,"height":92,"caption":"Superintendencia de Bancos"},"image":{"@id":"https:\/\/www.superbancos.gob.ec\/bancos\/#\/schema\/logo\/image\/"}},{"@type":"Person","@id":"https:\/\/www.superbancos.gob.ec\/bancos\/#\/schema\/person\/c12770f5145f3723f3aa20c0aafac282","name":"Diego Buendia","image":{"@type":"ImageObject","inLanguage":"es","@id":"https:\/\/www.superbancos.gob.ec\/bancos\/#\/schema\/person\/image\/","url":"https:\/\/secure.gravatar.com\/avatar\/f2dcb31e604664a7d81f71d8260b45eb?s=96&d=mm&r=g","contentUrl":"https:\/\/secure.gravatar.com\/avatar\/f2dcb31e604664a7d81f71d8260b45eb?s=96&d=mm&r=g","caption":"Diego Buendia"},"url":"https:\/\/www.superbancos.gob.ec\/bancos\/author\/dbuendia\/"}]}},"_links":{"self":[{"href":"https:\/\/www.superbancos.gob.ec\/bancos\/wp-json\/wp\/v2\/posts\/7497"}],"collection":[{"href":"https:\/\/www.superbancos.gob.ec\/bancos\/wp-json\/wp\/v2\/posts"}],"about":[{"href":"https:\/\/www.superbancos.gob.ec\/bancos\/wp-json\/wp\/v2\/types\/post"}],"author":[{"embeddable":true,"href":"https:\/\/www.superbancos.gob.ec\/bancos\/wp-json\/wp\/v2\/users\/3"}],"replies":[{"embeddable":true,"href":"https:\/\/www.superbancos.gob.ec\/bancos\/wp-json\/wp\/v2\/comments?post=7497"}],"version-history":[{"count":3,"href":"https:\/\/www.superbancos.gob.ec\/bancos\/wp-json\/wp\/v2\/posts\/7497\/revisions"}],"predecessor-version":[{"id":13836,"href":"https:\/\/www.superbancos.gob.ec\/bancos\/wp-json\/wp\/v2\/posts\/7497\/revisions\/13836"}],"wp:featuredmedia":[{"embeddable":true,"href":"https:\/\/www.superbancos.gob.ec\/bancos\/wp-json\/wp\/v2\/media\/7498"}],"wp:attachment":[{"href":"https:\/\/www.superbancos.gob.ec\/bancos\/wp-json\/wp\/v2\/media?parent=7497"}],"wp:term":[{"taxonomy":"category","embeddable":true,"href":"https:\/\/www.superbancos.gob.ec\/bancos\/wp-json\/wp\/v2\/categories?post=7497"},{"taxonomy":"post_tag","embeddable":true,"href":"https:\/\/www.superbancos.gob.ec\/bancos\/wp-json\/wp\/v2\/tags?post=7497"}],"curies":[{"name":"wp","href":"https:\/\/api.w.org\/{rel}","templated":true}]}}