{"id":7599,"date":"2019-06-18T12:40:03","date_gmt":"2019-06-18T17:40:03","guid":{"rendered":"https:\/\/www.superbancos.gob.ec\/bancos\/?p=7599"},"modified":"2021-11-25T11:56:28","modified_gmt":"2021-11-25T16:56:28","slug":"superintendenta-de-bancos-disertara-en-encuentro-internacional","status":"publish","type":"post","link":"https:\/\/www.superbancos.gob.ec\/bancos\/superintendenta-de-bancos-disertara-en-encuentro-internacional\/","title":{"rendered":"Superintendenta de Bancos disertar\u00e1 en Encuentro Internacional"},"content":{"rendered":"<p>La Superintendenta de Bancos, Ruth Arregui Solano, participar\u00e1 en el<a href=\"https:\/\/www.caf.com\/es\/actualidad\/eventos\/2019\/06\/xii-taller-de-economia-caf-segib\/\" target=\"_blank\" rel=\"noopener\"><strong> XII Encuentro de Economistas CAF-SEGIB<\/strong><\/a>, <em>\u201cOportunidades y Desaf\u00edos de los Recursos Naturales para la Estabilidad, el Crecimiento, la Inclusi\u00f3n y la Sostenibilidad en Am\u00e9rica Latina\u201d<\/em>, que se desarrollar\u00e1 este mi\u00e9rcoles 19 de junio de 2019, en Quito.<\/p>\n<p>La m\u00e1xima autoridad de la Superintendencia de Bancos intervendr\u00e1 en el<strong> <a href=\"https:\/\/www.caf.com\/media\/2031980\/encuentroeconomistas-agenda19junio.pdf\" target=\"_blank\" rel=\"noopener\">Panel<\/a><\/strong>: <em>\u201cLos Desaf\u00edos Macroecon\u00f3micos de los Ciclos de los Commodities: Lecciones e Implicancias de Pol\u00edtica P\u00fablica\u201d<\/em>, conjuntamente con Liliana Rojas-Su\u00e1rez, Senior Fellow del Center For Global Development, Augusto de la Torre, ex Economista Jefe para Am\u00e9rica Latina del Banco Mundial, Jorge Rold\u00f3s del FMI y Santiago Caviedes, Vice Ministro de Econom\u00eda.<\/p>\n<p>El evento se desarrollar\u00e1 en el auditorio de la Plataforma Gubernamental Financiera, a las 09h00.<\/p>\n<p><em><strong>Quito, 18 junio 2019<\/strong><\/em><\/p>\n","protected":false},"excerpt":{"rendered":"<p>La Superintendenta de Bancos, Ruth Arregui Solano, participar\u00e1 en el XII Encuentro de Economistas CAF-SEGIB, \u201cOportunidades y Desaf\u00edos de los Recursos Naturales para la Estabilidad, el Crecimiento, la Inclusi\u00f3n y la Sostenibilidad en Am\u00e9rica Latina\u201d, que se desarrollar\u00e1 este mi\u00e9rcoles 19 de junio de 2019, en Quito. La m\u00e1xima autoridad de la Superintendencia de Bancos [&hellip;]<\/p>\n","protected":false},"author":3,"featured_media":7604,"comment_status":"closed","ping_status":"open","sticky":false,"template":"","format":"standard","meta":{"footnotes":""},"categories":[114,5],"tags":[],"class_list":["post-7599","post","type-post","status-publish","format-standard","has-post-thumbnail","hentry","category-boletin-de-prensa","category-noticias"],"yoast_head":"<!-- This site is optimized with the Yoast SEO plugin v25.4 - https:\/\/yoast.com\/wordpress\/plugins\/seo\/ -->\n<title>Superintendenta de Bancos disertar\u00e1 en Encuentro Internacional - Superintendencia de Bancos<\/title>\n<meta name=\"robots\" content=\"index, follow, max-snippet:-1, max-image-preview:large, max-video-preview:-1\" \/>\n<link rel=\"canonical\" href=\"https:\/\/www.superbancos.gob.ec\/bancos\/superintendenta-de-bancos-disertara-en-encuentro-internacional\/\" \/>\n<meta property=\"og:locale\" content=\"es_ES\" \/>\n<meta property=\"og:type\" content=\"article\" \/>\n<meta property=\"og:title\" content=\"Superintendenta de Bancos disertar\u00e1 en Encuentro Internacional - Superintendencia de Bancos\" \/>\n<meta property=\"og:description\" content=\"La Superintendenta de Bancos, Ruth Arregui Solano, participar\u00e1 en el XII Encuentro de Economistas CAF-SEGIB, \u201cOportunidades y Desaf\u00edos de los Recursos Naturales para la Estabilidad, el Crecimiento, la Inclusi\u00f3n y la Sostenibilidad en Am\u00e9rica Latina\u201d, que se desarrollar\u00e1 este mi\u00e9rcoles 19 de junio de 2019, en Quito. La m\u00e1xima autoridad de la Superintendencia de Bancos [&hellip;]\" \/>\n<meta property=\"og:url\" content=\"https:\/\/www.superbancos.gob.ec\/bancos\/superintendenta-de-bancos-disertara-en-encuentro-internacional\/\" \/>\n<meta property=\"og:site_name\" content=\"Superintendencia de Bancos\" \/>\n<meta property=\"article:published_time\" content=\"2019-06-18T17:40:03+00:00\" \/>\n<meta property=\"article:modified_time\" content=\"2021-11-25T16:56:28+00:00\" \/>\n<meta property=\"og:image\" content=\"https:\/\/www.superbancos.gob.ec\/bancos\/wp-content\/uploads\/2019\/06\/taller-caf-FINAL.jpg\" \/>\n\t<meta property=\"og:image:width\" content=\"800\" \/>\n\t<meta property=\"og:image:height\" content=\"500\" \/>\n\t<meta property=\"og:image:type\" content=\"image\/jpeg\" \/>\n<meta name=\"author\" content=\"Diego Buendia\" \/>\n<meta name=\"twitter:card\" content=\"summary_large_image\" \/>\n<script type=\"application\/ld+json\" class=\"yoast-schema-graph\">{\"@context\":\"https:\/\/schema.org\",\"@graph\":[{\"@type\":\"Article\",\"@id\":\"https:\/\/www.superbancos.gob.ec\/bancos\/superintendenta-de-bancos-disertara-en-encuentro-internacional\/#article\",\"isPartOf\":{\"@id\":\"https:\/\/www.superbancos.gob.ec\/bancos\/superintendenta-de-bancos-disertara-en-encuentro-internacional\/\"},\"author\":{\"name\":\"Diego Buendia\",\"@id\":\"https:\/\/www.superbancos.gob.ec\/bancos\/#\/schema\/person\/c12770f5145f3723f3aa20c0aafac282\"},\"headline\":\"Superintendenta de Bancos disertar\u00e1 en Encuentro Internacional\",\"datePublished\":\"2019-06-18T17:40:03+00:00\",\"dateModified\":\"2021-11-25T16:56:28+00:00\",\"mainEntityOfPage\":{\"@id\":\"https:\/\/www.superbancos.gob.ec\/bancos\/superintendenta-de-bancos-disertara-en-encuentro-internacional\/\"},\"wordCount\":144,\"publisher\":{\"@id\":\"https:\/\/www.superbancos.gob.ec\/bancos\/#organization\"},\"image\":{\"@id\":\"https:\/\/www.superbancos.gob.ec\/bancos\/superintendenta-de-bancos-disertara-en-encuentro-internacional\/#primaryimage\"},\"thumbnailUrl\":\"https:\/\/www.superbancos.gob.ec\/bancos\/wp-content\/uploads\/2019\/06\/taller-caf-FINAL.jpg\",\"articleSection\":[\"Bolet\u00edn de prensa\",\"Noticias\"],\"inLanguage\":\"es\"},{\"@type\":\"WebPage\",\"@id\":\"https:\/\/www.superbancos.gob.ec\/bancos\/superintendenta-de-bancos-disertara-en-encuentro-internacional\/\",\"url\":\"https:\/\/www.superbancos.gob.ec\/bancos\/superintendenta-de-bancos-disertara-en-encuentro-internacional\/\",\"name\":\"Superintendenta de Bancos disertar\u00e1 en Encuentro Internacional - Superintendencia de Bancos\",\"isPartOf\":{\"@id\":\"https:\/\/www.superbancos.gob.ec\/bancos\/#website\"},\"primaryImageOfPage\":{\"@id\":\"https:\/\/www.superbancos.gob.ec\/bancos\/superintendenta-de-bancos-disertara-en-encuentro-internacional\/#primaryimage\"},\"image\":{\"@id\":\"https:\/\/www.superbancos.gob.ec\/bancos\/superintendenta-de-bancos-disertara-en-encuentro-internacional\/#primaryimage\"},\"thumbnailUrl\":\"https:\/\/www.superbancos.gob.ec\/bancos\/wp-content\/uploads\/2019\/06\/taller-caf-FINAL.jpg\",\"datePublished\":\"2019-06-18T17:40:03+00:00\",\"dateModified\":\"2021-11-25T16:56:28+00:00\",\"breadcrumb\":{\"@id\":\"https:\/\/www.superbancos.gob.ec\/bancos\/superintendenta-de-bancos-disertara-en-encuentro-internacional\/#breadcrumb\"},\"inLanguage\":\"es\",\"potentialAction\":[{\"@type\":\"ReadAction\",\"target\":[\"https:\/\/www.superbancos.gob.ec\/bancos\/superintendenta-de-bancos-disertara-en-encuentro-internacional\/\"]}]},{\"@type\":\"ImageObject\",\"inLanguage\":\"es\",\"@id\":\"https:\/\/www.superbancos.gob.ec\/bancos\/superintendenta-de-bancos-disertara-en-encuentro-internacional\/#primaryimage\",\"url\":\"https:\/\/www.superbancos.gob.ec\/bancos\/wp-content\/uploads\/2019\/06\/taller-caf-FINAL.jpg\",\"contentUrl\":\"https:\/\/www.superbancos.gob.ec\/bancos\/wp-content\/uploads\/2019\/06\/taller-caf-FINAL.jpg\",\"width\":800,\"height\":500},{\"@type\":\"BreadcrumbList\",\"@id\":\"https:\/\/www.superbancos.gob.ec\/bancos\/superintendenta-de-bancos-disertara-en-encuentro-internacional\/#breadcrumb\",\"itemListElement\":[{\"@type\":\"ListItem\",\"position\":1,\"name\":\"Portada\",\"item\":\"https:\/\/www.superbancos.gob.ec\/bancos\/\"},{\"@type\":\"ListItem\",\"position\":2,\"name\":\"Superintendenta de Bancos disertar\u00e1 en Encuentro Internacional\"}]},{\"@type\":\"WebSite\",\"@id\":\"https:\/\/www.superbancos.gob.ec\/bancos\/#website\",\"url\":\"https:\/\/www.superbancos.gob.ec\/bancos\/\",\"name\":\"Superintendencia de Bancos\",\"description\":\"Organo de Control del Sistema Financiero Ecuatoriano.\",\"publisher\":{\"@id\":\"https:\/\/www.superbancos.gob.ec\/bancos\/#organization\"},\"alternateName\":\"Super de Bancos\",\"potentialAction\":[{\"@type\":\"SearchAction\",\"target\":{\"@type\":\"EntryPoint\",\"urlTemplate\":\"https:\/\/www.superbancos.gob.ec\/bancos\/?s={search_term_string}\"},\"query-input\":{\"@type\":\"PropertyValueSpecification\",\"valueRequired\":true,\"valueName\":\"search_term_string\"}}],\"inLanguage\":\"es\"},{\"@type\":\"Organization\",\"@id\":\"https:\/\/www.superbancos.gob.ec\/bancos\/#organization\",\"name\":\"Superintendencia de Bancos\",\"url\":\"https:\/\/www.superbancos.gob.ec\/bancos\/\",\"logo\":{\"@type\":\"ImageObject\",\"inLanguage\":\"es\",\"@id\":\"https:\/\/www.superbancos.gob.ec\/bancos\/#\/schema\/logo\/image\/\",\"url\":\"https:\/\/www.superbancos.gob.ec\/bancos\/wp-content\/uploads\/2022\/09\/Logo_Super.png\",\"contentUrl\":\"https:\/\/www.superbancos.gob.ec\/bancos\/wp-content\/uploads\/2022\/09\/Logo_Super.png\",\"width\":340,\"height\":92,\"caption\":\"Superintendencia de Bancos\"},\"image\":{\"@id\":\"https:\/\/www.superbancos.gob.ec\/bancos\/#\/schema\/logo\/image\/\"}},{\"@type\":\"Person\",\"@id\":\"https:\/\/www.superbancos.gob.ec\/bancos\/#\/schema\/person\/c12770f5145f3723f3aa20c0aafac282\",\"name\":\"Diego Buendia\",\"image\":{\"@type\":\"ImageObject\",\"inLanguage\":\"es\",\"@id\":\"https:\/\/www.superbancos.gob.ec\/bancos\/#\/schema\/person\/image\/\",\"url\":\"https:\/\/secure.gravatar.com\/avatar\/f2dcb31e604664a7d81f71d8260b45eb?s=96&d=mm&r=g\",\"contentUrl\":\"https:\/\/secure.gravatar.com\/avatar\/f2dcb31e604664a7d81f71d8260b45eb?s=96&d=mm&r=g\",\"caption\":\"Diego Buendia\"},\"url\":\"https:\/\/www.superbancos.gob.ec\/bancos\/author\/dbuendia\/\"}]}<\/script>\n<!-- \/ Yoast SEO plugin. -->","yoast_head_json":{"title":"Superintendenta de Bancos disertar\u00e1 en Encuentro Internacional - Superintendencia de Bancos","robots":{"index":"index","follow":"follow","max-snippet":"max-snippet:-1","max-image-preview":"max-image-preview:large","max-video-preview":"max-video-preview:-1"},"canonical":"https:\/\/www.superbancos.gob.ec\/bancos\/superintendenta-de-bancos-disertara-en-encuentro-internacional\/","og_locale":"es_ES","og_type":"article","og_title":"Superintendenta de Bancos disertar\u00e1 en Encuentro Internacional - Superintendencia de Bancos","og_description":"La Superintendenta de Bancos, Ruth Arregui Solano, participar\u00e1 en el XII Encuentro de Economistas CAF-SEGIB, \u201cOportunidades y Desaf\u00edos de los Recursos Naturales para la Estabilidad, el Crecimiento, la Inclusi\u00f3n y la Sostenibilidad en Am\u00e9rica Latina\u201d, que se desarrollar\u00e1 este mi\u00e9rcoles 19 de junio de 2019, en Quito. La m\u00e1xima autoridad de la Superintendencia de Bancos [&hellip;]","og_url":"https:\/\/www.superbancos.gob.ec\/bancos\/superintendenta-de-bancos-disertara-en-encuentro-internacional\/","og_site_name":"Superintendencia de Bancos","article_published_time":"2019-06-18T17:40:03+00:00","article_modified_time":"2021-11-25T16:56:28+00:00","og_image":[{"width":800,"height":500,"url":"https:\/\/www.superbancos.gob.ec\/bancos\/wp-content\/uploads\/2019\/06\/taller-caf-FINAL.jpg","type":"image\/jpeg"}],"author":"Diego Buendia","twitter_card":"summary_large_image","schema":{"@context":"https:\/\/schema.org","@graph":[{"@type":"Article","@id":"https:\/\/www.superbancos.gob.ec\/bancos\/superintendenta-de-bancos-disertara-en-encuentro-internacional\/#article","isPartOf":{"@id":"https:\/\/www.superbancos.gob.ec\/bancos\/superintendenta-de-bancos-disertara-en-encuentro-internacional\/"},"author":{"name":"Diego Buendia","@id":"https:\/\/www.superbancos.gob.ec\/bancos\/#\/schema\/person\/c12770f5145f3723f3aa20c0aafac282"},"headline":"Superintendenta de Bancos disertar\u00e1 en Encuentro Internacional","datePublished":"2019-06-18T17:40:03+00:00","dateModified":"2021-11-25T16:56:28+00:00","mainEntityOfPage":{"@id":"https:\/\/www.superbancos.gob.ec\/bancos\/superintendenta-de-bancos-disertara-en-encuentro-internacional\/"},"wordCount":144,"publisher":{"@id":"https:\/\/www.superbancos.gob.ec\/bancos\/#organization"},"image":{"@id":"https:\/\/www.superbancos.gob.ec\/bancos\/superintendenta-de-bancos-disertara-en-encuentro-internacional\/#primaryimage"},"thumbnailUrl":"https:\/\/www.superbancos.gob.ec\/bancos\/wp-content\/uploads\/2019\/06\/taller-caf-FINAL.jpg","articleSection":["Bolet\u00edn de prensa","Noticias"],"inLanguage":"es"},{"@type":"WebPage","@id":"https:\/\/www.superbancos.gob.ec\/bancos\/superintendenta-de-bancos-disertara-en-encuentro-internacional\/","url":"https:\/\/www.superbancos.gob.ec\/bancos\/superintendenta-de-bancos-disertara-en-encuentro-internacional\/","name":"Superintendenta de Bancos disertar\u00e1 en Encuentro Internacional - Superintendencia de Bancos","isPartOf":{"@id":"https:\/\/www.superbancos.gob.ec\/bancos\/#website"},"primaryImageOfPage":{"@id":"https:\/\/www.superbancos.gob.ec\/bancos\/superintendenta-de-bancos-disertara-en-encuentro-internacional\/#primaryimage"},"image":{"@id":"https:\/\/www.superbancos.gob.ec\/bancos\/superintendenta-de-bancos-disertara-en-encuentro-internacional\/#primaryimage"},"thumbnailUrl":"https:\/\/www.superbancos.gob.ec\/bancos\/wp-content\/uploads\/2019\/06\/taller-caf-FINAL.jpg","datePublished":"2019-06-18T17:40:03+00:00","dateModified":"2021-11-25T16:56:28+00:00","breadcrumb":{"@id":"https:\/\/www.superbancos.gob.ec\/bancos\/superintendenta-de-bancos-disertara-en-encuentro-internacional\/#breadcrumb"},"inLanguage":"es","potentialAction":[{"@type":"ReadAction","target":["https:\/\/www.superbancos.gob.ec\/bancos\/superintendenta-de-bancos-disertara-en-encuentro-internacional\/"]}]},{"@type":"ImageObject","inLanguage":"es","@id":"https:\/\/www.superbancos.gob.ec\/bancos\/superintendenta-de-bancos-disertara-en-encuentro-internacional\/#primaryimage","url":"https:\/\/www.superbancos.gob.ec\/bancos\/wp-content\/uploads\/2019\/06\/taller-caf-FINAL.jpg","contentUrl":"https:\/\/www.superbancos.gob.ec\/bancos\/wp-content\/uploads\/2019\/06\/taller-caf-FINAL.jpg","width":800,"height":500},{"@type":"BreadcrumbList","@id":"https:\/\/www.superbancos.gob.ec\/bancos\/superintendenta-de-bancos-disertara-en-encuentro-internacional\/#breadcrumb","itemListElement":[{"@type":"ListItem","position":1,"name":"Portada","item":"https:\/\/www.superbancos.gob.ec\/bancos\/"},{"@type":"ListItem","position":2,"name":"Superintendenta de Bancos disertar\u00e1 en Encuentro Internacional"}]},{"@type":"WebSite","@id":"https:\/\/www.superbancos.gob.ec\/bancos\/#website","url":"https:\/\/www.superbancos.gob.ec\/bancos\/","name":"Superintendencia de Bancos","description":"Organo de Control del Sistema Financiero Ecuatoriano.","publisher":{"@id":"https:\/\/www.superbancos.gob.ec\/bancos\/#organization"},"alternateName":"Super de Bancos","potentialAction":[{"@type":"SearchAction","target":{"@type":"EntryPoint","urlTemplate":"https:\/\/www.superbancos.gob.ec\/bancos\/?s={search_term_string}"},"query-input":{"@type":"PropertyValueSpecification","valueRequired":true,"valueName":"search_term_string"}}],"inLanguage":"es"},{"@type":"Organization","@id":"https:\/\/www.superbancos.gob.ec\/bancos\/#organization","name":"Superintendencia de Bancos","url":"https:\/\/www.superbancos.gob.ec\/bancos\/","logo":{"@type":"ImageObject","inLanguage":"es","@id":"https:\/\/www.superbancos.gob.ec\/bancos\/#\/schema\/logo\/image\/","url":"https:\/\/www.superbancos.gob.ec\/bancos\/wp-content\/uploads\/2022\/09\/Logo_Super.png","contentUrl":"https:\/\/www.superbancos.gob.ec\/bancos\/wp-content\/uploads\/2022\/09\/Logo_Super.png","width":340,"height":92,"caption":"Superintendencia de Bancos"},"image":{"@id":"https:\/\/www.superbancos.gob.ec\/bancos\/#\/schema\/logo\/image\/"}},{"@type":"Person","@id":"https:\/\/www.superbancos.gob.ec\/bancos\/#\/schema\/person\/c12770f5145f3723f3aa20c0aafac282","name":"Diego Buendia","image":{"@type":"ImageObject","inLanguage":"es","@id":"https:\/\/www.superbancos.gob.ec\/bancos\/#\/schema\/person\/image\/","url":"https:\/\/secure.gravatar.com\/avatar\/f2dcb31e604664a7d81f71d8260b45eb?s=96&d=mm&r=g","contentUrl":"https:\/\/secure.gravatar.com\/avatar\/f2dcb31e604664a7d81f71d8260b45eb?s=96&d=mm&r=g","caption":"Diego Buendia"},"url":"https:\/\/www.superbancos.gob.ec\/bancos\/author\/dbuendia\/"}]}},"_links":{"self":[{"href":"https:\/\/www.superbancos.gob.ec\/bancos\/wp-json\/wp\/v2\/posts\/7599"}],"collection":[{"href":"https:\/\/www.superbancos.gob.ec\/bancos\/wp-json\/wp\/v2\/posts"}],"about":[{"href":"https:\/\/www.superbancos.gob.ec\/bancos\/wp-json\/wp\/v2\/types\/post"}],"author":[{"embeddable":true,"href":"https:\/\/www.superbancos.gob.ec\/bancos\/wp-json\/wp\/v2\/users\/3"}],"replies":[{"embeddable":true,"href":"https:\/\/www.superbancos.gob.ec\/bancos\/wp-json\/wp\/v2\/comments?post=7599"}],"version-history":[{"count":11,"href":"https:\/\/www.superbancos.gob.ec\/bancos\/wp-json\/wp\/v2\/posts\/7599\/revisions"}],"predecessor-version":[{"id":13827,"href":"https:\/\/www.superbancos.gob.ec\/bancos\/wp-json\/wp\/v2\/posts\/7599\/revisions\/13827"}],"wp:featuredmedia":[{"embeddable":true,"href":"https:\/\/www.superbancos.gob.ec\/bancos\/wp-json\/wp\/v2\/media\/7604"}],"wp:attachment":[{"href":"https:\/\/www.superbancos.gob.ec\/bancos\/wp-json\/wp\/v2\/media?parent=7599"}],"wp:term":[{"taxonomy":"category","embeddable":true,"href":"https:\/\/www.superbancos.gob.ec\/bancos\/wp-json\/wp\/v2\/categories?post=7599"},{"taxonomy":"post_tag","embeddable":true,"href":"https:\/\/www.superbancos.gob.ec\/bancos\/wp-json\/wp\/v2\/tags?post=7599"}],"curies":[{"name":"wp","href":"https:\/\/api.w.org\/{rel}","templated":true}]}}