{"id":7618,"date":"2019-06-21T10:14:04","date_gmt":"2019-06-21T15:14:04","guid":{"rendered":"https:\/\/www.superbancos.gob.ec\/bancos\/?p=7618"},"modified":"2021-11-25T11:54:56","modified_gmt":"2021-11-25T16:54:56","slug":"nota-destacada-prensa-la-hora-el-marco-de-supervision-e-inclusion-financiera-se-devasto-durante-el-correismo","status":"publish","type":"post","link":"https:\/\/www.superbancos.gob.ec\/bancos\/nota-destacada-prensa-la-hora-el-marco-de-supervision-e-inclusion-financiera-se-devasto-durante-el-correismo\/","title":{"rendered":"Nota destacada Prensa &#8211; La Hora: El marco de supervisi\u00f3n e inclusi\u00f3n financiera se devast\u00f3 durante el corre\u00edsmo"},"content":{"rendered":"<p><em><strong>Diario La Hora<\/strong><\/em><\/p>\n<p>Ruth Arregui, superintendente de Bancos, explic\u00f3 que luego del esfuerzo hecho, a partir de la crisis bancaria de 1999, el pa\u00eds caminaba a crear una red s\u00f3lida de seguridad e inclusi\u00f3n financiera y buena supervisi\u00f3n, pero eso se comenz\u00f3 a torcer en 2008.<\/p>\n<p>\u201cTodo el marco legal fue poco a poco desbarat\u00e1ndose de forma tal que, hacia 2014, se expidi\u00f3 el C\u00f3digo Org\u00e1nico Monetario y Financiero y esta normativa termin\u00f3 de devastar toda la institucionalidad que ten\u00eda que ver con seguridad e inclusi\u00f3n financiera\u201d, dijo.<\/p>\n<p>Adem\u00e1s, las distorsiones se profundizaron en 2012, cuando se expidi\u00f3 la Ley de Econom\u00eda Popular y Solidaria, donde parte del sector financiero pas\u00f3 a control de una Superintendencia, que a su vez tiene que controlar a toda la econom\u00eda real en t\u00e9rminos de cooperativas y asociaciones.<\/p>\n<p>\u201cEs triste que hoy tenemos alrededor de 40% del sector cooperativo entre liquidado, excluido y fusionado. Son alrededor de 400 instituciones que han salido del sector\u201d, asever\u00f3.<\/p>\n<p><strong>Lo pol\u00edtico sobre lo econ\u00f3mico<\/strong><br \/>\nEn este sentido, Arregui afirm\u00f3 que uno de los mayores aspectos perjudiciales es que el marco legal se contrapone con lo que dice la Constituci\u00f3n. Por ejemplo, cuando se permite que una Junta de Pol\u00edtica Monetaria y Financiera, que es b\u00e1sicamente medio gabinete presidencial, limite y norme las responsabilidades de control y supervisi\u00f3n, que son potestad de las superintendencias.<\/p>\n<p>\u201cLas cifras no mienten. Esto que le ha sucedido a Ecuador, sobre la desinstitucionalizaci\u00f3n, queda evidenciado en el Microscopio Global, donde el pa\u00eds ocupaba, en cuestiones de inclusi\u00f3n financiera, el lugar 3 en 2008. C\u00f3mo habr\u00e1 sido de malo el marco regulatorio que, 10 a\u00f1os despu\u00e9s, ca\u00edmos a la posici\u00f3n 25\u201d, puntualiz\u00f3.\u00a0<strong>(JS)<\/strong><\/p>\n<p><strong>A contrarreloj\u00a0<\/strong><br \/>\n\u00b0\u00a0Hasta el 30 de junio deben llegar a la Asamblea las reformas al C\u00f3digo Org\u00e1nico de Planificaci\u00f3n y Finanzas P\u00fablicas. El FMI pide que se limite la discrecionalidad del Gobierno para enmendar el presupuesto aprobado, restringir el uso de Certificados de Tesorer\u00eda (Cetes) para financiamiento de corto plazo, definir las normas de gasto para el sector p\u00fablico no financiero, establecer plazos claros para la presentaci\u00f3n de facturas por parte de proveedores y fechas de pago.<\/p>\n<p>Con ese mismo plazo se debe publicar un reglamento que garantice la publicaci\u00f3n de estados financieros anuales de todas las empresas p\u00fablicas.<\/p>\n<p><a href=\"https:\/\/lahora.com.ec\/noticia\/1102252303\/el-marco-de-supervision-e-inclusion-financiera-se-devasto-durante-el-correismo\" target=\"_blank\" rel=\"noopener\">Nota de la Hora<\/a><\/p>\n<p><em><strong>Quito, 21 junio 2019<\/strong><\/em><\/p>\n","protected":false},"excerpt":{"rendered":"<p>Diario La Hora Ruth Arregui, superintendente de Bancos, explic\u00f3 que luego del esfuerzo hecho, a partir de la crisis bancaria de 1999, el pa\u00eds caminaba a crear una red s\u00f3lida de seguridad e inclusi\u00f3n financiera y buena supervisi\u00f3n, pero eso se comenz\u00f3 a torcer en 2008. \u201cTodo el marco legal fue poco a poco desbarat\u00e1ndose [&hellip;]<\/p>\n","protected":false},"author":3,"featured_media":7621,"comment_status":"closed","ping_status":"open","sticky":false,"template":"","format":"standard","meta":{"footnotes":""},"categories":[114,5],"tags":[],"class_list":["post-7618","post","type-post","status-publish","format-standard","has-post-thumbnail","hentry","category-boletin-de-prensa","category-noticias"],"yoast_head":"<!-- This site is optimized with the Yoast SEO plugin v25.4 - https:\/\/yoast.com\/wordpress\/plugins\/seo\/ -->\n<title>Nota destacada Prensa - La Hora: El marco de supervisi\u00f3n e inclusi\u00f3n financiera se devast\u00f3 durante el corre\u00edsmo - Superintendencia de Bancos<\/title>\n<meta name=\"robots\" content=\"index, follow, max-snippet:-1, max-image-preview:large, max-video-preview:-1\" \/>\n<link rel=\"canonical\" href=\"https:\/\/www.superbancos.gob.ec\/bancos\/nota-destacada-prensa-la-hora-el-marco-de-supervision-e-inclusion-financiera-se-devasto-durante-el-correismo\/\" \/>\n<meta property=\"og:locale\" content=\"es_ES\" \/>\n<meta property=\"og:type\" content=\"article\" \/>\n<meta property=\"og:title\" content=\"Nota destacada Prensa - La Hora: El marco de supervisi\u00f3n e inclusi\u00f3n financiera se devast\u00f3 durante el corre\u00edsmo - Superintendencia de Bancos\" \/>\n<meta property=\"og:description\" content=\"Diario La Hora Ruth Arregui, superintendente de Bancos, explic\u00f3 que luego del esfuerzo hecho, a partir de la crisis bancaria de 1999, el pa\u00eds caminaba a crear una red s\u00f3lida de seguridad e inclusi\u00f3n financiera y buena supervisi\u00f3n, pero eso se comenz\u00f3 a torcer en 2008. \u201cTodo el marco legal fue poco a poco desbarat\u00e1ndose [&hellip;]\" \/>\n<meta property=\"og:url\" content=\"https:\/\/www.superbancos.gob.ec\/bancos\/nota-destacada-prensa-la-hora-el-marco-de-supervision-e-inclusion-financiera-se-devasto-durante-el-correismo\/\" \/>\n<meta property=\"og:site_name\" content=\"Superintendencia de Bancos\" \/>\n<meta property=\"article:published_time\" content=\"2019-06-21T15:14:04+00:00\" \/>\n<meta property=\"article:modified_time\" content=\"2021-11-25T16:54:56+00:00\" \/>\n<meta property=\"og:image\" content=\"https:\/\/www.superbancos.gob.ec\/bancos\/wp-content\/uploads\/2019\/06\/arregui_lahora.jpg\" \/>\n\t<meta property=\"og:image:width\" content=\"800\" \/>\n\t<meta property=\"og:image:height\" content=\"500\" \/>\n\t<meta property=\"og:image:type\" content=\"image\/jpeg\" \/>\n<meta name=\"author\" content=\"Diego Buendia\" \/>\n<meta name=\"twitter:card\" content=\"summary_large_image\" \/>\n<script type=\"application\/ld+json\" class=\"yoast-schema-graph\">{\"@context\":\"https:\/\/schema.org\",\"@graph\":[{\"@type\":\"Article\",\"@id\":\"https:\/\/www.superbancos.gob.ec\/bancos\/nota-destacada-prensa-la-hora-el-marco-de-supervision-e-inclusion-financiera-se-devasto-durante-el-correismo\/#article\",\"isPartOf\":{\"@id\":\"https:\/\/www.superbancos.gob.ec\/bancos\/nota-destacada-prensa-la-hora-el-marco-de-supervision-e-inclusion-financiera-se-devasto-durante-el-correismo\/\"},\"author\":{\"name\":\"Diego Buendia\",\"@id\":\"https:\/\/www.superbancos.gob.ec\/bancos\/#\/schema\/person\/c12770f5145f3723f3aa20c0aafac282\"},\"headline\":\"Nota destacada Prensa &#8211; La Hora: El marco de supervisi\u00f3n e inclusi\u00f3n financiera se devast\u00f3 durante el corre\u00edsmo\",\"datePublished\":\"2019-06-21T15:14:04+00:00\",\"dateModified\":\"2021-11-25T16:54:56+00:00\",\"mainEntityOfPage\":{\"@id\":\"https:\/\/www.superbancos.gob.ec\/bancos\/nota-destacada-prensa-la-hora-el-marco-de-supervision-e-inclusion-financiera-se-devasto-durante-el-correismo\/\"},\"wordCount\":429,\"publisher\":{\"@id\":\"https:\/\/www.superbancos.gob.ec\/bancos\/#organization\"},\"image\":{\"@id\":\"https:\/\/www.superbancos.gob.ec\/bancos\/nota-destacada-prensa-la-hora-el-marco-de-supervision-e-inclusion-financiera-se-devasto-durante-el-correismo\/#primaryimage\"},\"thumbnailUrl\":\"https:\/\/www.superbancos.gob.ec\/bancos\/wp-content\/uploads\/2019\/06\/arregui_lahora.jpg\",\"articleSection\":[\"Bolet\u00edn de prensa\",\"Noticias\"],\"inLanguage\":\"es\"},{\"@type\":\"WebPage\",\"@id\":\"https:\/\/www.superbancos.gob.ec\/bancos\/nota-destacada-prensa-la-hora-el-marco-de-supervision-e-inclusion-financiera-se-devasto-durante-el-correismo\/\",\"url\":\"https:\/\/www.superbancos.gob.ec\/bancos\/nota-destacada-prensa-la-hora-el-marco-de-supervision-e-inclusion-financiera-se-devasto-durante-el-correismo\/\",\"name\":\"Nota destacada Prensa - La Hora: El marco de supervisi\u00f3n e inclusi\u00f3n financiera se devast\u00f3 durante el corre\u00edsmo - Superintendencia de Bancos\",\"isPartOf\":{\"@id\":\"https:\/\/www.superbancos.gob.ec\/bancos\/#website\"},\"primaryImageOfPage\":{\"@id\":\"https:\/\/www.superbancos.gob.ec\/bancos\/nota-destacada-prensa-la-hora-el-marco-de-supervision-e-inclusion-financiera-se-devasto-durante-el-correismo\/#primaryimage\"},\"image\":{\"@id\":\"https:\/\/www.superbancos.gob.ec\/bancos\/nota-destacada-prensa-la-hora-el-marco-de-supervision-e-inclusion-financiera-se-devasto-durante-el-correismo\/#primaryimage\"},\"thumbnailUrl\":\"https:\/\/www.superbancos.gob.ec\/bancos\/wp-content\/uploads\/2019\/06\/arregui_lahora.jpg\",\"datePublished\":\"2019-06-21T15:14:04+00:00\",\"dateModified\":\"2021-11-25T16:54:56+00:00\",\"breadcrumb\":{\"@id\":\"https:\/\/www.superbancos.gob.ec\/bancos\/nota-destacada-prensa-la-hora-el-marco-de-supervision-e-inclusion-financiera-se-devasto-durante-el-correismo\/#breadcrumb\"},\"inLanguage\":\"es\",\"potentialAction\":[{\"@type\":\"ReadAction\",\"target\":[\"https:\/\/www.superbancos.gob.ec\/bancos\/nota-destacada-prensa-la-hora-el-marco-de-supervision-e-inclusion-financiera-se-devasto-durante-el-correismo\/\"]}]},{\"@type\":\"ImageObject\",\"inLanguage\":\"es\",\"@id\":\"https:\/\/www.superbancos.gob.ec\/bancos\/nota-destacada-prensa-la-hora-el-marco-de-supervision-e-inclusion-financiera-se-devasto-durante-el-correismo\/#primaryimage\",\"url\":\"https:\/\/www.superbancos.gob.ec\/bancos\/wp-content\/uploads\/2019\/06\/arregui_lahora.jpg\",\"contentUrl\":\"https:\/\/www.superbancos.gob.ec\/bancos\/wp-content\/uploads\/2019\/06\/arregui_lahora.jpg\",\"width\":800,\"height\":500},{\"@type\":\"BreadcrumbList\",\"@id\":\"https:\/\/www.superbancos.gob.ec\/bancos\/nota-destacada-prensa-la-hora-el-marco-de-supervision-e-inclusion-financiera-se-devasto-durante-el-correismo\/#breadcrumb\",\"itemListElement\":[{\"@type\":\"ListItem\",\"position\":1,\"name\":\"Portada\",\"item\":\"https:\/\/www.superbancos.gob.ec\/bancos\/\"},{\"@type\":\"ListItem\",\"position\":2,\"name\":\"Nota destacada Prensa &#8211; La Hora: El marco de supervisi\u00f3n e inclusi\u00f3n financiera se devast\u00f3 durante el corre\u00edsmo\"}]},{\"@type\":\"WebSite\",\"@id\":\"https:\/\/www.superbancos.gob.ec\/bancos\/#website\",\"url\":\"https:\/\/www.superbancos.gob.ec\/bancos\/\",\"name\":\"Superintendencia de Bancos\",\"description\":\"Organo de Control del Sistema Financiero Ecuatoriano.\",\"publisher\":{\"@id\":\"https:\/\/www.superbancos.gob.ec\/bancos\/#organization\"},\"alternateName\":\"Super de Bancos\",\"potentialAction\":[{\"@type\":\"SearchAction\",\"target\":{\"@type\":\"EntryPoint\",\"urlTemplate\":\"https:\/\/www.superbancos.gob.ec\/bancos\/?s={search_term_string}\"},\"query-input\":{\"@type\":\"PropertyValueSpecification\",\"valueRequired\":true,\"valueName\":\"search_term_string\"}}],\"inLanguage\":\"es\"},{\"@type\":\"Organization\",\"@id\":\"https:\/\/www.superbancos.gob.ec\/bancos\/#organization\",\"name\":\"Superintendencia de Bancos\",\"url\":\"https:\/\/www.superbancos.gob.ec\/bancos\/\",\"logo\":{\"@type\":\"ImageObject\",\"inLanguage\":\"es\",\"@id\":\"https:\/\/www.superbancos.gob.ec\/bancos\/#\/schema\/logo\/image\/\",\"url\":\"https:\/\/www.superbancos.gob.ec\/bancos\/wp-content\/uploads\/2022\/09\/Logo_Super.png\",\"contentUrl\":\"https:\/\/www.superbancos.gob.ec\/bancos\/wp-content\/uploads\/2022\/09\/Logo_Super.png\",\"width\":340,\"height\":92,\"caption\":\"Superintendencia de Bancos\"},\"image\":{\"@id\":\"https:\/\/www.superbancos.gob.ec\/bancos\/#\/schema\/logo\/image\/\"}},{\"@type\":\"Person\",\"@id\":\"https:\/\/www.superbancos.gob.ec\/bancos\/#\/schema\/person\/c12770f5145f3723f3aa20c0aafac282\",\"name\":\"Diego Buendia\",\"image\":{\"@type\":\"ImageObject\",\"inLanguage\":\"es\",\"@id\":\"https:\/\/www.superbancos.gob.ec\/bancos\/#\/schema\/person\/image\/\",\"url\":\"https:\/\/secure.gravatar.com\/avatar\/f2dcb31e604664a7d81f71d8260b45eb?s=96&d=mm&r=g\",\"contentUrl\":\"https:\/\/secure.gravatar.com\/avatar\/f2dcb31e604664a7d81f71d8260b45eb?s=96&d=mm&r=g\",\"caption\":\"Diego Buendia\"},\"url\":\"https:\/\/www.superbancos.gob.ec\/bancos\/author\/dbuendia\/\"}]}<\/script>\n<!-- \/ Yoast SEO plugin. -->","yoast_head_json":{"title":"Nota destacada Prensa - La Hora: El marco de supervisi\u00f3n e inclusi\u00f3n financiera se devast\u00f3 durante el corre\u00edsmo - Superintendencia de Bancos","robots":{"index":"index","follow":"follow","max-snippet":"max-snippet:-1","max-image-preview":"max-image-preview:large","max-video-preview":"max-video-preview:-1"},"canonical":"https:\/\/www.superbancos.gob.ec\/bancos\/nota-destacada-prensa-la-hora-el-marco-de-supervision-e-inclusion-financiera-se-devasto-durante-el-correismo\/","og_locale":"es_ES","og_type":"article","og_title":"Nota destacada Prensa - La Hora: El marco de supervisi\u00f3n e inclusi\u00f3n financiera se devast\u00f3 durante el corre\u00edsmo - Superintendencia de Bancos","og_description":"Diario La Hora Ruth Arregui, superintendente de Bancos, explic\u00f3 que luego del esfuerzo hecho, a partir de la crisis bancaria de 1999, el pa\u00eds caminaba a crear una red s\u00f3lida de seguridad e inclusi\u00f3n financiera y buena supervisi\u00f3n, pero eso se comenz\u00f3 a torcer en 2008. \u201cTodo el marco legal fue poco a poco desbarat\u00e1ndose [&hellip;]","og_url":"https:\/\/www.superbancos.gob.ec\/bancos\/nota-destacada-prensa-la-hora-el-marco-de-supervision-e-inclusion-financiera-se-devasto-durante-el-correismo\/","og_site_name":"Superintendencia de Bancos","article_published_time":"2019-06-21T15:14:04+00:00","article_modified_time":"2021-11-25T16:54:56+00:00","og_image":[{"width":800,"height":500,"url":"https:\/\/www.superbancos.gob.ec\/bancos\/wp-content\/uploads\/2019\/06\/arregui_lahora.jpg","type":"image\/jpeg"}],"author":"Diego Buendia","twitter_card":"summary_large_image","schema":{"@context":"https:\/\/schema.org","@graph":[{"@type":"Article","@id":"https:\/\/www.superbancos.gob.ec\/bancos\/nota-destacada-prensa-la-hora-el-marco-de-supervision-e-inclusion-financiera-se-devasto-durante-el-correismo\/#article","isPartOf":{"@id":"https:\/\/www.superbancos.gob.ec\/bancos\/nota-destacada-prensa-la-hora-el-marco-de-supervision-e-inclusion-financiera-se-devasto-durante-el-correismo\/"},"author":{"name":"Diego Buendia","@id":"https:\/\/www.superbancos.gob.ec\/bancos\/#\/schema\/person\/c12770f5145f3723f3aa20c0aafac282"},"headline":"Nota destacada Prensa &#8211; La Hora: El marco de supervisi\u00f3n e inclusi\u00f3n financiera se devast\u00f3 durante el corre\u00edsmo","datePublished":"2019-06-21T15:14:04+00:00","dateModified":"2021-11-25T16:54:56+00:00","mainEntityOfPage":{"@id":"https:\/\/www.superbancos.gob.ec\/bancos\/nota-destacada-prensa-la-hora-el-marco-de-supervision-e-inclusion-financiera-se-devasto-durante-el-correismo\/"},"wordCount":429,"publisher":{"@id":"https:\/\/www.superbancos.gob.ec\/bancos\/#organization"},"image":{"@id":"https:\/\/www.superbancos.gob.ec\/bancos\/nota-destacada-prensa-la-hora-el-marco-de-supervision-e-inclusion-financiera-se-devasto-durante-el-correismo\/#primaryimage"},"thumbnailUrl":"https:\/\/www.superbancos.gob.ec\/bancos\/wp-content\/uploads\/2019\/06\/arregui_lahora.jpg","articleSection":["Bolet\u00edn de prensa","Noticias"],"inLanguage":"es"},{"@type":"WebPage","@id":"https:\/\/www.superbancos.gob.ec\/bancos\/nota-destacada-prensa-la-hora-el-marco-de-supervision-e-inclusion-financiera-se-devasto-durante-el-correismo\/","url":"https:\/\/www.superbancos.gob.ec\/bancos\/nota-destacada-prensa-la-hora-el-marco-de-supervision-e-inclusion-financiera-se-devasto-durante-el-correismo\/","name":"Nota destacada Prensa - La Hora: El marco de supervisi\u00f3n e inclusi\u00f3n financiera se devast\u00f3 durante el corre\u00edsmo - Superintendencia de Bancos","isPartOf":{"@id":"https:\/\/www.superbancos.gob.ec\/bancos\/#website"},"primaryImageOfPage":{"@id":"https:\/\/www.superbancos.gob.ec\/bancos\/nota-destacada-prensa-la-hora-el-marco-de-supervision-e-inclusion-financiera-se-devasto-durante-el-correismo\/#primaryimage"},"image":{"@id":"https:\/\/www.superbancos.gob.ec\/bancos\/nota-destacada-prensa-la-hora-el-marco-de-supervision-e-inclusion-financiera-se-devasto-durante-el-correismo\/#primaryimage"},"thumbnailUrl":"https:\/\/www.superbancos.gob.ec\/bancos\/wp-content\/uploads\/2019\/06\/arregui_lahora.jpg","datePublished":"2019-06-21T15:14:04+00:00","dateModified":"2021-11-25T16:54:56+00:00","breadcrumb":{"@id":"https:\/\/www.superbancos.gob.ec\/bancos\/nota-destacada-prensa-la-hora-el-marco-de-supervision-e-inclusion-financiera-se-devasto-durante-el-correismo\/#breadcrumb"},"inLanguage":"es","potentialAction":[{"@type":"ReadAction","target":["https:\/\/www.superbancos.gob.ec\/bancos\/nota-destacada-prensa-la-hora-el-marco-de-supervision-e-inclusion-financiera-se-devasto-durante-el-correismo\/"]}]},{"@type":"ImageObject","inLanguage":"es","@id":"https:\/\/www.superbancos.gob.ec\/bancos\/nota-destacada-prensa-la-hora-el-marco-de-supervision-e-inclusion-financiera-se-devasto-durante-el-correismo\/#primaryimage","url":"https:\/\/www.superbancos.gob.ec\/bancos\/wp-content\/uploads\/2019\/06\/arregui_lahora.jpg","contentUrl":"https:\/\/www.superbancos.gob.ec\/bancos\/wp-content\/uploads\/2019\/06\/arregui_lahora.jpg","width":800,"height":500},{"@type":"BreadcrumbList","@id":"https:\/\/www.superbancos.gob.ec\/bancos\/nota-destacada-prensa-la-hora-el-marco-de-supervision-e-inclusion-financiera-se-devasto-durante-el-correismo\/#breadcrumb","itemListElement":[{"@type":"ListItem","position":1,"name":"Portada","item":"https:\/\/www.superbancos.gob.ec\/bancos\/"},{"@type":"ListItem","position":2,"name":"Nota destacada Prensa &#8211; La Hora: El marco de supervisi\u00f3n e inclusi\u00f3n financiera se devast\u00f3 durante el corre\u00edsmo"}]},{"@type":"WebSite","@id":"https:\/\/www.superbancos.gob.ec\/bancos\/#website","url":"https:\/\/www.superbancos.gob.ec\/bancos\/","name":"Superintendencia de Bancos","description":"Organo de Control del Sistema Financiero Ecuatoriano.","publisher":{"@id":"https:\/\/www.superbancos.gob.ec\/bancos\/#organization"},"alternateName":"Super de Bancos","potentialAction":[{"@type":"SearchAction","target":{"@type":"EntryPoint","urlTemplate":"https:\/\/www.superbancos.gob.ec\/bancos\/?s={search_term_string}"},"query-input":{"@type":"PropertyValueSpecification","valueRequired":true,"valueName":"search_term_string"}}],"inLanguage":"es"},{"@type":"Organization","@id":"https:\/\/www.superbancos.gob.ec\/bancos\/#organization","name":"Superintendencia de Bancos","url":"https:\/\/www.superbancos.gob.ec\/bancos\/","logo":{"@type":"ImageObject","inLanguage":"es","@id":"https:\/\/www.superbancos.gob.ec\/bancos\/#\/schema\/logo\/image\/","url":"https:\/\/www.superbancos.gob.ec\/bancos\/wp-content\/uploads\/2022\/09\/Logo_Super.png","contentUrl":"https:\/\/www.superbancos.gob.ec\/bancos\/wp-content\/uploads\/2022\/09\/Logo_Super.png","width":340,"height":92,"caption":"Superintendencia de Bancos"},"image":{"@id":"https:\/\/www.superbancos.gob.ec\/bancos\/#\/schema\/logo\/image\/"}},{"@type":"Person","@id":"https:\/\/www.superbancos.gob.ec\/bancos\/#\/schema\/person\/c12770f5145f3723f3aa20c0aafac282","name":"Diego Buendia","image":{"@type":"ImageObject","inLanguage":"es","@id":"https:\/\/www.superbancos.gob.ec\/bancos\/#\/schema\/person\/image\/","url":"https:\/\/secure.gravatar.com\/avatar\/f2dcb31e604664a7d81f71d8260b45eb?s=96&d=mm&r=g","contentUrl":"https:\/\/secure.gravatar.com\/avatar\/f2dcb31e604664a7d81f71d8260b45eb?s=96&d=mm&r=g","caption":"Diego Buendia"},"url":"https:\/\/www.superbancos.gob.ec\/bancos\/author\/dbuendia\/"}]}},"_links":{"self":[{"href":"https:\/\/www.superbancos.gob.ec\/bancos\/wp-json\/wp\/v2\/posts\/7618"}],"collection":[{"href":"https:\/\/www.superbancos.gob.ec\/bancos\/wp-json\/wp\/v2\/posts"}],"about":[{"href":"https:\/\/www.superbancos.gob.ec\/bancos\/wp-json\/wp\/v2\/types\/post"}],"author":[{"embeddable":true,"href":"https:\/\/www.superbancos.gob.ec\/bancos\/wp-json\/wp\/v2\/users\/3"}],"replies":[{"embeddable":true,"href":"https:\/\/www.superbancos.gob.ec\/bancos\/wp-json\/wp\/v2\/comments?post=7618"}],"version-history":[{"count":4,"href":"https:\/\/www.superbancos.gob.ec\/bancos\/wp-json\/wp\/v2\/posts\/7618\/revisions"}],"predecessor-version":[{"id":13825,"href":"https:\/\/www.superbancos.gob.ec\/bancos\/wp-json\/wp\/v2\/posts\/7618\/revisions\/13825"}],"wp:featuredmedia":[{"embeddable":true,"href":"https:\/\/www.superbancos.gob.ec\/bancos\/wp-json\/wp\/v2\/media\/7621"}],"wp:attachment":[{"href":"https:\/\/www.superbancos.gob.ec\/bancos\/wp-json\/wp\/v2\/media?parent=7618"}],"wp:term":[{"taxonomy":"category","embeddable":true,"href":"https:\/\/www.superbancos.gob.ec\/bancos\/wp-json\/wp\/v2\/categories?post=7618"},{"taxonomy":"post_tag","embeddable":true,"href":"https:\/\/www.superbancos.gob.ec\/bancos\/wp-json\/wp\/v2\/tags?post=7618"}],"curies":[{"name":"wp","href":"https:\/\/api.w.org\/{rel}","templated":true}]}}