{"id":7728,"date":"2019-07-08T10:59:27","date_gmt":"2019-07-08T15:59:27","guid":{"rendered":"https:\/\/www.superbancos.gob.ec\/bancos\/?p=7728"},"modified":"2021-11-25T11:50:17","modified_gmt":"2021-11-25T16:50:17","slug":"foro-la-banca-una-vision-de-futuro-estabilidad-financiera-inclusion-y-desarrollo-2","status":"publish","type":"post","link":"https:\/\/www.superbancos.gob.ec\/bancos\/foro-la-banca-una-vision-de-futuro-estabilidad-financiera-inclusion-y-desarrollo-2\/","title":{"rendered":"Foro \u201cLa Banca una Visi\u00f3n de Futuro, Estabilidad Financiera, Inclusi\u00f3n y Desarrollo\u201d"},"content":{"rendered":"<p>Expertos del m\u00e1s alto nivel participar\u00e1n el pr\u00f3ximo 18 de julio, en Guayaquil,\u00a0 en el Foro <strong>\u201cLA BANCA UNA VISI\u00d3N DE FUTURO, ESTABILIDAD FINANCIERA, INCLUSI\u00d3N Y DESARROLLO\u201d<\/strong>.<\/p>\n<p>Este evento acad\u00e9mico forma parte de las actividades que se desarrollar\u00e1n con ocasi\u00f3n de la Reuni\u00f3n Anual de las Asambleas de Gobernadores del Banco Interamericano de Desarrollo (BID), que se realizar\u00e1 en Guayaquil, el 16 y 17 de julio.<\/p>\n<p>Est\u00e1n previstas dos conferencias magistrales. Liliana Rojas-Su\u00e1rez, del Centro para el Desarrollo Global, disertar\u00e1 sobre el tema: \u201cBasilea III en Mercados Emergentes Camino a la Solvencia\u201d<strong>, <\/strong>y James P. Scriven, de la Corporaci\u00f3n Interamericana de Inversiones, expondr\u00e1 sobre \u201cLa Banca Privada Inclusiva, Una Visi\u00f3n de Futuro\u201d. Ambas conferencias ser\u00e1n comentadas por destacadas personalidades del sector financiero y acad\u00e9mico.<\/p>\n<p>Gina Montiel, Directora Ejecutiva del BID, ser\u00e1 la moderadora de la primera conferencia y los comentarios estar\u00e1n a cargo de Axel Van Trotsenburg, Vicepresidente Regional del Banco Mundial; Rosa Matilde Guerrero Murgueytio, Directora Ejecutiva del BID; Eric Parrado, Economista Jefe del BID; y Ruth Arregui Solano, Superintendenta de Bancos de Ecuador.<\/p>\n<p>La segunda conferencia ser\u00e1 moderada por Alex Foxley, Director Ejecutivo del BID, y los comentaristas ser\u00e1n Irene Arias, Gerente General de BID LAB; V\u00edctor Anchundia Places, Superintendente de Compa\u00f1\u00edas de Ecuador, Valores y Seguros; Augusto de la Torre, Profesor en Columbia University, Director CIE-UDLA; y \u00c1ngelo Caputi, Presidente Ejecutivo del Banco Guayaquil, en representaci\u00f3n de la Asociaci\u00f3n de Bancos del Ecuador, ASOBANCA.<\/p>\n<p>Las palabras de bienvenida al evento estar\u00e1n a cargo de Alberto Dahik Garzozi, Director ESAI-UEES, y la clausura lo har\u00e1 Carlos Ortega, Canciller de la UESS.<\/p>\n<p><em><strong>Quito, 8 julio 2019<\/strong><\/em><\/p>\n<p>&nbsp;<\/p>\n","protected":false},"excerpt":{"rendered":"<p>Expertos del m\u00e1s alto nivel participar\u00e1n el pr\u00f3ximo 18 de julio, en Guayaquil,\u00a0 en el Foro \u201cLA BANCA UNA VISI\u00d3N DE FUTURO, ESTABILIDAD FINANCIERA, INCLUSI\u00d3N Y DESARROLLO\u201d. Este evento acad\u00e9mico forma parte de las actividades que se desarrollar\u00e1n con ocasi\u00f3n de la Reuni\u00f3n Anual de las Asambleas de Gobernadores del Banco Interamericano de Desarrollo (BID), [&hellip;]<\/p>\n","protected":false},"author":3,"featured_media":7731,"comment_status":"closed","ping_status":"open","sticky":false,"template":"","format":"standard","meta":{"footnotes":""},"categories":[114,5,6],"tags":[],"class_list":["post-7728","post","type-post","status-publish","format-standard","has-post-thumbnail","hentry","category-boletin-de-prensa","category-noticias","category-noticias-destacadas"],"yoast_head":"<!-- This site is optimized with the Yoast SEO plugin v25.4 - https:\/\/yoast.com\/wordpress\/plugins\/seo\/ -->\n<title>Foro \u201cLa Banca una Visi\u00f3n de Futuro, Estabilidad Financiera, Inclusi\u00f3n y Desarrollo\u201d - Superintendencia de Bancos<\/title>\n<meta name=\"robots\" content=\"index, follow, max-snippet:-1, max-image-preview:large, max-video-preview:-1\" \/>\n<link rel=\"canonical\" href=\"https:\/\/www.superbancos.gob.ec\/bancos\/foro-la-banca-una-vision-de-futuro-estabilidad-financiera-inclusion-y-desarrollo-2\/\" \/>\n<meta property=\"og:locale\" content=\"es_ES\" \/>\n<meta property=\"og:type\" content=\"article\" \/>\n<meta property=\"og:title\" content=\"Foro \u201cLa Banca una Visi\u00f3n de Futuro, Estabilidad Financiera, Inclusi\u00f3n y Desarrollo\u201d - Superintendencia de Bancos\" \/>\n<meta property=\"og:description\" content=\"Expertos del m\u00e1s alto nivel participar\u00e1n el pr\u00f3ximo 18 de julio, en Guayaquil,\u00a0 en el Foro \u201cLA BANCA UNA VISI\u00d3N DE FUTURO, ESTABILIDAD FINANCIERA, INCLUSI\u00d3N Y DESARROLLO\u201d. Este evento acad\u00e9mico forma parte de las actividades que se desarrollar\u00e1n con ocasi\u00f3n de la Reuni\u00f3n Anual de las Asambleas de Gobernadores del Banco Interamericano de Desarrollo (BID), [&hellip;]\" \/>\n<meta property=\"og:url\" content=\"https:\/\/www.superbancos.gob.ec\/bancos\/foro-la-banca-una-vision-de-futuro-estabilidad-financiera-inclusion-y-desarrollo-2\/\" \/>\n<meta property=\"og:site_name\" content=\"Superintendencia de Bancos\" \/>\n<meta property=\"article:published_time\" content=\"2019-07-08T15:59:27+00:00\" \/>\n<meta property=\"article:modified_time\" content=\"2021-11-25T16:50:17+00:00\" \/>\n<meta property=\"og:image\" content=\"https:\/\/www.superbancos.gob.ec\/bancos\/wp-content\/uploads\/2019\/07\/boletin-foro.jpg\" \/>\n\t<meta property=\"og:image:width\" content=\"800\" \/>\n\t<meta property=\"og:image:height\" content=\"500\" \/>\n\t<meta property=\"og:image:type\" content=\"image\/jpeg\" \/>\n<meta name=\"author\" content=\"Diego Buendia\" \/>\n<meta name=\"twitter:card\" content=\"summary_large_image\" \/>\n<script type=\"application\/ld+json\" class=\"yoast-schema-graph\">{\"@context\":\"https:\/\/schema.org\",\"@graph\":[{\"@type\":\"Article\",\"@id\":\"https:\/\/www.superbancos.gob.ec\/bancos\/foro-la-banca-una-vision-de-futuro-estabilidad-financiera-inclusion-y-desarrollo-2\/#article\",\"isPartOf\":{\"@id\":\"https:\/\/www.superbancos.gob.ec\/bancos\/foro-la-banca-una-vision-de-futuro-estabilidad-financiera-inclusion-y-desarrollo-2\/\"},\"author\":{\"name\":\"Diego Buendia\",\"@id\":\"https:\/\/www.superbancos.gob.ec\/bancos\/#\/schema\/person\/c12770f5145f3723f3aa20c0aafac282\"},\"headline\":\"Foro \u201cLa Banca una Visi\u00f3n de Futuro, Estabilidad Financiera, Inclusi\u00f3n y Desarrollo\u201d\",\"datePublished\":\"2019-07-08T15:59:27+00:00\",\"dateModified\":\"2021-11-25T16:50:17+00:00\",\"mainEntityOfPage\":{\"@id\":\"https:\/\/www.superbancos.gob.ec\/bancos\/foro-la-banca-una-vision-de-futuro-estabilidad-financiera-inclusion-y-desarrollo-2\/\"},\"wordCount\":299,\"publisher\":{\"@id\":\"https:\/\/www.superbancos.gob.ec\/bancos\/#organization\"},\"image\":{\"@id\":\"https:\/\/www.superbancos.gob.ec\/bancos\/foro-la-banca-una-vision-de-futuro-estabilidad-financiera-inclusion-y-desarrollo-2\/#primaryimage\"},\"thumbnailUrl\":\"https:\/\/www.superbancos.gob.ec\/bancos\/wp-content\/uploads\/2019\/07\/boletin-foro.jpg\",\"articleSection\":[\"Bolet\u00edn de prensa\",\"Noticias\",\"Noticias Destacadas\"],\"inLanguage\":\"es\"},{\"@type\":\"WebPage\",\"@id\":\"https:\/\/www.superbancos.gob.ec\/bancos\/foro-la-banca-una-vision-de-futuro-estabilidad-financiera-inclusion-y-desarrollo-2\/\",\"url\":\"https:\/\/www.superbancos.gob.ec\/bancos\/foro-la-banca-una-vision-de-futuro-estabilidad-financiera-inclusion-y-desarrollo-2\/\",\"name\":\"Foro \u201cLa Banca una Visi\u00f3n de Futuro, Estabilidad Financiera, Inclusi\u00f3n y Desarrollo\u201d - Superintendencia de Bancos\",\"isPartOf\":{\"@id\":\"https:\/\/www.superbancos.gob.ec\/bancos\/#website\"},\"primaryImageOfPage\":{\"@id\":\"https:\/\/www.superbancos.gob.ec\/bancos\/foro-la-banca-una-vision-de-futuro-estabilidad-financiera-inclusion-y-desarrollo-2\/#primaryimage\"},\"image\":{\"@id\":\"https:\/\/www.superbancos.gob.ec\/bancos\/foro-la-banca-una-vision-de-futuro-estabilidad-financiera-inclusion-y-desarrollo-2\/#primaryimage\"},\"thumbnailUrl\":\"https:\/\/www.superbancos.gob.ec\/bancos\/wp-content\/uploads\/2019\/07\/boletin-foro.jpg\",\"datePublished\":\"2019-07-08T15:59:27+00:00\",\"dateModified\":\"2021-11-25T16:50:17+00:00\",\"breadcrumb\":{\"@id\":\"https:\/\/www.superbancos.gob.ec\/bancos\/foro-la-banca-una-vision-de-futuro-estabilidad-financiera-inclusion-y-desarrollo-2\/#breadcrumb\"},\"inLanguage\":\"es\",\"potentialAction\":[{\"@type\":\"ReadAction\",\"target\":[\"https:\/\/www.superbancos.gob.ec\/bancos\/foro-la-banca-una-vision-de-futuro-estabilidad-financiera-inclusion-y-desarrollo-2\/\"]}]},{\"@type\":\"ImageObject\",\"inLanguage\":\"es\",\"@id\":\"https:\/\/www.superbancos.gob.ec\/bancos\/foro-la-banca-una-vision-de-futuro-estabilidad-financiera-inclusion-y-desarrollo-2\/#primaryimage\",\"url\":\"https:\/\/www.superbancos.gob.ec\/bancos\/wp-content\/uploads\/2019\/07\/boletin-foro.jpg\",\"contentUrl\":\"https:\/\/www.superbancos.gob.ec\/bancos\/wp-content\/uploads\/2019\/07\/boletin-foro.jpg\",\"width\":800,\"height\":500},{\"@type\":\"BreadcrumbList\",\"@id\":\"https:\/\/www.superbancos.gob.ec\/bancos\/foro-la-banca-una-vision-de-futuro-estabilidad-financiera-inclusion-y-desarrollo-2\/#breadcrumb\",\"itemListElement\":[{\"@type\":\"ListItem\",\"position\":1,\"name\":\"Portada\",\"item\":\"https:\/\/www.superbancos.gob.ec\/bancos\/\"},{\"@type\":\"ListItem\",\"position\":2,\"name\":\"Foro \u201cLa Banca una Visi\u00f3n de Futuro, Estabilidad Financiera, Inclusi\u00f3n y Desarrollo\u201d\"}]},{\"@type\":\"WebSite\",\"@id\":\"https:\/\/www.superbancos.gob.ec\/bancos\/#website\",\"url\":\"https:\/\/www.superbancos.gob.ec\/bancos\/\",\"name\":\"Superintendencia de Bancos\",\"description\":\"Organo de Control del Sistema Financiero Ecuatoriano.\",\"publisher\":{\"@id\":\"https:\/\/www.superbancos.gob.ec\/bancos\/#organization\"},\"alternateName\":\"Super de Bancos\",\"potentialAction\":[{\"@type\":\"SearchAction\",\"target\":{\"@type\":\"EntryPoint\",\"urlTemplate\":\"https:\/\/www.superbancos.gob.ec\/bancos\/?s={search_term_string}\"},\"query-input\":{\"@type\":\"PropertyValueSpecification\",\"valueRequired\":true,\"valueName\":\"search_term_string\"}}],\"inLanguage\":\"es\"},{\"@type\":\"Organization\",\"@id\":\"https:\/\/www.superbancos.gob.ec\/bancos\/#organization\",\"name\":\"Superintendencia de Bancos\",\"url\":\"https:\/\/www.superbancos.gob.ec\/bancos\/\",\"logo\":{\"@type\":\"ImageObject\",\"inLanguage\":\"es\",\"@id\":\"https:\/\/www.superbancos.gob.ec\/bancos\/#\/schema\/logo\/image\/\",\"url\":\"https:\/\/www.superbancos.gob.ec\/bancos\/wp-content\/uploads\/2022\/09\/Logo_Super.png\",\"contentUrl\":\"https:\/\/www.superbancos.gob.ec\/bancos\/wp-content\/uploads\/2022\/09\/Logo_Super.png\",\"width\":340,\"height\":92,\"caption\":\"Superintendencia de Bancos\"},\"image\":{\"@id\":\"https:\/\/www.superbancos.gob.ec\/bancos\/#\/schema\/logo\/image\/\"}},{\"@type\":\"Person\",\"@id\":\"https:\/\/www.superbancos.gob.ec\/bancos\/#\/schema\/person\/c12770f5145f3723f3aa20c0aafac282\",\"name\":\"Diego Buendia\",\"image\":{\"@type\":\"ImageObject\",\"inLanguage\":\"es\",\"@id\":\"https:\/\/www.superbancos.gob.ec\/bancos\/#\/schema\/person\/image\/\",\"url\":\"https:\/\/secure.gravatar.com\/avatar\/f2dcb31e604664a7d81f71d8260b45eb?s=96&d=mm&r=g\",\"contentUrl\":\"https:\/\/secure.gravatar.com\/avatar\/f2dcb31e604664a7d81f71d8260b45eb?s=96&d=mm&r=g\",\"caption\":\"Diego Buendia\"},\"url\":\"https:\/\/www.superbancos.gob.ec\/bancos\/author\/dbuendia\/\"}]}<\/script>\n<!-- \/ Yoast SEO plugin. -->","yoast_head_json":{"title":"Foro \u201cLa Banca una Visi\u00f3n de Futuro, Estabilidad Financiera, Inclusi\u00f3n y Desarrollo\u201d - Superintendencia de Bancos","robots":{"index":"index","follow":"follow","max-snippet":"max-snippet:-1","max-image-preview":"max-image-preview:large","max-video-preview":"max-video-preview:-1"},"canonical":"https:\/\/www.superbancos.gob.ec\/bancos\/foro-la-banca-una-vision-de-futuro-estabilidad-financiera-inclusion-y-desarrollo-2\/","og_locale":"es_ES","og_type":"article","og_title":"Foro \u201cLa Banca una Visi\u00f3n de Futuro, Estabilidad Financiera, Inclusi\u00f3n y Desarrollo\u201d - Superintendencia de Bancos","og_description":"Expertos del m\u00e1s alto nivel participar\u00e1n el pr\u00f3ximo 18 de julio, en Guayaquil,\u00a0 en el Foro \u201cLA BANCA UNA VISI\u00d3N DE FUTURO, ESTABILIDAD FINANCIERA, INCLUSI\u00d3N Y DESARROLLO\u201d. Este evento acad\u00e9mico forma parte de las actividades que se desarrollar\u00e1n con ocasi\u00f3n de la Reuni\u00f3n Anual de las Asambleas de Gobernadores del Banco Interamericano de Desarrollo (BID), [&hellip;]","og_url":"https:\/\/www.superbancos.gob.ec\/bancos\/foro-la-banca-una-vision-de-futuro-estabilidad-financiera-inclusion-y-desarrollo-2\/","og_site_name":"Superintendencia de Bancos","article_published_time":"2019-07-08T15:59:27+00:00","article_modified_time":"2021-11-25T16:50:17+00:00","og_image":[{"width":800,"height":500,"url":"https:\/\/www.superbancos.gob.ec\/bancos\/wp-content\/uploads\/2019\/07\/boletin-foro.jpg","type":"image\/jpeg"}],"author":"Diego Buendia","twitter_card":"summary_large_image","schema":{"@context":"https:\/\/schema.org","@graph":[{"@type":"Article","@id":"https:\/\/www.superbancos.gob.ec\/bancos\/foro-la-banca-una-vision-de-futuro-estabilidad-financiera-inclusion-y-desarrollo-2\/#article","isPartOf":{"@id":"https:\/\/www.superbancos.gob.ec\/bancos\/foro-la-banca-una-vision-de-futuro-estabilidad-financiera-inclusion-y-desarrollo-2\/"},"author":{"name":"Diego Buendia","@id":"https:\/\/www.superbancos.gob.ec\/bancos\/#\/schema\/person\/c12770f5145f3723f3aa20c0aafac282"},"headline":"Foro \u201cLa Banca una Visi\u00f3n de Futuro, Estabilidad Financiera, Inclusi\u00f3n y Desarrollo\u201d","datePublished":"2019-07-08T15:59:27+00:00","dateModified":"2021-11-25T16:50:17+00:00","mainEntityOfPage":{"@id":"https:\/\/www.superbancos.gob.ec\/bancos\/foro-la-banca-una-vision-de-futuro-estabilidad-financiera-inclusion-y-desarrollo-2\/"},"wordCount":299,"publisher":{"@id":"https:\/\/www.superbancos.gob.ec\/bancos\/#organization"},"image":{"@id":"https:\/\/www.superbancos.gob.ec\/bancos\/foro-la-banca-una-vision-de-futuro-estabilidad-financiera-inclusion-y-desarrollo-2\/#primaryimage"},"thumbnailUrl":"https:\/\/www.superbancos.gob.ec\/bancos\/wp-content\/uploads\/2019\/07\/boletin-foro.jpg","articleSection":["Bolet\u00edn de prensa","Noticias","Noticias Destacadas"],"inLanguage":"es"},{"@type":"WebPage","@id":"https:\/\/www.superbancos.gob.ec\/bancos\/foro-la-banca-una-vision-de-futuro-estabilidad-financiera-inclusion-y-desarrollo-2\/","url":"https:\/\/www.superbancos.gob.ec\/bancos\/foro-la-banca-una-vision-de-futuro-estabilidad-financiera-inclusion-y-desarrollo-2\/","name":"Foro \u201cLa Banca una Visi\u00f3n de Futuro, Estabilidad Financiera, Inclusi\u00f3n y Desarrollo\u201d - Superintendencia de Bancos","isPartOf":{"@id":"https:\/\/www.superbancos.gob.ec\/bancos\/#website"},"primaryImageOfPage":{"@id":"https:\/\/www.superbancos.gob.ec\/bancos\/foro-la-banca-una-vision-de-futuro-estabilidad-financiera-inclusion-y-desarrollo-2\/#primaryimage"},"image":{"@id":"https:\/\/www.superbancos.gob.ec\/bancos\/foro-la-banca-una-vision-de-futuro-estabilidad-financiera-inclusion-y-desarrollo-2\/#primaryimage"},"thumbnailUrl":"https:\/\/www.superbancos.gob.ec\/bancos\/wp-content\/uploads\/2019\/07\/boletin-foro.jpg","datePublished":"2019-07-08T15:59:27+00:00","dateModified":"2021-11-25T16:50:17+00:00","breadcrumb":{"@id":"https:\/\/www.superbancos.gob.ec\/bancos\/foro-la-banca-una-vision-de-futuro-estabilidad-financiera-inclusion-y-desarrollo-2\/#breadcrumb"},"inLanguage":"es","potentialAction":[{"@type":"ReadAction","target":["https:\/\/www.superbancos.gob.ec\/bancos\/foro-la-banca-una-vision-de-futuro-estabilidad-financiera-inclusion-y-desarrollo-2\/"]}]},{"@type":"ImageObject","inLanguage":"es","@id":"https:\/\/www.superbancos.gob.ec\/bancos\/foro-la-banca-una-vision-de-futuro-estabilidad-financiera-inclusion-y-desarrollo-2\/#primaryimage","url":"https:\/\/www.superbancos.gob.ec\/bancos\/wp-content\/uploads\/2019\/07\/boletin-foro.jpg","contentUrl":"https:\/\/www.superbancos.gob.ec\/bancos\/wp-content\/uploads\/2019\/07\/boletin-foro.jpg","width":800,"height":500},{"@type":"BreadcrumbList","@id":"https:\/\/www.superbancos.gob.ec\/bancos\/foro-la-banca-una-vision-de-futuro-estabilidad-financiera-inclusion-y-desarrollo-2\/#breadcrumb","itemListElement":[{"@type":"ListItem","position":1,"name":"Portada","item":"https:\/\/www.superbancos.gob.ec\/bancos\/"},{"@type":"ListItem","position":2,"name":"Foro \u201cLa Banca una Visi\u00f3n de Futuro, Estabilidad Financiera, Inclusi\u00f3n y Desarrollo\u201d"}]},{"@type":"WebSite","@id":"https:\/\/www.superbancos.gob.ec\/bancos\/#website","url":"https:\/\/www.superbancos.gob.ec\/bancos\/","name":"Superintendencia de Bancos","description":"Organo de Control del Sistema Financiero Ecuatoriano.","publisher":{"@id":"https:\/\/www.superbancos.gob.ec\/bancos\/#organization"},"alternateName":"Super de Bancos","potentialAction":[{"@type":"SearchAction","target":{"@type":"EntryPoint","urlTemplate":"https:\/\/www.superbancos.gob.ec\/bancos\/?s={search_term_string}"},"query-input":{"@type":"PropertyValueSpecification","valueRequired":true,"valueName":"search_term_string"}}],"inLanguage":"es"},{"@type":"Organization","@id":"https:\/\/www.superbancos.gob.ec\/bancos\/#organization","name":"Superintendencia de Bancos","url":"https:\/\/www.superbancos.gob.ec\/bancos\/","logo":{"@type":"ImageObject","inLanguage":"es","@id":"https:\/\/www.superbancos.gob.ec\/bancos\/#\/schema\/logo\/image\/","url":"https:\/\/www.superbancos.gob.ec\/bancos\/wp-content\/uploads\/2022\/09\/Logo_Super.png","contentUrl":"https:\/\/www.superbancos.gob.ec\/bancos\/wp-content\/uploads\/2022\/09\/Logo_Super.png","width":340,"height":92,"caption":"Superintendencia de Bancos"},"image":{"@id":"https:\/\/www.superbancos.gob.ec\/bancos\/#\/schema\/logo\/image\/"}},{"@type":"Person","@id":"https:\/\/www.superbancos.gob.ec\/bancos\/#\/schema\/person\/c12770f5145f3723f3aa20c0aafac282","name":"Diego Buendia","image":{"@type":"ImageObject","inLanguage":"es","@id":"https:\/\/www.superbancos.gob.ec\/bancos\/#\/schema\/person\/image\/","url":"https:\/\/secure.gravatar.com\/avatar\/f2dcb31e604664a7d81f71d8260b45eb?s=96&d=mm&r=g","contentUrl":"https:\/\/secure.gravatar.com\/avatar\/f2dcb31e604664a7d81f71d8260b45eb?s=96&d=mm&r=g","caption":"Diego Buendia"},"url":"https:\/\/www.superbancos.gob.ec\/bancos\/author\/dbuendia\/"}]}},"_links":{"self":[{"href":"https:\/\/www.superbancos.gob.ec\/bancos\/wp-json\/wp\/v2\/posts\/7728"}],"collection":[{"href":"https:\/\/www.superbancos.gob.ec\/bancos\/wp-json\/wp\/v2\/posts"}],"about":[{"href":"https:\/\/www.superbancos.gob.ec\/bancos\/wp-json\/wp\/v2\/types\/post"}],"author":[{"embeddable":true,"href":"https:\/\/www.superbancos.gob.ec\/bancos\/wp-json\/wp\/v2\/users\/3"}],"replies":[{"embeddable":true,"href":"https:\/\/www.superbancos.gob.ec\/bancos\/wp-json\/wp\/v2\/comments?post=7728"}],"version-history":[{"count":5,"href":"https:\/\/www.superbancos.gob.ec\/bancos\/wp-json\/wp\/v2\/posts\/7728\/revisions"}],"predecessor-version":[{"id":13818,"href":"https:\/\/www.superbancos.gob.ec\/bancos\/wp-json\/wp\/v2\/posts\/7728\/revisions\/13818"}],"wp:featuredmedia":[{"embeddable":true,"href":"https:\/\/www.superbancos.gob.ec\/bancos\/wp-json\/wp\/v2\/media\/7731"}],"wp:attachment":[{"href":"https:\/\/www.superbancos.gob.ec\/bancos\/wp-json\/wp\/v2\/media?parent=7728"}],"wp:term":[{"taxonomy":"category","embeddable":true,"href":"https:\/\/www.superbancos.gob.ec\/bancos\/wp-json\/wp\/v2\/categories?post=7728"},{"taxonomy":"post_tag","embeddable":true,"href":"https:\/\/www.superbancos.gob.ec\/bancos\/wp-json\/wp\/v2\/tags?post=7728"}],"curies":[{"name":"wp","href":"https:\/\/api.w.org\/{rel}","templated":true}]}}