{"id":7770,"date":"2019-07-15T19:51:07","date_gmt":"2019-07-16T00:51:07","guid":{"rendered":"https:\/\/www.superbancos.gob.ec\/bancos\/?p=7770"},"modified":"2021-11-25T11:48:42","modified_gmt":"2021-11-25T16:48:42","slug":"superintendenta-de-bancos-participa-en-actividades-previas-a-la-reunion-anual-de-las-asambleas-de-gobernadores-del-bid-en-guayaquil","status":"publish","type":"post","link":"https:\/\/www.superbancos.gob.ec\/bancos\/superintendenta-de-bancos-participa-en-actividades-previas-a-la-reunion-anual-de-las-asambleas-de-gobernadores-del-bid-en-guayaquil\/","title":{"rendered":"Superintendenta de Bancos participa en actividades previas a la Reuni\u00f3n Anual de las Asambleas de Gobernadores del BID, en Guayaquil"},"content":{"rendered":"<p>Este lunes 15 de julio se cumplieron, en Guayaquil, foros y otras actividades previas a la Reuni\u00f3n Anual de las Asambleas de Gobernadores del Banco Interamericano de Desarrollo BID, previstas para este 16 y 17 de julio.<\/p>\n<p>La Superintendenta de Bancos, Ruth Arregui, particip\u00f3 en esas actividades, conjuntamente con autoridades del Gobierno Central, locales, e invitados internacionales.<\/p>\n<p>Como evento principal, el presidente del BID, Luis Alberto Moreno, recibi\u00f3 tres reconocimientos: la Medalla Doctoral en el grado de Honoris Causa, por parte de la Universidad Esp\u00edritu Santo; la condecoraci\u00f3n al M\u00e9rito Visi\u00f3n para el Desarrollo, de parte de las C\u00e1maras de Guayaquil; y la Distinci\u00f3n de Hu\u00e9sped Ilustre del cant\u00f3n Samborond\u00f3n.<\/p>\n<p>Moreno reconoci\u00f3 la gesti\u00f3n de la Directora ejecutiva del BID, Rosa Matilde Guerrero, en el Ecuador, que ha permitido al organismo internacional coordinar acciones en favor del pa\u00eds.<\/p>\n<p>Previamente, el BID suscribi\u00f3 convenios de cr\u00e9dito con el sector privado y con el Gobierno ecuatoriano.<br \/>\nLa Superintendenta de Bancos tambi\u00e9n asisti\u00f3 al Foro \u201cCiudades Seguras y Sostenibles\u201d y a un almuerzo con las alcaldesas del pa\u00eds.<\/p>\n<p>Para este martes est\u00e1 previsto el inicio formal de las Asambleas de Gobernadores del BID. El presidente de la Rep\u00fablica, Len\u00edn Moreno, asistir\u00e1 a la ceremonia inaugural de este evento econ\u00f3mico y social, considerado como el m\u00e1s importante de Latinoam\u00e9rica y que se realiza en Ecuador despu\u00e9s de 47 a\u00f1os.<\/p>\n<p>Para este jueves 18 de julio, a las 13h00, est\u00e1 previsto el Foro: \u201cLA BANCA, UNA VISI\u00d3N DE FUTURO, ESTABILIDAD FINANCIERA, INCLUSI\u00d3N Y DESARROLLO\u201d, en el que participar\u00e1n reconocidos expositores nacionales e internacionales, y la Superintendenta de Bancos, Ruth Arregui.<\/p>\n<p><em><strong>Quito, 15 julio 2019<\/strong><\/em><\/p>\n","protected":false},"excerpt":{"rendered":"<p>Este lunes 15 de julio se cumplieron, en Guayaquil, foros y otras actividades previas a la Reuni\u00f3n Anual de las Asambleas de Gobernadores del Banco Interamericano de Desarrollo BID, previstas para este 16 y 17 de julio. La Superintendenta de Bancos, Ruth Arregui, particip\u00f3 en esas actividades, conjuntamente con autoridades del Gobierno Central, locales, e [&hellip;]<\/p>\n","protected":false},"author":3,"featured_media":7772,"comment_status":"closed","ping_status":"open","sticky":false,"template":"","format":"standard","meta":{"footnotes":""},"categories":[114,5,6],"tags":[],"class_list":["post-7770","post","type-post","status-publish","format-standard","has-post-thumbnail","hentry","category-boletin-de-prensa","category-noticias","category-noticias-destacadas"],"yoast_head":"<!-- This site is optimized with the Yoast SEO plugin v25.4 - https:\/\/yoast.com\/wordpress\/plugins\/seo\/ -->\n<title>Superintendenta de Bancos participa en actividades previas a la Reuni\u00f3n Anual de las Asambleas de Gobernadores del BID, en Guayaquil - Superintendencia de Bancos<\/title>\n<meta name=\"robots\" content=\"index, follow, max-snippet:-1, max-image-preview:large, max-video-preview:-1\" \/>\n<link rel=\"canonical\" href=\"https:\/\/www.superbancos.gob.ec\/bancos\/superintendenta-de-bancos-participa-en-actividades-previas-a-la-reunion-anual-de-las-asambleas-de-gobernadores-del-bid-en-guayaquil\/\" \/>\n<meta property=\"og:locale\" content=\"es_ES\" \/>\n<meta property=\"og:type\" content=\"article\" \/>\n<meta property=\"og:title\" content=\"Superintendenta de Bancos participa en actividades previas a la Reuni\u00f3n Anual de las Asambleas de Gobernadores del BID, en Guayaquil - Superintendencia de Bancos\" \/>\n<meta property=\"og:description\" content=\"Este lunes 15 de julio se cumplieron, en Guayaquil, foros y otras actividades previas a la Reuni\u00f3n Anual de las Asambleas de Gobernadores del Banco Interamericano de Desarrollo BID, previstas para este 16 y 17 de julio. La Superintendenta de Bancos, Ruth Arregui, particip\u00f3 en esas actividades, conjuntamente con autoridades del Gobierno Central, locales, e [&hellip;]\" \/>\n<meta property=\"og:url\" content=\"https:\/\/www.superbancos.gob.ec\/bancos\/superintendenta-de-bancos-participa-en-actividades-previas-a-la-reunion-anual-de-las-asambleas-de-gobernadores-del-bid-en-guayaquil\/\" \/>\n<meta property=\"og:site_name\" content=\"Superintendencia de Bancos\" \/>\n<meta property=\"article:published_time\" content=\"2019-07-16T00:51:07+00:00\" \/>\n<meta property=\"article:modified_time\" content=\"2021-11-25T16:48:42+00:00\" \/>\n<meta property=\"og:image\" content=\"https:\/\/www.superbancos.gob.ec\/bancos\/wp-content\/uploads\/2019\/07\/WhatsApp-Image-2019-07-15-at-7.38.41-PM.jpeg\" \/>\n\t<meta property=\"og:image:width\" content=\"1280\" \/>\n\t<meta property=\"og:image:height\" content=\"853\" \/>\n\t<meta property=\"og:image:type\" content=\"image\/jpeg\" \/>\n<meta name=\"author\" content=\"Diego Buendia\" \/>\n<meta name=\"twitter:card\" content=\"summary_large_image\" \/>\n<script type=\"application\/ld+json\" class=\"yoast-schema-graph\">{\"@context\":\"https:\/\/schema.org\",\"@graph\":[{\"@type\":\"Article\",\"@id\":\"https:\/\/www.superbancos.gob.ec\/bancos\/superintendenta-de-bancos-participa-en-actividades-previas-a-la-reunion-anual-de-las-asambleas-de-gobernadores-del-bid-en-guayaquil\/#article\",\"isPartOf\":{\"@id\":\"https:\/\/www.superbancos.gob.ec\/bancos\/superintendenta-de-bancos-participa-en-actividades-previas-a-la-reunion-anual-de-las-asambleas-de-gobernadores-del-bid-en-guayaquil\/\"},\"author\":{\"name\":\"Diego Buendia\",\"@id\":\"https:\/\/www.superbancos.gob.ec\/bancos\/#\/schema\/person\/c12770f5145f3723f3aa20c0aafac282\"},\"headline\":\"Superintendenta de Bancos participa en actividades previas a la Reuni\u00f3n Anual de las Asambleas de Gobernadores del BID, en Guayaquil\",\"datePublished\":\"2019-07-16T00:51:07+00:00\",\"dateModified\":\"2021-11-25T16:48:42+00:00\",\"mainEntityOfPage\":{\"@id\":\"https:\/\/www.superbancos.gob.ec\/bancos\/superintendenta-de-bancos-participa-en-actividades-previas-a-la-reunion-anual-de-las-asambleas-de-gobernadores-del-bid-en-guayaquil\/\"},\"wordCount\":308,\"publisher\":{\"@id\":\"https:\/\/www.superbancos.gob.ec\/bancos\/#organization\"},\"image\":{\"@id\":\"https:\/\/www.superbancos.gob.ec\/bancos\/superintendenta-de-bancos-participa-en-actividades-previas-a-la-reunion-anual-de-las-asambleas-de-gobernadores-del-bid-en-guayaquil\/#primaryimage\"},\"thumbnailUrl\":\"https:\/\/www.superbancos.gob.ec\/bancos\/wp-content\/uploads\/2019\/07\/WhatsApp-Image-2019-07-15-at-7.38.41-PM.jpeg\",\"articleSection\":[\"Bolet\u00edn de prensa\",\"Noticias\",\"Noticias Destacadas\"],\"inLanguage\":\"es\"},{\"@type\":\"WebPage\",\"@id\":\"https:\/\/www.superbancos.gob.ec\/bancos\/superintendenta-de-bancos-participa-en-actividades-previas-a-la-reunion-anual-de-las-asambleas-de-gobernadores-del-bid-en-guayaquil\/\",\"url\":\"https:\/\/www.superbancos.gob.ec\/bancos\/superintendenta-de-bancos-participa-en-actividades-previas-a-la-reunion-anual-de-las-asambleas-de-gobernadores-del-bid-en-guayaquil\/\",\"name\":\"Superintendenta de Bancos participa en actividades previas a la Reuni\u00f3n Anual de las Asambleas de Gobernadores del BID, en Guayaquil - Superintendencia de Bancos\",\"isPartOf\":{\"@id\":\"https:\/\/www.superbancos.gob.ec\/bancos\/#website\"},\"primaryImageOfPage\":{\"@id\":\"https:\/\/www.superbancos.gob.ec\/bancos\/superintendenta-de-bancos-participa-en-actividades-previas-a-la-reunion-anual-de-las-asambleas-de-gobernadores-del-bid-en-guayaquil\/#primaryimage\"},\"image\":{\"@id\":\"https:\/\/www.superbancos.gob.ec\/bancos\/superintendenta-de-bancos-participa-en-actividades-previas-a-la-reunion-anual-de-las-asambleas-de-gobernadores-del-bid-en-guayaquil\/#primaryimage\"},\"thumbnailUrl\":\"https:\/\/www.superbancos.gob.ec\/bancos\/wp-content\/uploads\/2019\/07\/WhatsApp-Image-2019-07-15-at-7.38.41-PM.jpeg\",\"datePublished\":\"2019-07-16T00:51:07+00:00\",\"dateModified\":\"2021-11-25T16:48:42+00:00\",\"breadcrumb\":{\"@id\":\"https:\/\/www.superbancos.gob.ec\/bancos\/superintendenta-de-bancos-participa-en-actividades-previas-a-la-reunion-anual-de-las-asambleas-de-gobernadores-del-bid-en-guayaquil\/#breadcrumb\"},\"inLanguage\":\"es\",\"potentialAction\":[{\"@type\":\"ReadAction\",\"target\":[\"https:\/\/www.superbancos.gob.ec\/bancos\/superintendenta-de-bancos-participa-en-actividades-previas-a-la-reunion-anual-de-las-asambleas-de-gobernadores-del-bid-en-guayaquil\/\"]}]},{\"@type\":\"ImageObject\",\"inLanguage\":\"es\",\"@id\":\"https:\/\/www.superbancos.gob.ec\/bancos\/superintendenta-de-bancos-participa-en-actividades-previas-a-la-reunion-anual-de-las-asambleas-de-gobernadores-del-bid-en-guayaquil\/#primaryimage\",\"url\":\"https:\/\/www.superbancos.gob.ec\/bancos\/wp-content\/uploads\/2019\/07\/WhatsApp-Image-2019-07-15-at-7.38.41-PM.jpeg\",\"contentUrl\":\"https:\/\/www.superbancos.gob.ec\/bancos\/wp-content\/uploads\/2019\/07\/WhatsApp-Image-2019-07-15-at-7.38.41-PM.jpeg\",\"width\":1280,\"height\":853},{\"@type\":\"BreadcrumbList\",\"@id\":\"https:\/\/www.superbancos.gob.ec\/bancos\/superintendenta-de-bancos-participa-en-actividades-previas-a-la-reunion-anual-de-las-asambleas-de-gobernadores-del-bid-en-guayaquil\/#breadcrumb\",\"itemListElement\":[{\"@type\":\"ListItem\",\"position\":1,\"name\":\"Portada\",\"item\":\"https:\/\/www.superbancos.gob.ec\/bancos\/\"},{\"@type\":\"ListItem\",\"position\":2,\"name\":\"Superintendenta de Bancos participa en actividades previas a la Reuni\u00f3n Anual de las Asambleas de Gobernadores del BID, en Guayaquil\"}]},{\"@type\":\"WebSite\",\"@id\":\"https:\/\/www.superbancos.gob.ec\/bancos\/#website\",\"url\":\"https:\/\/www.superbancos.gob.ec\/bancos\/\",\"name\":\"Superintendencia de Bancos\",\"description\":\"Organo de Control del Sistema Financiero Ecuatoriano.\",\"publisher\":{\"@id\":\"https:\/\/www.superbancos.gob.ec\/bancos\/#organization\"},\"alternateName\":\"Super de Bancos\",\"potentialAction\":[{\"@type\":\"SearchAction\",\"target\":{\"@type\":\"EntryPoint\",\"urlTemplate\":\"https:\/\/www.superbancos.gob.ec\/bancos\/?s={search_term_string}\"},\"query-input\":{\"@type\":\"PropertyValueSpecification\",\"valueRequired\":true,\"valueName\":\"search_term_string\"}}],\"inLanguage\":\"es\"},{\"@type\":\"Organization\",\"@id\":\"https:\/\/www.superbancos.gob.ec\/bancos\/#organization\",\"name\":\"Superintendencia de Bancos\",\"url\":\"https:\/\/www.superbancos.gob.ec\/bancos\/\",\"logo\":{\"@type\":\"ImageObject\",\"inLanguage\":\"es\",\"@id\":\"https:\/\/www.superbancos.gob.ec\/bancos\/#\/schema\/logo\/image\/\",\"url\":\"https:\/\/www.superbancos.gob.ec\/bancos\/wp-content\/uploads\/2022\/09\/Logo_Super.png\",\"contentUrl\":\"https:\/\/www.superbancos.gob.ec\/bancos\/wp-content\/uploads\/2022\/09\/Logo_Super.png\",\"width\":340,\"height\":92,\"caption\":\"Superintendencia de Bancos\"},\"image\":{\"@id\":\"https:\/\/www.superbancos.gob.ec\/bancos\/#\/schema\/logo\/image\/\"}},{\"@type\":\"Person\",\"@id\":\"https:\/\/www.superbancos.gob.ec\/bancos\/#\/schema\/person\/c12770f5145f3723f3aa20c0aafac282\",\"name\":\"Diego Buendia\",\"image\":{\"@type\":\"ImageObject\",\"inLanguage\":\"es\",\"@id\":\"https:\/\/www.superbancos.gob.ec\/bancos\/#\/schema\/person\/image\/\",\"url\":\"https:\/\/secure.gravatar.com\/avatar\/f2dcb31e604664a7d81f71d8260b45eb?s=96&d=mm&r=g\",\"contentUrl\":\"https:\/\/secure.gravatar.com\/avatar\/f2dcb31e604664a7d81f71d8260b45eb?s=96&d=mm&r=g\",\"caption\":\"Diego Buendia\"},\"url\":\"https:\/\/www.superbancos.gob.ec\/bancos\/author\/dbuendia\/\"}]}<\/script>\n<!-- \/ Yoast SEO plugin. -->","yoast_head_json":{"title":"Superintendenta de Bancos participa en actividades previas a la Reuni\u00f3n Anual de las Asambleas de Gobernadores del BID, en Guayaquil - Superintendencia de Bancos","robots":{"index":"index","follow":"follow","max-snippet":"max-snippet:-1","max-image-preview":"max-image-preview:large","max-video-preview":"max-video-preview:-1"},"canonical":"https:\/\/www.superbancos.gob.ec\/bancos\/superintendenta-de-bancos-participa-en-actividades-previas-a-la-reunion-anual-de-las-asambleas-de-gobernadores-del-bid-en-guayaquil\/","og_locale":"es_ES","og_type":"article","og_title":"Superintendenta de Bancos participa en actividades previas a la Reuni\u00f3n Anual de las Asambleas de Gobernadores del BID, en Guayaquil - Superintendencia de Bancos","og_description":"Este lunes 15 de julio se cumplieron, en Guayaquil, foros y otras actividades previas a la Reuni\u00f3n Anual de las Asambleas de Gobernadores del Banco Interamericano de Desarrollo BID, previstas para este 16 y 17 de julio. La Superintendenta de Bancos, Ruth Arregui, particip\u00f3 en esas actividades, conjuntamente con autoridades del Gobierno Central, locales, e [&hellip;]","og_url":"https:\/\/www.superbancos.gob.ec\/bancos\/superintendenta-de-bancos-participa-en-actividades-previas-a-la-reunion-anual-de-las-asambleas-de-gobernadores-del-bid-en-guayaquil\/","og_site_name":"Superintendencia de Bancos","article_published_time":"2019-07-16T00:51:07+00:00","article_modified_time":"2021-11-25T16:48:42+00:00","og_image":[{"width":1280,"height":853,"url":"https:\/\/www.superbancos.gob.ec\/bancos\/wp-content\/uploads\/2019\/07\/WhatsApp-Image-2019-07-15-at-7.38.41-PM.jpeg","type":"image\/jpeg"}],"author":"Diego Buendia","twitter_card":"summary_large_image","schema":{"@context":"https:\/\/schema.org","@graph":[{"@type":"Article","@id":"https:\/\/www.superbancos.gob.ec\/bancos\/superintendenta-de-bancos-participa-en-actividades-previas-a-la-reunion-anual-de-las-asambleas-de-gobernadores-del-bid-en-guayaquil\/#article","isPartOf":{"@id":"https:\/\/www.superbancos.gob.ec\/bancos\/superintendenta-de-bancos-participa-en-actividades-previas-a-la-reunion-anual-de-las-asambleas-de-gobernadores-del-bid-en-guayaquil\/"},"author":{"name":"Diego Buendia","@id":"https:\/\/www.superbancos.gob.ec\/bancos\/#\/schema\/person\/c12770f5145f3723f3aa20c0aafac282"},"headline":"Superintendenta de Bancos participa en actividades previas a la Reuni\u00f3n Anual de las Asambleas de Gobernadores del BID, en Guayaquil","datePublished":"2019-07-16T00:51:07+00:00","dateModified":"2021-11-25T16:48:42+00:00","mainEntityOfPage":{"@id":"https:\/\/www.superbancos.gob.ec\/bancos\/superintendenta-de-bancos-participa-en-actividades-previas-a-la-reunion-anual-de-las-asambleas-de-gobernadores-del-bid-en-guayaquil\/"},"wordCount":308,"publisher":{"@id":"https:\/\/www.superbancos.gob.ec\/bancos\/#organization"},"image":{"@id":"https:\/\/www.superbancos.gob.ec\/bancos\/superintendenta-de-bancos-participa-en-actividades-previas-a-la-reunion-anual-de-las-asambleas-de-gobernadores-del-bid-en-guayaquil\/#primaryimage"},"thumbnailUrl":"https:\/\/www.superbancos.gob.ec\/bancos\/wp-content\/uploads\/2019\/07\/WhatsApp-Image-2019-07-15-at-7.38.41-PM.jpeg","articleSection":["Bolet\u00edn de prensa","Noticias","Noticias Destacadas"],"inLanguage":"es"},{"@type":"WebPage","@id":"https:\/\/www.superbancos.gob.ec\/bancos\/superintendenta-de-bancos-participa-en-actividades-previas-a-la-reunion-anual-de-las-asambleas-de-gobernadores-del-bid-en-guayaquil\/","url":"https:\/\/www.superbancos.gob.ec\/bancos\/superintendenta-de-bancos-participa-en-actividades-previas-a-la-reunion-anual-de-las-asambleas-de-gobernadores-del-bid-en-guayaquil\/","name":"Superintendenta de Bancos participa en actividades previas a la Reuni\u00f3n Anual de las Asambleas de Gobernadores del BID, en Guayaquil - Superintendencia de Bancos","isPartOf":{"@id":"https:\/\/www.superbancos.gob.ec\/bancos\/#website"},"primaryImageOfPage":{"@id":"https:\/\/www.superbancos.gob.ec\/bancos\/superintendenta-de-bancos-participa-en-actividades-previas-a-la-reunion-anual-de-las-asambleas-de-gobernadores-del-bid-en-guayaquil\/#primaryimage"},"image":{"@id":"https:\/\/www.superbancos.gob.ec\/bancos\/superintendenta-de-bancos-participa-en-actividades-previas-a-la-reunion-anual-de-las-asambleas-de-gobernadores-del-bid-en-guayaquil\/#primaryimage"},"thumbnailUrl":"https:\/\/www.superbancos.gob.ec\/bancos\/wp-content\/uploads\/2019\/07\/WhatsApp-Image-2019-07-15-at-7.38.41-PM.jpeg","datePublished":"2019-07-16T00:51:07+00:00","dateModified":"2021-11-25T16:48:42+00:00","breadcrumb":{"@id":"https:\/\/www.superbancos.gob.ec\/bancos\/superintendenta-de-bancos-participa-en-actividades-previas-a-la-reunion-anual-de-las-asambleas-de-gobernadores-del-bid-en-guayaquil\/#breadcrumb"},"inLanguage":"es","potentialAction":[{"@type":"ReadAction","target":["https:\/\/www.superbancos.gob.ec\/bancos\/superintendenta-de-bancos-participa-en-actividades-previas-a-la-reunion-anual-de-las-asambleas-de-gobernadores-del-bid-en-guayaquil\/"]}]},{"@type":"ImageObject","inLanguage":"es","@id":"https:\/\/www.superbancos.gob.ec\/bancos\/superintendenta-de-bancos-participa-en-actividades-previas-a-la-reunion-anual-de-las-asambleas-de-gobernadores-del-bid-en-guayaquil\/#primaryimage","url":"https:\/\/www.superbancos.gob.ec\/bancos\/wp-content\/uploads\/2019\/07\/WhatsApp-Image-2019-07-15-at-7.38.41-PM.jpeg","contentUrl":"https:\/\/www.superbancos.gob.ec\/bancos\/wp-content\/uploads\/2019\/07\/WhatsApp-Image-2019-07-15-at-7.38.41-PM.jpeg","width":1280,"height":853},{"@type":"BreadcrumbList","@id":"https:\/\/www.superbancos.gob.ec\/bancos\/superintendenta-de-bancos-participa-en-actividades-previas-a-la-reunion-anual-de-las-asambleas-de-gobernadores-del-bid-en-guayaquil\/#breadcrumb","itemListElement":[{"@type":"ListItem","position":1,"name":"Portada","item":"https:\/\/www.superbancos.gob.ec\/bancos\/"},{"@type":"ListItem","position":2,"name":"Superintendenta de Bancos participa en actividades previas a la Reuni\u00f3n Anual de las Asambleas de Gobernadores del BID, en Guayaquil"}]},{"@type":"WebSite","@id":"https:\/\/www.superbancos.gob.ec\/bancos\/#website","url":"https:\/\/www.superbancos.gob.ec\/bancos\/","name":"Superintendencia de Bancos","description":"Organo de Control del Sistema Financiero Ecuatoriano.","publisher":{"@id":"https:\/\/www.superbancos.gob.ec\/bancos\/#organization"},"alternateName":"Super de Bancos","potentialAction":[{"@type":"SearchAction","target":{"@type":"EntryPoint","urlTemplate":"https:\/\/www.superbancos.gob.ec\/bancos\/?s={search_term_string}"},"query-input":{"@type":"PropertyValueSpecification","valueRequired":true,"valueName":"search_term_string"}}],"inLanguage":"es"},{"@type":"Organization","@id":"https:\/\/www.superbancos.gob.ec\/bancos\/#organization","name":"Superintendencia de Bancos","url":"https:\/\/www.superbancos.gob.ec\/bancos\/","logo":{"@type":"ImageObject","inLanguage":"es","@id":"https:\/\/www.superbancos.gob.ec\/bancos\/#\/schema\/logo\/image\/","url":"https:\/\/www.superbancos.gob.ec\/bancos\/wp-content\/uploads\/2022\/09\/Logo_Super.png","contentUrl":"https:\/\/www.superbancos.gob.ec\/bancos\/wp-content\/uploads\/2022\/09\/Logo_Super.png","width":340,"height":92,"caption":"Superintendencia de Bancos"},"image":{"@id":"https:\/\/www.superbancos.gob.ec\/bancos\/#\/schema\/logo\/image\/"}},{"@type":"Person","@id":"https:\/\/www.superbancos.gob.ec\/bancos\/#\/schema\/person\/c12770f5145f3723f3aa20c0aafac282","name":"Diego Buendia","image":{"@type":"ImageObject","inLanguage":"es","@id":"https:\/\/www.superbancos.gob.ec\/bancos\/#\/schema\/person\/image\/","url":"https:\/\/secure.gravatar.com\/avatar\/f2dcb31e604664a7d81f71d8260b45eb?s=96&d=mm&r=g","contentUrl":"https:\/\/secure.gravatar.com\/avatar\/f2dcb31e604664a7d81f71d8260b45eb?s=96&d=mm&r=g","caption":"Diego Buendia"},"url":"https:\/\/www.superbancos.gob.ec\/bancos\/author\/dbuendia\/"}]}},"_links":{"self":[{"href":"https:\/\/www.superbancos.gob.ec\/bancos\/wp-json\/wp\/v2\/posts\/7770"}],"collection":[{"href":"https:\/\/www.superbancos.gob.ec\/bancos\/wp-json\/wp\/v2\/posts"}],"about":[{"href":"https:\/\/www.superbancos.gob.ec\/bancos\/wp-json\/wp\/v2\/types\/post"}],"author":[{"embeddable":true,"href":"https:\/\/www.superbancos.gob.ec\/bancos\/wp-json\/wp\/v2\/users\/3"}],"replies":[{"embeddable":true,"href":"https:\/\/www.superbancos.gob.ec\/bancos\/wp-json\/wp\/v2\/comments?post=7770"}],"version-history":[{"count":2,"href":"https:\/\/www.superbancos.gob.ec\/bancos\/wp-json\/wp\/v2\/posts\/7770\/revisions"}],"predecessor-version":[{"id":13815,"href":"https:\/\/www.superbancos.gob.ec\/bancos\/wp-json\/wp\/v2\/posts\/7770\/revisions\/13815"}],"wp:featuredmedia":[{"embeddable":true,"href":"https:\/\/www.superbancos.gob.ec\/bancos\/wp-json\/wp\/v2\/media\/7772"}],"wp:attachment":[{"href":"https:\/\/www.superbancos.gob.ec\/bancos\/wp-json\/wp\/v2\/media?parent=7770"}],"wp:term":[{"taxonomy":"category","embeddable":true,"href":"https:\/\/www.superbancos.gob.ec\/bancos\/wp-json\/wp\/v2\/categories?post=7770"},{"taxonomy":"post_tag","embeddable":true,"href":"https:\/\/www.superbancos.gob.ec\/bancos\/wp-json\/wp\/v2\/tags?post=7770"}],"curies":[{"name":"wp","href":"https:\/\/api.w.org\/{rel}","templated":true}]}}