{"id":7774,"date":"2019-07-16T21:27:47","date_gmt":"2019-07-17T02:27:47","guid":{"rendered":"https:\/\/www.superbancos.gob.ec\/bancos\/?p=7774"},"modified":"2021-11-25T11:48:17","modified_gmt":"2021-11-25T16:48:17","slug":"se-inicia-en-guayaquil-reunion-anual-de-las-asambleas-de-gobernadores-del-bid","status":"publish","type":"post","link":"https:\/\/www.superbancos.gob.ec\/bancos\/se-inicia-en-guayaquil-reunion-anual-de-las-asambleas-de-gobernadores-del-bid\/","title":{"rendered":"Se inicia en Guayaquil Reuni\u00f3n Anual de las Asambleas de Gobernadores del BID"},"content":{"rendered":"<p>Este martes 16 de julio se inaugur\u00f3, en Guayaquil, la Reuni\u00f3n Anual de las Asambleas de Gobernadores del Banco Interamericano de Desarrollo, BID, evento que se realiza en el Ecuador despu\u00e9s de 47 a\u00f1os.<\/p>\n<p>La ceremonia inaugural estuvo presidida por el mandatario ecuatoriano, Len\u00edn Moreno; la vicepresidenta de Colombia, Martha Luc\u00eda Ram\u00edrez; y el presidente del BID, Luis Alberto Moreno. Como invitados, asistieron altas autoridades como la Superintendenta de Bancos, Ruth Arregui.<\/p>\n<p>En esta reuni\u00f3n fue elegido, por unanimidad, como Presidente de las Asambleas de Gobernadores del BID, para el pr\u00f3ximo a\u00f1o, el ministro de Finanzas de Ecuador, Richard Mart\u00ednez.<\/p>\n<p>El presidente Len\u00edn Moreno destac\u00f3 el respaldo del BID para los programas sociales de nuestro pa\u00eds, con recursos por USD 1.700 millones para el Plan de Prosperidad.<\/p>\n<p>Por su parte el presidente del BID, Luis Alberto Moreno, ratific\u00f3 el compromiso del organismo internacional a los programas sociales del gobierno ecuatoriano, destinados a reducir la pobreza.<\/p>\n<p>Esta reuni\u00f3n es considerada como el evento econ\u00f3mico y social m\u00e1s importante de Latinoam\u00e9rica, en el que participan m\u00e1s de 500 delegados de 48 pa\u00edses, especialmente ministros de Econom\u00eda y Finanzas.<\/p>\n<p>Hasta este mi\u00e9rcoles, los gobernadores de los pa\u00edses miembros analizar\u00e1n temas referentes al desarrollo y crecimiento, inclusi\u00f3n social, econ\u00f3mica y financiera.<\/p>\n<p>En el marco de las Asambleas del BID, paralelamente se realizan 11 foros sobre temas econ\u00f3micos, productivos, financieros, sociales e inclusivos, en los que participan expertos, autoridades, empresarios, acad\u00e9micos y delegados de otros sectores.<\/p>\n<p><em><strong>Quito, 16 julio 2019<\/strong><\/em><\/p>\n","protected":false},"excerpt":{"rendered":"<p>Este martes 16 de julio se inaugur\u00f3, en Guayaquil, la Reuni\u00f3n Anual de las Asambleas de Gobernadores del Banco Interamericano de Desarrollo, BID, evento que se realiza en el Ecuador despu\u00e9s de 47 a\u00f1os. La ceremonia inaugural estuvo presidida por el mandatario ecuatoriano, Len\u00edn Moreno; la vicepresidenta de Colombia, Martha Luc\u00eda Ram\u00edrez; y el presidente [&hellip;]<\/p>\n","protected":false},"author":3,"featured_media":7776,"comment_status":"closed","ping_status":"open","sticky":false,"template":"","format":"standard","meta":{"footnotes":""},"categories":[114,5,6],"tags":[],"class_list":["post-7774","post","type-post","status-publish","format-standard","has-post-thumbnail","hentry","category-boletin-de-prensa","category-noticias","category-noticias-destacadas"],"yoast_head":"<!-- This site is optimized with the Yoast SEO plugin v25.4 - https:\/\/yoast.com\/wordpress\/plugins\/seo\/ -->\n<title>Se inicia en Guayaquil Reuni\u00f3n Anual de las Asambleas de Gobernadores del BID - Superintendencia de Bancos<\/title>\n<meta name=\"robots\" content=\"index, follow, max-snippet:-1, max-image-preview:large, max-video-preview:-1\" \/>\n<link rel=\"canonical\" href=\"https:\/\/www.superbancos.gob.ec\/bancos\/se-inicia-en-guayaquil-reunion-anual-de-las-asambleas-de-gobernadores-del-bid\/\" \/>\n<meta property=\"og:locale\" content=\"es_ES\" \/>\n<meta property=\"og:type\" content=\"article\" \/>\n<meta property=\"og:title\" content=\"Se inicia en Guayaquil Reuni\u00f3n Anual de las Asambleas de Gobernadores del BID - Superintendencia de Bancos\" \/>\n<meta property=\"og:description\" content=\"Este martes 16 de julio se inaugur\u00f3, en Guayaquil, la Reuni\u00f3n Anual de las Asambleas de Gobernadores del Banco Interamericano de Desarrollo, BID, evento que se realiza en el Ecuador despu\u00e9s de 47 a\u00f1os. La ceremonia inaugural estuvo presidida por el mandatario ecuatoriano, Len\u00edn Moreno; la vicepresidenta de Colombia, Martha Luc\u00eda Ram\u00edrez; y el presidente [&hellip;]\" \/>\n<meta property=\"og:url\" content=\"https:\/\/www.superbancos.gob.ec\/bancos\/se-inicia-en-guayaquil-reunion-anual-de-las-asambleas-de-gobernadores-del-bid\/\" \/>\n<meta property=\"og:site_name\" content=\"Superintendencia de Bancos\" \/>\n<meta property=\"article:published_time\" content=\"2019-07-17T02:27:47+00:00\" \/>\n<meta property=\"article:modified_time\" content=\"2021-11-25T16:48:17+00:00\" \/>\n<meta property=\"og:image\" content=\"https:\/\/www.superbancos.gob.ec\/bancos\/wp-content\/uploads\/2019\/07\/WhatsApp-Image-2019-07-16-at-7.09.00-PM.jpeg\" \/>\n\t<meta property=\"og:image:width\" content=\"1280\" \/>\n\t<meta property=\"og:image:height\" content=\"853\" \/>\n\t<meta property=\"og:image:type\" content=\"image\/jpeg\" \/>\n<meta name=\"author\" content=\"Diego Buendia\" \/>\n<meta name=\"twitter:card\" content=\"summary_large_image\" \/>\n<script type=\"application\/ld+json\" class=\"yoast-schema-graph\">{\"@context\":\"https:\/\/schema.org\",\"@graph\":[{\"@type\":\"Article\",\"@id\":\"https:\/\/www.superbancos.gob.ec\/bancos\/se-inicia-en-guayaquil-reunion-anual-de-las-asambleas-de-gobernadores-del-bid\/#article\",\"isPartOf\":{\"@id\":\"https:\/\/www.superbancos.gob.ec\/bancos\/se-inicia-en-guayaquil-reunion-anual-de-las-asambleas-de-gobernadores-del-bid\/\"},\"author\":{\"name\":\"Diego Buendia\",\"@id\":\"https:\/\/www.superbancos.gob.ec\/bancos\/#\/schema\/person\/c12770f5145f3723f3aa20c0aafac282\"},\"headline\":\"Se inicia en Guayaquil Reuni\u00f3n Anual de las Asambleas de Gobernadores del BID\",\"datePublished\":\"2019-07-17T02:27:47+00:00\",\"dateModified\":\"2021-11-25T16:48:17+00:00\",\"mainEntityOfPage\":{\"@id\":\"https:\/\/www.superbancos.gob.ec\/bancos\/se-inicia-en-guayaquil-reunion-anual-de-las-asambleas-de-gobernadores-del-bid\/\"},\"wordCount\":277,\"publisher\":{\"@id\":\"https:\/\/www.superbancos.gob.ec\/bancos\/#organization\"},\"image\":{\"@id\":\"https:\/\/www.superbancos.gob.ec\/bancos\/se-inicia-en-guayaquil-reunion-anual-de-las-asambleas-de-gobernadores-del-bid\/#primaryimage\"},\"thumbnailUrl\":\"https:\/\/www.superbancos.gob.ec\/bancos\/wp-content\/uploads\/2019\/07\/WhatsApp-Image-2019-07-16-at-7.09.00-PM.jpeg\",\"articleSection\":[\"Bolet\u00edn de prensa\",\"Noticias\",\"Noticias Destacadas\"],\"inLanguage\":\"es\"},{\"@type\":\"WebPage\",\"@id\":\"https:\/\/www.superbancos.gob.ec\/bancos\/se-inicia-en-guayaquil-reunion-anual-de-las-asambleas-de-gobernadores-del-bid\/\",\"url\":\"https:\/\/www.superbancos.gob.ec\/bancos\/se-inicia-en-guayaquil-reunion-anual-de-las-asambleas-de-gobernadores-del-bid\/\",\"name\":\"Se inicia en Guayaquil Reuni\u00f3n Anual de las Asambleas de Gobernadores del BID - Superintendencia de Bancos\",\"isPartOf\":{\"@id\":\"https:\/\/www.superbancos.gob.ec\/bancos\/#website\"},\"primaryImageOfPage\":{\"@id\":\"https:\/\/www.superbancos.gob.ec\/bancos\/se-inicia-en-guayaquil-reunion-anual-de-las-asambleas-de-gobernadores-del-bid\/#primaryimage\"},\"image\":{\"@id\":\"https:\/\/www.superbancos.gob.ec\/bancos\/se-inicia-en-guayaquil-reunion-anual-de-las-asambleas-de-gobernadores-del-bid\/#primaryimage\"},\"thumbnailUrl\":\"https:\/\/www.superbancos.gob.ec\/bancos\/wp-content\/uploads\/2019\/07\/WhatsApp-Image-2019-07-16-at-7.09.00-PM.jpeg\",\"datePublished\":\"2019-07-17T02:27:47+00:00\",\"dateModified\":\"2021-11-25T16:48:17+00:00\",\"breadcrumb\":{\"@id\":\"https:\/\/www.superbancos.gob.ec\/bancos\/se-inicia-en-guayaquil-reunion-anual-de-las-asambleas-de-gobernadores-del-bid\/#breadcrumb\"},\"inLanguage\":\"es\",\"potentialAction\":[{\"@type\":\"ReadAction\",\"target\":[\"https:\/\/www.superbancos.gob.ec\/bancos\/se-inicia-en-guayaquil-reunion-anual-de-las-asambleas-de-gobernadores-del-bid\/\"]}]},{\"@type\":\"ImageObject\",\"inLanguage\":\"es\",\"@id\":\"https:\/\/www.superbancos.gob.ec\/bancos\/se-inicia-en-guayaquil-reunion-anual-de-las-asambleas-de-gobernadores-del-bid\/#primaryimage\",\"url\":\"https:\/\/www.superbancos.gob.ec\/bancos\/wp-content\/uploads\/2019\/07\/WhatsApp-Image-2019-07-16-at-7.09.00-PM.jpeg\",\"contentUrl\":\"https:\/\/www.superbancos.gob.ec\/bancos\/wp-content\/uploads\/2019\/07\/WhatsApp-Image-2019-07-16-at-7.09.00-PM.jpeg\",\"width\":1280,\"height\":853},{\"@type\":\"BreadcrumbList\",\"@id\":\"https:\/\/www.superbancos.gob.ec\/bancos\/se-inicia-en-guayaquil-reunion-anual-de-las-asambleas-de-gobernadores-del-bid\/#breadcrumb\",\"itemListElement\":[{\"@type\":\"ListItem\",\"position\":1,\"name\":\"Portada\",\"item\":\"https:\/\/www.superbancos.gob.ec\/bancos\/\"},{\"@type\":\"ListItem\",\"position\":2,\"name\":\"Se inicia en Guayaquil Reuni\u00f3n Anual de las Asambleas de Gobernadores del BID\"}]},{\"@type\":\"WebSite\",\"@id\":\"https:\/\/www.superbancos.gob.ec\/bancos\/#website\",\"url\":\"https:\/\/www.superbancos.gob.ec\/bancos\/\",\"name\":\"Superintendencia de Bancos\",\"description\":\"Organo de Control del Sistema Financiero Ecuatoriano.\",\"publisher\":{\"@id\":\"https:\/\/www.superbancos.gob.ec\/bancos\/#organization\"},\"alternateName\":\"Super de Bancos\",\"potentialAction\":[{\"@type\":\"SearchAction\",\"target\":{\"@type\":\"EntryPoint\",\"urlTemplate\":\"https:\/\/www.superbancos.gob.ec\/bancos\/?s={search_term_string}\"},\"query-input\":{\"@type\":\"PropertyValueSpecification\",\"valueRequired\":true,\"valueName\":\"search_term_string\"}}],\"inLanguage\":\"es\"},{\"@type\":\"Organization\",\"@id\":\"https:\/\/www.superbancos.gob.ec\/bancos\/#organization\",\"name\":\"Superintendencia de Bancos\",\"url\":\"https:\/\/www.superbancos.gob.ec\/bancos\/\",\"logo\":{\"@type\":\"ImageObject\",\"inLanguage\":\"es\",\"@id\":\"https:\/\/www.superbancos.gob.ec\/bancos\/#\/schema\/logo\/image\/\",\"url\":\"https:\/\/www.superbancos.gob.ec\/bancos\/wp-content\/uploads\/2022\/09\/Logo_Super.png\",\"contentUrl\":\"https:\/\/www.superbancos.gob.ec\/bancos\/wp-content\/uploads\/2022\/09\/Logo_Super.png\",\"width\":340,\"height\":92,\"caption\":\"Superintendencia de Bancos\"},\"image\":{\"@id\":\"https:\/\/www.superbancos.gob.ec\/bancos\/#\/schema\/logo\/image\/\"}},{\"@type\":\"Person\",\"@id\":\"https:\/\/www.superbancos.gob.ec\/bancos\/#\/schema\/person\/c12770f5145f3723f3aa20c0aafac282\",\"name\":\"Diego Buendia\",\"image\":{\"@type\":\"ImageObject\",\"inLanguage\":\"es\",\"@id\":\"https:\/\/www.superbancos.gob.ec\/bancos\/#\/schema\/person\/image\/\",\"url\":\"https:\/\/secure.gravatar.com\/avatar\/f2dcb31e604664a7d81f71d8260b45eb?s=96&d=mm&r=g\",\"contentUrl\":\"https:\/\/secure.gravatar.com\/avatar\/f2dcb31e604664a7d81f71d8260b45eb?s=96&d=mm&r=g\",\"caption\":\"Diego Buendia\"},\"url\":\"https:\/\/www.superbancos.gob.ec\/bancos\/author\/dbuendia\/\"}]}<\/script>\n<!-- \/ Yoast SEO plugin. -->","yoast_head_json":{"title":"Se inicia en Guayaquil Reuni\u00f3n Anual de las Asambleas de Gobernadores del BID - Superintendencia de Bancos","robots":{"index":"index","follow":"follow","max-snippet":"max-snippet:-1","max-image-preview":"max-image-preview:large","max-video-preview":"max-video-preview:-1"},"canonical":"https:\/\/www.superbancos.gob.ec\/bancos\/se-inicia-en-guayaquil-reunion-anual-de-las-asambleas-de-gobernadores-del-bid\/","og_locale":"es_ES","og_type":"article","og_title":"Se inicia en Guayaquil Reuni\u00f3n Anual de las Asambleas de Gobernadores del BID - Superintendencia de Bancos","og_description":"Este martes 16 de julio se inaugur\u00f3, en Guayaquil, la Reuni\u00f3n Anual de las Asambleas de Gobernadores del Banco Interamericano de Desarrollo, BID, evento que se realiza en el Ecuador despu\u00e9s de 47 a\u00f1os. La ceremonia inaugural estuvo presidida por el mandatario ecuatoriano, Len\u00edn Moreno; la vicepresidenta de Colombia, Martha Luc\u00eda Ram\u00edrez; y el presidente [&hellip;]","og_url":"https:\/\/www.superbancos.gob.ec\/bancos\/se-inicia-en-guayaquil-reunion-anual-de-las-asambleas-de-gobernadores-del-bid\/","og_site_name":"Superintendencia de Bancos","article_published_time":"2019-07-17T02:27:47+00:00","article_modified_time":"2021-11-25T16:48:17+00:00","og_image":[{"width":1280,"height":853,"url":"https:\/\/www.superbancos.gob.ec\/bancos\/wp-content\/uploads\/2019\/07\/WhatsApp-Image-2019-07-16-at-7.09.00-PM.jpeg","type":"image\/jpeg"}],"author":"Diego Buendia","twitter_card":"summary_large_image","schema":{"@context":"https:\/\/schema.org","@graph":[{"@type":"Article","@id":"https:\/\/www.superbancos.gob.ec\/bancos\/se-inicia-en-guayaquil-reunion-anual-de-las-asambleas-de-gobernadores-del-bid\/#article","isPartOf":{"@id":"https:\/\/www.superbancos.gob.ec\/bancos\/se-inicia-en-guayaquil-reunion-anual-de-las-asambleas-de-gobernadores-del-bid\/"},"author":{"name":"Diego Buendia","@id":"https:\/\/www.superbancos.gob.ec\/bancos\/#\/schema\/person\/c12770f5145f3723f3aa20c0aafac282"},"headline":"Se inicia en Guayaquil Reuni\u00f3n Anual de las Asambleas de Gobernadores del BID","datePublished":"2019-07-17T02:27:47+00:00","dateModified":"2021-11-25T16:48:17+00:00","mainEntityOfPage":{"@id":"https:\/\/www.superbancos.gob.ec\/bancos\/se-inicia-en-guayaquil-reunion-anual-de-las-asambleas-de-gobernadores-del-bid\/"},"wordCount":277,"publisher":{"@id":"https:\/\/www.superbancos.gob.ec\/bancos\/#organization"},"image":{"@id":"https:\/\/www.superbancos.gob.ec\/bancos\/se-inicia-en-guayaquil-reunion-anual-de-las-asambleas-de-gobernadores-del-bid\/#primaryimage"},"thumbnailUrl":"https:\/\/www.superbancos.gob.ec\/bancos\/wp-content\/uploads\/2019\/07\/WhatsApp-Image-2019-07-16-at-7.09.00-PM.jpeg","articleSection":["Bolet\u00edn de prensa","Noticias","Noticias Destacadas"],"inLanguage":"es"},{"@type":"WebPage","@id":"https:\/\/www.superbancos.gob.ec\/bancos\/se-inicia-en-guayaquil-reunion-anual-de-las-asambleas-de-gobernadores-del-bid\/","url":"https:\/\/www.superbancos.gob.ec\/bancos\/se-inicia-en-guayaquil-reunion-anual-de-las-asambleas-de-gobernadores-del-bid\/","name":"Se inicia en Guayaquil Reuni\u00f3n Anual de las Asambleas de Gobernadores del BID - Superintendencia de Bancos","isPartOf":{"@id":"https:\/\/www.superbancos.gob.ec\/bancos\/#website"},"primaryImageOfPage":{"@id":"https:\/\/www.superbancos.gob.ec\/bancos\/se-inicia-en-guayaquil-reunion-anual-de-las-asambleas-de-gobernadores-del-bid\/#primaryimage"},"image":{"@id":"https:\/\/www.superbancos.gob.ec\/bancos\/se-inicia-en-guayaquil-reunion-anual-de-las-asambleas-de-gobernadores-del-bid\/#primaryimage"},"thumbnailUrl":"https:\/\/www.superbancos.gob.ec\/bancos\/wp-content\/uploads\/2019\/07\/WhatsApp-Image-2019-07-16-at-7.09.00-PM.jpeg","datePublished":"2019-07-17T02:27:47+00:00","dateModified":"2021-11-25T16:48:17+00:00","breadcrumb":{"@id":"https:\/\/www.superbancos.gob.ec\/bancos\/se-inicia-en-guayaquil-reunion-anual-de-las-asambleas-de-gobernadores-del-bid\/#breadcrumb"},"inLanguage":"es","potentialAction":[{"@type":"ReadAction","target":["https:\/\/www.superbancos.gob.ec\/bancos\/se-inicia-en-guayaquil-reunion-anual-de-las-asambleas-de-gobernadores-del-bid\/"]}]},{"@type":"ImageObject","inLanguage":"es","@id":"https:\/\/www.superbancos.gob.ec\/bancos\/se-inicia-en-guayaquil-reunion-anual-de-las-asambleas-de-gobernadores-del-bid\/#primaryimage","url":"https:\/\/www.superbancos.gob.ec\/bancos\/wp-content\/uploads\/2019\/07\/WhatsApp-Image-2019-07-16-at-7.09.00-PM.jpeg","contentUrl":"https:\/\/www.superbancos.gob.ec\/bancos\/wp-content\/uploads\/2019\/07\/WhatsApp-Image-2019-07-16-at-7.09.00-PM.jpeg","width":1280,"height":853},{"@type":"BreadcrumbList","@id":"https:\/\/www.superbancos.gob.ec\/bancos\/se-inicia-en-guayaquil-reunion-anual-de-las-asambleas-de-gobernadores-del-bid\/#breadcrumb","itemListElement":[{"@type":"ListItem","position":1,"name":"Portada","item":"https:\/\/www.superbancos.gob.ec\/bancos\/"},{"@type":"ListItem","position":2,"name":"Se inicia en Guayaquil Reuni\u00f3n Anual de las Asambleas de Gobernadores del BID"}]},{"@type":"WebSite","@id":"https:\/\/www.superbancos.gob.ec\/bancos\/#website","url":"https:\/\/www.superbancos.gob.ec\/bancos\/","name":"Superintendencia de Bancos","description":"Organo de Control del Sistema Financiero Ecuatoriano.","publisher":{"@id":"https:\/\/www.superbancos.gob.ec\/bancos\/#organization"},"alternateName":"Super de Bancos","potentialAction":[{"@type":"SearchAction","target":{"@type":"EntryPoint","urlTemplate":"https:\/\/www.superbancos.gob.ec\/bancos\/?s={search_term_string}"},"query-input":{"@type":"PropertyValueSpecification","valueRequired":true,"valueName":"search_term_string"}}],"inLanguage":"es"},{"@type":"Organization","@id":"https:\/\/www.superbancos.gob.ec\/bancos\/#organization","name":"Superintendencia de Bancos","url":"https:\/\/www.superbancos.gob.ec\/bancos\/","logo":{"@type":"ImageObject","inLanguage":"es","@id":"https:\/\/www.superbancos.gob.ec\/bancos\/#\/schema\/logo\/image\/","url":"https:\/\/www.superbancos.gob.ec\/bancos\/wp-content\/uploads\/2022\/09\/Logo_Super.png","contentUrl":"https:\/\/www.superbancos.gob.ec\/bancos\/wp-content\/uploads\/2022\/09\/Logo_Super.png","width":340,"height":92,"caption":"Superintendencia de Bancos"},"image":{"@id":"https:\/\/www.superbancos.gob.ec\/bancos\/#\/schema\/logo\/image\/"}},{"@type":"Person","@id":"https:\/\/www.superbancos.gob.ec\/bancos\/#\/schema\/person\/c12770f5145f3723f3aa20c0aafac282","name":"Diego Buendia","image":{"@type":"ImageObject","inLanguage":"es","@id":"https:\/\/www.superbancos.gob.ec\/bancos\/#\/schema\/person\/image\/","url":"https:\/\/secure.gravatar.com\/avatar\/f2dcb31e604664a7d81f71d8260b45eb?s=96&d=mm&r=g","contentUrl":"https:\/\/secure.gravatar.com\/avatar\/f2dcb31e604664a7d81f71d8260b45eb?s=96&d=mm&r=g","caption":"Diego Buendia"},"url":"https:\/\/www.superbancos.gob.ec\/bancos\/author\/dbuendia\/"}]}},"_links":{"self":[{"href":"https:\/\/www.superbancos.gob.ec\/bancos\/wp-json\/wp\/v2\/posts\/7774"}],"collection":[{"href":"https:\/\/www.superbancos.gob.ec\/bancos\/wp-json\/wp\/v2\/posts"}],"about":[{"href":"https:\/\/www.superbancos.gob.ec\/bancos\/wp-json\/wp\/v2\/types\/post"}],"author":[{"embeddable":true,"href":"https:\/\/www.superbancos.gob.ec\/bancos\/wp-json\/wp\/v2\/users\/3"}],"replies":[{"embeddable":true,"href":"https:\/\/www.superbancos.gob.ec\/bancos\/wp-json\/wp\/v2\/comments?post=7774"}],"version-history":[{"count":4,"href":"https:\/\/www.superbancos.gob.ec\/bancos\/wp-json\/wp\/v2\/posts\/7774\/revisions"}],"predecessor-version":[{"id":13814,"href":"https:\/\/www.superbancos.gob.ec\/bancos\/wp-json\/wp\/v2\/posts\/7774\/revisions\/13814"}],"wp:featuredmedia":[{"embeddable":true,"href":"https:\/\/www.superbancos.gob.ec\/bancos\/wp-json\/wp\/v2\/media\/7776"}],"wp:attachment":[{"href":"https:\/\/www.superbancos.gob.ec\/bancos\/wp-json\/wp\/v2\/media?parent=7774"}],"wp:term":[{"taxonomy":"category","embeddable":true,"href":"https:\/\/www.superbancos.gob.ec\/bancos\/wp-json\/wp\/v2\/categories?post=7774"},{"taxonomy":"post_tag","embeddable":true,"href":"https:\/\/www.superbancos.gob.ec\/bancos\/wp-json\/wp\/v2\/tags?post=7774"}],"curies":[{"name":"wp","href":"https:\/\/api.w.org\/{rel}","templated":true}]}}