{"id":7827,"date":"2019-07-24T10:02:07","date_gmt":"2019-07-24T15:02:07","guid":{"rendered":"https:\/\/www.superbancos.gob.ec\/bancos\/?p=7827"},"modified":"2021-11-25T11:46:46","modified_gmt":"2021-11-25T16:46:46","slug":"gran-acogida-en-foro-la-banca-una-vision-de-futuro-estabilidad-financiera-inclusion-y-desarrollo-2","status":"publish","type":"post","link":"https:\/\/www.superbancos.gob.ec\/bancos\/gran-acogida-en-foro-la-banca-una-vision-de-futuro-estabilidad-financiera-inclusion-y-desarrollo-2\/","title":{"rendered":"Gran acogida en Foro \u201cLa Banca una Visi\u00f3n de Futuro, Estabilidad Financiera, Inclusi\u00f3n y Desarrollo\u201d"},"content":{"rendered":"<p>Con auditorio lleno, se desarroll\u00f3 este jueves 18 de julio, en el Centro de Convenciones de la Universidad Esp\u00edritu Santo, el Foro <strong>\u201cLA BANCA UNA VISI\u00d3N DE FUTURO, ESTABILIDAD FINANCIERA, INCLUSI\u00d3N Y DESARROLLO\u201d<\/strong>, en el marco de las actividades paralelas de la Reuni\u00f3n Anual de las Asambleas de Gobernadores del Banco Interamericano de Desarrollo BID, en Guayaquil.<\/p>\n<p>El Director de la Escuela de Post Grado en Ciencias de la Empresa de la UEES, Alberto Dahik Garzozi, dio la apertura del evento.<\/p>\n<p>La primera conferencia magistral estuvo a cargo de Liliana Rojas-Su\u00e1rez, del Centro para el Desarrollo Global, quien disert\u00f3 sobre el tema: <strong>\u201cBasilea III en Mercados Emergentes, Camino a la Solvencia\u201d<\/strong>.<\/p>\n<p>A su criterio, una buena evaluaci\u00f3n es lo primero que se requiere para saber qu\u00e9 regulaci\u00f3n aplicar y el orden adecuado, al tiempo de opinar que las regulaciones m\u00e1s sofisticadas, sin principios b\u00e1sicos, son m\u00e1s f\u00e1ciles de evadir.<\/p>\n<p>La conferencia fue moderada por Gina Montiel, Directora Ejecutiva del BID; y analizada por Eric Parrado, Economista en Jefe del BID; Rosa Matilde Guerrero, Directora Ejecutiva del BID; y Ruth Arregui, Superintendenta de Bancos.<\/p>\n<p>La m\u00e1xima autoridad de la Superintendencia de Bancos coment\u00f3 que es necesaria una reforma integral de consenso de la legislaci\u00f3n, que atienda las necesidades de todo el sector financiero, y que se cree el Consejo de Estabilidad Financiera para una adecuada macro supervisi\u00f3n.<\/p>\n<p>Rosa Matilde Guerrero destac\u00f3 los esfuerzos del sector financiero para mantener la estabilidad y destac\u00f3 que una econom\u00eda dolarizada debe significar abrir las puertas a la atracci\u00f3n de la banca internacional.<\/p>\n<p>James P. Scriven, Gerente General del BID-Invest, expuso la segunda conferencia magistral sobre \u201cLa Banca Privada Inclusiva, Una Visi\u00f3n de Futuro\u201d. El reconocido expositor resalt\u00f3 que una verdadera inclusi\u00f3n financiera es el acceso y uso de los productos y servicios a un precio apropiado.<\/p>\n<p>Como aporte del BID Invest para el desarrollo y la inclusi\u00f3n, destac\u00f3 que ofrece productos a sectores que no cuentan con financiamiento como el caso proyectos tur\u00edsticos.<\/p>\n<p>Esta conferencia fue moderada por Alex Foxley, Director Ejecutivo del BID, y comentada por Irene Arias, Gerente General de BID LAB; V\u00edctor Anchundia Places, Superintendente de Compa\u00f1\u00edas Valores y Seguros; Augusto de la Torre, Profesor en Columbia University, Director CIE-UDLA; y \u00c1ngelo Caputi, Presidente Ejecutivo del Banco Guayaquil, en representaci\u00f3n de la Asociaci\u00f3n de Bancos del Ecuador, ASOBANCA.<\/p>\n<p>Foxley opin\u00f3 que en la actualidad la tecnolog\u00eda puede transformar la vida de la poblaci\u00f3n en el campo de la inclusi\u00f3n financiera, al tiempo de resaltar la importancia de las reflexiones hechas en el foro sobre el futuro del sistema bancario y su regulaci\u00f3n.<\/p>\n<p>El foro fue clausurado por Carlos Ortega, Canciller de la UESS.<\/p>\n<p>Mira las conferencias magistrales en nuestro canal de Youtube:\u00a0<a href=\"https:\/\/www.youtube.com\/user\/superbancosec\" target=\"_blank\" rel=\"noopener\">https:\/\/www.youtube.com\/user\/superbancosec<\/a><\/p>\n<p><em><strong>Quito, 24 julio 2019<\/strong><\/em><\/p>\n","protected":false},"excerpt":{"rendered":"<p>Con auditorio lleno, se desarroll\u00f3 este jueves 18 de julio, en el Centro de Convenciones de la Universidad Esp\u00edritu Santo, el Foro \u201cLA BANCA UNA VISI\u00d3N DE FUTURO, ESTABILIDAD FINANCIERA, INCLUSI\u00d3N Y DESARROLLO\u201d, en el marco de las actividades paralelas de la Reuni\u00f3n Anual de las Asambleas de Gobernadores del Banco Interamericano de Desarrollo BID, [&hellip;]<\/p>\n","protected":false},"author":3,"featured_media":7791,"comment_status":"closed","ping_status":"open","sticky":false,"template":"","format":"standard","meta":{"footnotes":""},"categories":[114,5,6],"tags":[],"class_list":["post-7827","post","type-post","status-publish","format-standard","has-post-thumbnail","hentry","category-boletin-de-prensa","category-noticias","category-noticias-destacadas"],"yoast_head":"<!-- This site is optimized with the Yoast SEO plugin v25.4 - https:\/\/yoast.com\/wordpress\/plugins\/seo\/ -->\n<title>Gran acogida en Foro \u201cLa Banca una Visi\u00f3n de Futuro, Estabilidad Financiera, Inclusi\u00f3n y Desarrollo\u201d - Superintendencia de Bancos<\/title>\n<meta name=\"robots\" content=\"index, follow, max-snippet:-1, max-image-preview:large, max-video-preview:-1\" \/>\n<link rel=\"canonical\" href=\"https:\/\/www.superbancos.gob.ec\/bancos\/gran-acogida-en-foro-la-banca-una-vision-de-futuro-estabilidad-financiera-inclusion-y-desarrollo-2\/\" \/>\n<meta property=\"og:locale\" content=\"es_ES\" \/>\n<meta property=\"og:type\" content=\"article\" \/>\n<meta property=\"og:title\" content=\"Gran acogida en Foro \u201cLa Banca una Visi\u00f3n de Futuro, Estabilidad Financiera, Inclusi\u00f3n y Desarrollo\u201d - Superintendencia de Bancos\" \/>\n<meta property=\"og:description\" content=\"Con auditorio lleno, se desarroll\u00f3 este jueves 18 de julio, en el Centro de Convenciones de la Universidad Esp\u00edritu Santo, el Foro \u201cLA BANCA UNA VISI\u00d3N DE FUTURO, ESTABILIDAD FINANCIERA, INCLUSI\u00d3N Y DESARROLLO\u201d, en el marco de las actividades paralelas de la Reuni\u00f3n Anual de las Asambleas de Gobernadores del Banco Interamericano de Desarrollo BID, [&hellip;]\" \/>\n<meta property=\"og:url\" content=\"https:\/\/www.superbancos.gob.ec\/bancos\/gran-acogida-en-foro-la-banca-una-vision-de-futuro-estabilidad-financiera-inclusion-y-desarrollo-2\/\" \/>\n<meta property=\"og:site_name\" content=\"Superintendencia de Bancos\" \/>\n<meta property=\"article:published_time\" content=\"2019-07-24T15:02:07+00:00\" \/>\n<meta property=\"article:modified_time\" content=\"2021-11-25T16:46:46+00:00\" \/>\n<meta property=\"og:image\" content=\"https:\/\/www.superbancos.gob.ec\/bancos\/wp-content\/uploads\/2019\/07\/fin-foro-guayauqil.jpeg\" \/>\n\t<meta property=\"og:image:width\" content=\"1280\" \/>\n\t<meta property=\"og:image:height\" content=\"853\" \/>\n\t<meta property=\"og:image:type\" content=\"image\/jpeg\" \/>\n<meta name=\"author\" content=\"Diego Buendia\" \/>\n<meta name=\"twitter:card\" content=\"summary_large_image\" \/>\n<script type=\"application\/ld+json\" class=\"yoast-schema-graph\">{\"@context\":\"https:\/\/schema.org\",\"@graph\":[{\"@type\":\"Article\",\"@id\":\"https:\/\/www.superbancos.gob.ec\/bancos\/gran-acogida-en-foro-la-banca-una-vision-de-futuro-estabilidad-financiera-inclusion-y-desarrollo-2\/#article\",\"isPartOf\":{\"@id\":\"https:\/\/www.superbancos.gob.ec\/bancos\/gran-acogida-en-foro-la-banca-una-vision-de-futuro-estabilidad-financiera-inclusion-y-desarrollo-2\/\"},\"author\":{\"name\":\"Diego Buendia\",\"@id\":\"https:\/\/www.superbancos.gob.ec\/bancos\/#\/schema\/person\/c12770f5145f3723f3aa20c0aafac282\"},\"headline\":\"Gran acogida en Foro \u201cLa Banca una Visi\u00f3n de Futuro, Estabilidad Financiera, Inclusi\u00f3n y Desarrollo\u201d\",\"datePublished\":\"2019-07-24T15:02:07+00:00\",\"dateModified\":\"2021-11-25T16:46:46+00:00\",\"mainEntityOfPage\":{\"@id\":\"https:\/\/www.superbancos.gob.ec\/bancos\/gran-acogida-en-foro-la-banca-una-vision-de-futuro-estabilidad-financiera-inclusion-y-desarrollo-2\/\"},\"wordCount\":502,\"publisher\":{\"@id\":\"https:\/\/www.superbancos.gob.ec\/bancos\/#organization\"},\"image\":{\"@id\":\"https:\/\/www.superbancos.gob.ec\/bancos\/gran-acogida-en-foro-la-banca-una-vision-de-futuro-estabilidad-financiera-inclusion-y-desarrollo-2\/#primaryimage\"},\"thumbnailUrl\":\"https:\/\/www.superbancos.gob.ec\/bancos\/wp-content\/uploads\/2019\/07\/fin-foro-guayauqil.jpeg\",\"articleSection\":[\"Bolet\u00edn de prensa\",\"Noticias\",\"Noticias Destacadas\"],\"inLanguage\":\"es\"},{\"@type\":\"WebPage\",\"@id\":\"https:\/\/www.superbancos.gob.ec\/bancos\/gran-acogida-en-foro-la-banca-una-vision-de-futuro-estabilidad-financiera-inclusion-y-desarrollo-2\/\",\"url\":\"https:\/\/www.superbancos.gob.ec\/bancos\/gran-acogida-en-foro-la-banca-una-vision-de-futuro-estabilidad-financiera-inclusion-y-desarrollo-2\/\",\"name\":\"Gran acogida en Foro \u201cLa Banca una Visi\u00f3n de Futuro, Estabilidad Financiera, Inclusi\u00f3n y Desarrollo\u201d - Superintendencia de Bancos\",\"isPartOf\":{\"@id\":\"https:\/\/www.superbancos.gob.ec\/bancos\/#website\"},\"primaryImageOfPage\":{\"@id\":\"https:\/\/www.superbancos.gob.ec\/bancos\/gran-acogida-en-foro-la-banca-una-vision-de-futuro-estabilidad-financiera-inclusion-y-desarrollo-2\/#primaryimage\"},\"image\":{\"@id\":\"https:\/\/www.superbancos.gob.ec\/bancos\/gran-acogida-en-foro-la-banca-una-vision-de-futuro-estabilidad-financiera-inclusion-y-desarrollo-2\/#primaryimage\"},\"thumbnailUrl\":\"https:\/\/www.superbancos.gob.ec\/bancos\/wp-content\/uploads\/2019\/07\/fin-foro-guayauqil.jpeg\",\"datePublished\":\"2019-07-24T15:02:07+00:00\",\"dateModified\":\"2021-11-25T16:46:46+00:00\",\"breadcrumb\":{\"@id\":\"https:\/\/www.superbancos.gob.ec\/bancos\/gran-acogida-en-foro-la-banca-una-vision-de-futuro-estabilidad-financiera-inclusion-y-desarrollo-2\/#breadcrumb\"},\"inLanguage\":\"es\",\"potentialAction\":[{\"@type\":\"ReadAction\",\"target\":[\"https:\/\/www.superbancos.gob.ec\/bancos\/gran-acogida-en-foro-la-banca-una-vision-de-futuro-estabilidad-financiera-inclusion-y-desarrollo-2\/\"]}]},{\"@type\":\"ImageObject\",\"inLanguage\":\"es\",\"@id\":\"https:\/\/www.superbancos.gob.ec\/bancos\/gran-acogida-en-foro-la-banca-una-vision-de-futuro-estabilidad-financiera-inclusion-y-desarrollo-2\/#primaryimage\",\"url\":\"https:\/\/www.superbancos.gob.ec\/bancos\/wp-content\/uploads\/2019\/07\/fin-foro-guayauqil.jpeg\",\"contentUrl\":\"https:\/\/www.superbancos.gob.ec\/bancos\/wp-content\/uploads\/2019\/07\/fin-foro-guayauqil.jpeg\",\"width\":1280,\"height\":853},{\"@type\":\"BreadcrumbList\",\"@id\":\"https:\/\/www.superbancos.gob.ec\/bancos\/gran-acogida-en-foro-la-banca-una-vision-de-futuro-estabilidad-financiera-inclusion-y-desarrollo-2\/#breadcrumb\",\"itemListElement\":[{\"@type\":\"ListItem\",\"position\":1,\"name\":\"Portada\",\"item\":\"https:\/\/www.superbancos.gob.ec\/bancos\/\"},{\"@type\":\"ListItem\",\"position\":2,\"name\":\"Gran acogida en Foro \u201cLa Banca una Visi\u00f3n de Futuro, Estabilidad Financiera, Inclusi\u00f3n y Desarrollo\u201d\"}]},{\"@type\":\"WebSite\",\"@id\":\"https:\/\/www.superbancos.gob.ec\/bancos\/#website\",\"url\":\"https:\/\/www.superbancos.gob.ec\/bancos\/\",\"name\":\"Superintendencia de Bancos\",\"description\":\"Organo de Control del Sistema Financiero Ecuatoriano.\",\"publisher\":{\"@id\":\"https:\/\/www.superbancos.gob.ec\/bancos\/#organization\"},\"alternateName\":\"Super de Bancos\",\"potentialAction\":[{\"@type\":\"SearchAction\",\"target\":{\"@type\":\"EntryPoint\",\"urlTemplate\":\"https:\/\/www.superbancos.gob.ec\/bancos\/?s={search_term_string}\"},\"query-input\":{\"@type\":\"PropertyValueSpecification\",\"valueRequired\":true,\"valueName\":\"search_term_string\"}}],\"inLanguage\":\"es\"},{\"@type\":\"Organization\",\"@id\":\"https:\/\/www.superbancos.gob.ec\/bancos\/#organization\",\"name\":\"Superintendencia de Bancos\",\"url\":\"https:\/\/www.superbancos.gob.ec\/bancos\/\",\"logo\":{\"@type\":\"ImageObject\",\"inLanguage\":\"es\",\"@id\":\"https:\/\/www.superbancos.gob.ec\/bancos\/#\/schema\/logo\/image\/\",\"url\":\"https:\/\/www.superbancos.gob.ec\/bancos\/wp-content\/uploads\/2022\/09\/Logo_Super.png\",\"contentUrl\":\"https:\/\/www.superbancos.gob.ec\/bancos\/wp-content\/uploads\/2022\/09\/Logo_Super.png\",\"width\":340,\"height\":92,\"caption\":\"Superintendencia de Bancos\"},\"image\":{\"@id\":\"https:\/\/www.superbancos.gob.ec\/bancos\/#\/schema\/logo\/image\/\"}},{\"@type\":\"Person\",\"@id\":\"https:\/\/www.superbancos.gob.ec\/bancos\/#\/schema\/person\/c12770f5145f3723f3aa20c0aafac282\",\"name\":\"Diego Buendia\",\"image\":{\"@type\":\"ImageObject\",\"inLanguage\":\"es\",\"@id\":\"https:\/\/www.superbancos.gob.ec\/bancos\/#\/schema\/person\/image\/\",\"url\":\"https:\/\/secure.gravatar.com\/avatar\/f2dcb31e604664a7d81f71d8260b45eb?s=96&d=mm&r=g\",\"contentUrl\":\"https:\/\/secure.gravatar.com\/avatar\/f2dcb31e604664a7d81f71d8260b45eb?s=96&d=mm&r=g\",\"caption\":\"Diego Buendia\"},\"url\":\"https:\/\/www.superbancos.gob.ec\/bancos\/author\/dbuendia\/\"}]}<\/script>\n<!-- \/ Yoast SEO plugin. -->","yoast_head_json":{"title":"Gran acogida en Foro \u201cLa Banca una Visi\u00f3n de Futuro, Estabilidad Financiera, Inclusi\u00f3n y Desarrollo\u201d - Superintendencia de Bancos","robots":{"index":"index","follow":"follow","max-snippet":"max-snippet:-1","max-image-preview":"max-image-preview:large","max-video-preview":"max-video-preview:-1"},"canonical":"https:\/\/www.superbancos.gob.ec\/bancos\/gran-acogida-en-foro-la-banca-una-vision-de-futuro-estabilidad-financiera-inclusion-y-desarrollo-2\/","og_locale":"es_ES","og_type":"article","og_title":"Gran acogida en Foro \u201cLa Banca una Visi\u00f3n de Futuro, Estabilidad Financiera, Inclusi\u00f3n y Desarrollo\u201d - Superintendencia de Bancos","og_description":"Con auditorio lleno, se desarroll\u00f3 este jueves 18 de julio, en el Centro de Convenciones de la Universidad Esp\u00edritu Santo, el Foro \u201cLA BANCA UNA VISI\u00d3N DE FUTURO, ESTABILIDAD FINANCIERA, INCLUSI\u00d3N Y DESARROLLO\u201d, en el marco de las actividades paralelas de la Reuni\u00f3n Anual de las Asambleas de Gobernadores del Banco Interamericano de Desarrollo BID, [&hellip;]","og_url":"https:\/\/www.superbancos.gob.ec\/bancos\/gran-acogida-en-foro-la-banca-una-vision-de-futuro-estabilidad-financiera-inclusion-y-desarrollo-2\/","og_site_name":"Superintendencia de Bancos","article_published_time":"2019-07-24T15:02:07+00:00","article_modified_time":"2021-11-25T16:46:46+00:00","og_image":[{"width":1280,"height":853,"url":"https:\/\/www.superbancos.gob.ec\/bancos\/wp-content\/uploads\/2019\/07\/fin-foro-guayauqil.jpeg","type":"image\/jpeg"}],"author":"Diego Buendia","twitter_card":"summary_large_image","schema":{"@context":"https:\/\/schema.org","@graph":[{"@type":"Article","@id":"https:\/\/www.superbancos.gob.ec\/bancos\/gran-acogida-en-foro-la-banca-una-vision-de-futuro-estabilidad-financiera-inclusion-y-desarrollo-2\/#article","isPartOf":{"@id":"https:\/\/www.superbancos.gob.ec\/bancos\/gran-acogida-en-foro-la-banca-una-vision-de-futuro-estabilidad-financiera-inclusion-y-desarrollo-2\/"},"author":{"name":"Diego Buendia","@id":"https:\/\/www.superbancos.gob.ec\/bancos\/#\/schema\/person\/c12770f5145f3723f3aa20c0aafac282"},"headline":"Gran acogida en Foro \u201cLa Banca una Visi\u00f3n de Futuro, Estabilidad Financiera, Inclusi\u00f3n y Desarrollo\u201d","datePublished":"2019-07-24T15:02:07+00:00","dateModified":"2021-11-25T16:46:46+00:00","mainEntityOfPage":{"@id":"https:\/\/www.superbancos.gob.ec\/bancos\/gran-acogida-en-foro-la-banca-una-vision-de-futuro-estabilidad-financiera-inclusion-y-desarrollo-2\/"},"wordCount":502,"publisher":{"@id":"https:\/\/www.superbancos.gob.ec\/bancos\/#organization"},"image":{"@id":"https:\/\/www.superbancos.gob.ec\/bancos\/gran-acogida-en-foro-la-banca-una-vision-de-futuro-estabilidad-financiera-inclusion-y-desarrollo-2\/#primaryimage"},"thumbnailUrl":"https:\/\/www.superbancos.gob.ec\/bancos\/wp-content\/uploads\/2019\/07\/fin-foro-guayauqil.jpeg","articleSection":["Bolet\u00edn de prensa","Noticias","Noticias Destacadas"],"inLanguage":"es"},{"@type":"WebPage","@id":"https:\/\/www.superbancos.gob.ec\/bancos\/gran-acogida-en-foro-la-banca-una-vision-de-futuro-estabilidad-financiera-inclusion-y-desarrollo-2\/","url":"https:\/\/www.superbancos.gob.ec\/bancos\/gran-acogida-en-foro-la-banca-una-vision-de-futuro-estabilidad-financiera-inclusion-y-desarrollo-2\/","name":"Gran acogida en Foro \u201cLa Banca una Visi\u00f3n de Futuro, Estabilidad Financiera, Inclusi\u00f3n y Desarrollo\u201d - Superintendencia de Bancos","isPartOf":{"@id":"https:\/\/www.superbancos.gob.ec\/bancos\/#website"},"primaryImageOfPage":{"@id":"https:\/\/www.superbancos.gob.ec\/bancos\/gran-acogida-en-foro-la-banca-una-vision-de-futuro-estabilidad-financiera-inclusion-y-desarrollo-2\/#primaryimage"},"image":{"@id":"https:\/\/www.superbancos.gob.ec\/bancos\/gran-acogida-en-foro-la-banca-una-vision-de-futuro-estabilidad-financiera-inclusion-y-desarrollo-2\/#primaryimage"},"thumbnailUrl":"https:\/\/www.superbancos.gob.ec\/bancos\/wp-content\/uploads\/2019\/07\/fin-foro-guayauqil.jpeg","datePublished":"2019-07-24T15:02:07+00:00","dateModified":"2021-11-25T16:46:46+00:00","breadcrumb":{"@id":"https:\/\/www.superbancos.gob.ec\/bancos\/gran-acogida-en-foro-la-banca-una-vision-de-futuro-estabilidad-financiera-inclusion-y-desarrollo-2\/#breadcrumb"},"inLanguage":"es","potentialAction":[{"@type":"ReadAction","target":["https:\/\/www.superbancos.gob.ec\/bancos\/gran-acogida-en-foro-la-banca-una-vision-de-futuro-estabilidad-financiera-inclusion-y-desarrollo-2\/"]}]},{"@type":"ImageObject","inLanguage":"es","@id":"https:\/\/www.superbancos.gob.ec\/bancos\/gran-acogida-en-foro-la-banca-una-vision-de-futuro-estabilidad-financiera-inclusion-y-desarrollo-2\/#primaryimage","url":"https:\/\/www.superbancos.gob.ec\/bancos\/wp-content\/uploads\/2019\/07\/fin-foro-guayauqil.jpeg","contentUrl":"https:\/\/www.superbancos.gob.ec\/bancos\/wp-content\/uploads\/2019\/07\/fin-foro-guayauqil.jpeg","width":1280,"height":853},{"@type":"BreadcrumbList","@id":"https:\/\/www.superbancos.gob.ec\/bancos\/gran-acogida-en-foro-la-banca-una-vision-de-futuro-estabilidad-financiera-inclusion-y-desarrollo-2\/#breadcrumb","itemListElement":[{"@type":"ListItem","position":1,"name":"Portada","item":"https:\/\/www.superbancos.gob.ec\/bancos\/"},{"@type":"ListItem","position":2,"name":"Gran acogida en Foro \u201cLa Banca una Visi\u00f3n de Futuro, Estabilidad Financiera, Inclusi\u00f3n y Desarrollo\u201d"}]},{"@type":"WebSite","@id":"https:\/\/www.superbancos.gob.ec\/bancos\/#website","url":"https:\/\/www.superbancos.gob.ec\/bancos\/","name":"Superintendencia de Bancos","description":"Organo de Control del Sistema Financiero Ecuatoriano.","publisher":{"@id":"https:\/\/www.superbancos.gob.ec\/bancos\/#organization"},"alternateName":"Super de Bancos","potentialAction":[{"@type":"SearchAction","target":{"@type":"EntryPoint","urlTemplate":"https:\/\/www.superbancos.gob.ec\/bancos\/?s={search_term_string}"},"query-input":{"@type":"PropertyValueSpecification","valueRequired":true,"valueName":"search_term_string"}}],"inLanguage":"es"},{"@type":"Organization","@id":"https:\/\/www.superbancos.gob.ec\/bancos\/#organization","name":"Superintendencia de Bancos","url":"https:\/\/www.superbancos.gob.ec\/bancos\/","logo":{"@type":"ImageObject","inLanguage":"es","@id":"https:\/\/www.superbancos.gob.ec\/bancos\/#\/schema\/logo\/image\/","url":"https:\/\/www.superbancos.gob.ec\/bancos\/wp-content\/uploads\/2022\/09\/Logo_Super.png","contentUrl":"https:\/\/www.superbancos.gob.ec\/bancos\/wp-content\/uploads\/2022\/09\/Logo_Super.png","width":340,"height":92,"caption":"Superintendencia de Bancos"},"image":{"@id":"https:\/\/www.superbancos.gob.ec\/bancos\/#\/schema\/logo\/image\/"}},{"@type":"Person","@id":"https:\/\/www.superbancos.gob.ec\/bancos\/#\/schema\/person\/c12770f5145f3723f3aa20c0aafac282","name":"Diego Buendia","image":{"@type":"ImageObject","inLanguage":"es","@id":"https:\/\/www.superbancos.gob.ec\/bancos\/#\/schema\/person\/image\/","url":"https:\/\/secure.gravatar.com\/avatar\/f2dcb31e604664a7d81f71d8260b45eb?s=96&d=mm&r=g","contentUrl":"https:\/\/secure.gravatar.com\/avatar\/f2dcb31e604664a7d81f71d8260b45eb?s=96&d=mm&r=g","caption":"Diego Buendia"},"url":"https:\/\/www.superbancos.gob.ec\/bancos\/author\/dbuendia\/"}]}},"_links":{"self":[{"href":"https:\/\/www.superbancos.gob.ec\/bancos\/wp-json\/wp\/v2\/posts\/7827"}],"collection":[{"href":"https:\/\/www.superbancos.gob.ec\/bancos\/wp-json\/wp\/v2\/posts"}],"about":[{"href":"https:\/\/www.superbancos.gob.ec\/bancos\/wp-json\/wp\/v2\/types\/post"}],"author":[{"embeddable":true,"href":"https:\/\/www.superbancos.gob.ec\/bancos\/wp-json\/wp\/v2\/users\/3"}],"replies":[{"embeddable":true,"href":"https:\/\/www.superbancos.gob.ec\/bancos\/wp-json\/wp\/v2\/comments?post=7827"}],"version-history":[{"count":3,"href":"https:\/\/www.superbancos.gob.ec\/bancos\/wp-json\/wp\/v2\/posts\/7827\/revisions"}],"predecessor-version":[{"id":13812,"href":"https:\/\/www.superbancos.gob.ec\/bancos\/wp-json\/wp\/v2\/posts\/7827\/revisions\/13812"}],"wp:featuredmedia":[{"embeddable":true,"href":"https:\/\/www.superbancos.gob.ec\/bancos\/wp-json\/wp\/v2\/media\/7791"}],"wp:attachment":[{"href":"https:\/\/www.superbancos.gob.ec\/bancos\/wp-json\/wp\/v2\/media?parent=7827"}],"wp:term":[{"taxonomy":"category","embeddable":true,"href":"https:\/\/www.superbancos.gob.ec\/bancos\/wp-json\/wp\/v2\/categories?post=7827"},{"taxonomy":"post_tag","embeddable":true,"href":"https:\/\/www.superbancos.gob.ec\/bancos\/wp-json\/wp\/v2\/tags?post=7827"}],"curies":[{"name":"wp","href":"https:\/\/api.w.org\/{rel}","templated":true}]}}