{"id":7885,"date":"2019-08-09T13:45:17","date_gmt":"2019-08-09T18:45:17","guid":{"rendered":"https:\/\/www.superbancos.gob.ec\/bancos\/?p=7885"},"modified":"2021-11-25T11:45:08","modified_gmt":"2021-11-25T16:45:08","slug":"parada-militar-por-210-anos-del-primer-grito-de-independencia","status":"publish","type":"post","link":"https:\/\/www.superbancos.gob.ec\/bancos\/parada-militar-por-210-anos-del-primer-grito-de-independencia\/","title":{"rendered":"Parada Militar por 210 a\u00f1os del Primer Grito de Independencia"},"content":{"rendered":"<p><span data-contrast=\"auto\">La <\/span><span data-contrast=\"auto\">Superintendenta<\/span><span data-contrast=\"auto\"> de Bancos, Ruth Arregui, asisti\u00f3 este viernes 09 de agosto, como invitada especial, a la<\/span><span data-contrast=\"auto\"> Parada Mili<\/span><span data-contrast=\"auto\">tar<\/span><span data-contrast=\"auto\"> realizada en la Tribuna del Sur, en Quito<\/span><span data-contrast=\"auto\">, en conmemoraci\u00f3n <\/span><span data-contrast=\"auto\">de <\/span><span data-contrast=\"auto\">los <\/span><span data-contrast=\"auto\">210 a\u00f1os del Primer G<\/span><span data-contrast=\"auto\">rito de I<\/span><span data-contrast=\"auto\">ndependencia<\/span><span data-contrast=\"auto\">.<\/span><span data-ccp-props=\"{&quot;201341983&quot;:0,&quot;335551550&quot;:6,&quot;335551620&quot;:6,&quot;335559739&quot;:200,&quot;335559740&quot;:276}\">\u00a0<\/span><\/p>\n<p><span data-contrast=\"auto\">La ceremonia castrense cont\u00f3 con la presencia del presidente de la Rep\u00fablica, <\/span><span data-contrast=\"auto\">Len\u00edn<\/span><span data-contrast=\"auto\"> Moreno, ministros de Estado, autoridades de la Funci\u00f3n de Transparencia y Control Social y otras autoridades nacionales y locales.<\/span><span data-ccp-props=\"{&quot;201341983&quot;:0,&quot;335551550&quot;:6,&quot;335551620&quot;:6,&quot;335559739&quot;:200,&quot;335559740&quot;:276}\">\u00a0<\/span><\/p>\n<p><span data-contrast=\"auto\">Miles de ciudadanos se dieron cita para observar<\/span><span data-contrast=\"auto\"> a los <\/span><span data-contrast=\"auto\">1.200<\/span> <span data-contrast=\"auto\">uniformados del Ej\u00e9rcito, la Fuerza A\u00e9rea y la Marina,<\/span><span data-contrast=\"auto\"> quienes<\/span><span data-contrast=\"auto\"> desfilaron acompa\u00f1ados de armamento, veh\u00edculos<\/span><span data-contrast=\"auto\"> militares<\/span><span data-contrast=\"auto\">, tanques de guer<\/span><span data-contrast=\"auto\">ra y equipos t\u00e1cticos<\/span><span data-contrast=\"auto\">, mientras sobrevolaron por el lugar aviones y helic\u00f3pteros.<\/span><span data-ccp-props=\"{&quot;201341983&quot;:0,&quot;335551550&quot;:6,&quot;335551620&quot;:6,&quot;335559739&quot;:200,&quot;335559740&quot;:276}\">\u00a0<\/span><\/p>\n<p><span data-contrast=\"auto\">El 10 de Agosto de 1809 marc\u00f3 el inicio del proceso de Independencia del Ecuador<\/span><span data-contrast=\"auto\"> y fue un hito en la histo<\/span><span data-contrast=\"auto\">ria de la libertad de Am\u00e9rica. <\/span><span data-contrast=\"auto\">La parada militar <\/span><span data-contrast=\"auto\">fue uno de los eventos principales<\/span><span data-contrast=\"auto\"> preparados para conmemorar un a\u00f1o m\u00e1s de la gesta libertaria.<\/span><span data-ccp-props=\"{&quot;201341983&quot;:0,&quot;335551550&quot;:6,&quot;335551620&quot;:6,&quot;335559739&quot;:200,&quot;335559740&quot;:276}\">\u00a0<\/span><\/p>\n<p><em><strong>Quito, 9 agosto 2019<\/strong><\/em><\/p>\n","protected":false},"excerpt":{"rendered":"<p>La Superintendenta de Bancos, Ruth Arregui, asisti\u00f3 este viernes 09 de agosto, como invitada especial, a la Parada Militar realizada en la Tribuna del Sur, en Quito, en conmemoraci\u00f3n de los 210 a\u00f1os del Primer Grito de Independencia.\u00a0 La ceremonia castrense cont\u00f3 con la presencia del presidente de la Rep\u00fablica, Len\u00edn Moreno, ministros de Estado, [&hellip;]<\/p>\n","protected":false},"author":3,"featured_media":7886,"comment_status":"closed","ping_status":"open","sticky":false,"template":"","format":"standard","meta":{"footnotes":""},"categories":[114,5,6],"tags":[],"class_list":["post-7885","post","type-post","status-publish","format-standard","has-post-thumbnail","hentry","category-boletin-de-prensa","category-noticias","category-noticias-destacadas"],"yoast_head":"<!-- This site is optimized with the Yoast SEO plugin v25.4 - https:\/\/yoast.com\/wordpress\/plugins\/seo\/ -->\n<title>Parada Militar por 210 a\u00f1os del Primer Grito de Independencia - Superintendencia de Bancos<\/title>\n<meta name=\"robots\" content=\"index, follow, max-snippet:-1, max-image-preview:large, max-video-preview:-1\" \/>\n<link rel=\"canonical\" href=\"https:\/\/www.superbancos.gob.ec\/bancos\/parada-militar-por-210-anos-del-primer-grito-de-independencia\/\" \/>\n<meta property=\"og:locale\" content=\"es_ES\" \/>\n<meta property=\"og:type\" content=\"article\" \/>\n<meta property=\"og:title\" content=\"Parada Militar por 210 a\u00f1os del Primer Grito de Independencia - Superintendencia de Bancos\" \/>\n<meta property=\"og:description\" content=\"La Superintendenta de Bancos, Ruth Arregui, asisti\u00f3 este viernes 09 de agosto, como invitada especial, a la Parada Militar realizada en la Tribuna del Sur, en Quito, en conmemoraci\u00f3n de los 210 a\u00f1os del Primer Grito de Independencia.\u00a0 La ceremonia castrense cont\u00f3 con la presencia del presidente de la Rep\u00fablica, Len\u00edn Moreno, ministros de Estado, [&hellip;]\" \/>\n<meta property=\"og:url\" content=\"https:\/\/www.superbancos.gob.ec\/bancos\/parada-militar-por-210-anos-del-primer-grito-de-independencia\/\" \/>\n<meta property=\"og:site_name\" content=\"Superintendencia de Bancos\" \/>\n<meta property=\"article:published_time\" content=\"2019-08-09T18:45:17+00:00\" \/>\n<meta property=\"article:modified_time\" content=\"2021-11-25T16:45:08+00:00\" \/>\n<meta property=\"og:image\" content=\"https:\/\/www.superbancos.gob.ec\/bancos\/wp-content\/uploads\/2019\/08\/arregui-9-ago-19-e1565644277675.jpeg\" \/>\n\t<meta property=\"og:image:width\" content=\"800\" \/>\n\t<meta property=\"og:image:height\" content=\"578\" \/>\n\t<meta property=\"og:image:type\" content=\"image\/jpeg\" \/>\n<meta name=\"author\" content=\"Diego Buendia\" \/>\n<meta name=\"twitter:card\" content=\"summary_large_image\" \/>\n<script type=\"application\/ld+json\" class=\"yoast-schema-graph\">{\"@context\":\"https:\/\/schema.org\",\"@graph\":[{\"@type\":\"Article\",\"@id\":\"https:\/\/www.superbancos.gob.ec\/bancos\/parada-militar-por-210-anos-del-primer-grito-de-independencia\/#article\",\"isPartOf\":{\"@id\":\"https:\/\/www.superbancos.gob.ec\/bancos\/parada-militar-por-210-anos-del-primer-grito-de-independencia\/\"},\"author\":{\"name\":\"Diego Buendia\",\"@id\":\"https:\/\/www.superbancos.gob.ec\/bancos\/#\/schema\/person\/c12770f5145f3723f3aa20c0aafac282\"},\"headline\":\"Parada Militar por 210 a\u00f1os del Primer Grito de Independencia\",\"datePublished\":\"2019-08-09T18:45:17+00:00\",\"dateModified\":\"2021-11-25T16:45:08+00:00\",\"mainEntityOfPage\":{\"@id\":\"https:\/\/www.superbancos.gob.ec\/bancos\/parada-militar-por-210-anos-del-primer-grito-de-independencia\/\"},\"wordCount\":183,\"publisher\":{\"@id\":\"https:\/\/www.superbancos.gob.ec\/bancos\/#organization\"},\"image\":{\"@id\":\"https:\/\/www.superbancos.gob.ec\/bancos\/parada-militar-por-210-anos-del-primer-grito-de-independencia\/#primaryimage\"},\"thumbnailUrl\":\"https:\/\/www.superbancos.gob.ec\/bancos\/wp-content\/uploads\/2019\/08\/arregui-9-ago-19-e1565644277675.jpeg\",\"articleSection\":[\"Bolet\u00edn de prensa\",\"Noticias\",\"Noticias Destacadas\"],\"inLanguage\":\"es\"},{\"@type\":\"WebPage\",\"@id\":\"https:\/\/www.superbancos.gob.ec\/bancos\/parada-militar-por-210-anos-del-primer-grito-de-independencia\/\",\"url\":\"https:\/\/www.superbancos.gob.ec\/bancos\/parada-militar-por-210-anos-del-primer-grito-de-independencia\/\",\"name\":\"Parada Militar por 210 a\u00f1os del Primer Grito de Independencia - Superintendencia de Bancos\",\"isPartOf\":{\"@id\":\"https:\/\/www.superbancos.gob.ec\/bancos\/#website\"},\"primaryImageOfPage\":{\"@id\":\"https:\/\/www.superbancos.gob.ec\/bancos\/parada-militar-por-210-anos-del-primer-grito-de-independencia\/#primaryimage\"},\"image\":{\"@id\":\"https:\/\/www.superbancos.gob.ec\/bancos\/parada-militar-por-210-anos-del-primer-grito-de-independencia\/#primaryimage\"},\"thumbnailUrl\":\"https:\/\/www.superbancos.gob.ec\/bancos\/wp-content\/uploads\/2019\/08\/arregui-9-ago-19-e1565644277675.jpeg\",\"datePublished\":\"2019-08-09T18:45:17+00:00\",\"dateModified\":\"2021-11-25T16:45:08+00:00\",\"breadcrumb\":{\"@id\":\"https:\/\/www.superbancos.gob.ec\/bancos\/parada-militar-por-210-anos-del-primer-grito-de-independencia\/#breadcrumb\"},\"inLanguage\":\"es\",\"potentialAction\":[{\"@type\":\"ReadAction\",\"target\":[\"https:\/\/www.superbancos.gob.ec\/bancos\/parada-militar-por-210-anos-del-primer-grito-de-independencia\/\"]}]},{\"@type\":\"ImageObject\",\"inLanguage\":\"es\",\"@id\":\"https:\/\/www.superbancos.gob.ec\/bancos\/parada-militar-por-210-anos-del-primer-grito-de-independencia\/#primaryimage\",\"url\":\"https:\/\/www.superbancos.gob.ec\/bancos\/wp-content\/uploads\/2019\/08\/arregui-9-ago-19-e1565644277675.jpeg\",\"contentUrl\":\"https:\/\/www.superbancos.gob.ec\/bancos\/wp-content\/uploads\/2019\/08\/arregui-9-ago-19-e1565644277675.jpeg\",\"width\":800,\"height\":578},{\"@type\":\"BreadcrumbList\",\"@id\":\"https:\/\/www.superbancos.gob.ec\/bancos\/parada-militar-por-210-anos-del-primer-grito-de-independencia\/#breadcrumb\",\"itemListElement\":[{\"@type\":\"ListItem\",\"position\":1,\"name\":\"Portada\",\"item\":\"https:\/\/www.superbancos.gob.ec\/bancos\/\"},{\"@type\":\"ListItem\",\"position\":2,\"name\":\"Parada Militar por 210 a\u00f1os del Primer Grito de Independencia\"}]},{\"@type\":\"WebSite\",\"@id\":\"https:\/\/www.superbancos.gob.ec\/bancos\/#website\",\"url\":\"https:\/\/www.superbancos.gob.ec\/bancos\/\",\"name\":\"Superintendencia de Bancos\",\"description\":\"Organo de Control del Sistema Financiero Ecuatoriano.\",\"publisher\":{\"@id\":\"https:\/\/www.superbancos.gob.ec\/bancos\/#organization\"},\"alternateName\":\"Super de Bancos\",\"potentialAction\":[{\"@type\":\"SearchAction\",\"target\":{\"@type\":\"EntryPoint\",\"urlTemplate\":\"https:\/\/www.superbancos.gob.ec\/bancos\/?s={search_term_string}\"},\"query-input\":{\"@type\":\"PropertyValueSpecification\",\"valueRequired\":true,\"valueName\":\"search_term_string\"}}],\"inLanguage\":\"es\"},{\"@type\":\"Organization\",\"@id\":\"https:\/\/www.superbancos.gob.ec\/bancos\/#organization\",\"name\":\"Superintendencia de Bancos\",\"url\":\"https:\/\/www.superbancos.gob.ec\/bancos\/\",\"logo\":{\"@type\":\"ImageObject\",\"inLanguage\":\"es\",\"@id\":\"https:\/\/www.superbancos.gob.ec\/bancos\/#\/schema\/logo\/image\/\",\"url\":\"https:\/\/www.superbancos.gob.ec\/bancos\/wp-content\/uploads\/2022\/09\/Logo_Super.png\",\"contentUrl\":\"https:\/\/www.superbancos.gob.ec\/bancos\/wp-content\/uploads\/2022\/09\/Logo_Super.png\",\"width\":340,\"height\":92,\"caption\":\"Superintendencia de Bancos\"},\"image\":{\"@id\":\"https:\/\/www.superbancos.gob.ec\/bancos\/#\/schema\/logo\/image\/\"}},{\"@type\":\"Person\",\"@id\":\"https:\/\/www.superbancos.gob.ec\/bancos\/#\/schema\/person\/c12770f5145f3723f3aa20c0aafac282\",\"name\":\"Diego Buendia\",\"image\":{\"@type\":\"ImageObject\",\"inLanguage\":\"es\",\"@id\":\"https:\/\/www.superbancos.gob.ec\/bancos\/#\/schema\/person\/image\/\",\"url\":\"https:\/\/secure.gravatar.com\/avatar\/f2dcb31e604664a7d81f71d8260b45eb?s=96&d=mm&r=g\",\"contentUrl\":\"https:\/\/secure.gravatar.com\/avatar\/f2dcb31e604664a7d81f71d8260b45eb?s=96&d=mm&r=g\",\"caption\":\"Diego Buendia\"},\"url\":\"https:\/\/www.superbancos.gob.ec\/bancos\/author\/dbuendia\/\"}]}<\/script>\n<!-- \/ Yoast SEO plugin. -->","yoast_head_json":{"title":"Parada Militar por 210 a\u00f1os del Primer Grito de Independencia - Superintendencia de Bancos","robots":{"index":"index","follow":"follow","max-snippet":"max-snippet:-1","max-image-preview":"max-image-preview:large","max-video-preview":"max-video-preview:-1"},"canonical":"https:\/\/www.superbancos.gob.ec\/bancos\/parada-militar-por-210-anos-del-primer-grito-de-independencia\/","og_locale":"es_ES","og_type":"article","og_title":"Parada Militar por 210 a\u00f1os del Primer Grito de Independencia - Superintendencia de Bancos","og_description":"La Superintendenta de Bancos, Ruth Arregui, asisti\u00f3 este viernes 09 de agosto, como invitada especial, a la Parada Militar realizada en la Tribuna del Sur, en Quito, en conmemoraci\u00f3n de los 210 a\u00f1os del Primer Grito de Independencia.\u00a0 La ceremonia castrense cont\u00f3 con la presencia del presidente de la Rep\u00fablica, Len\u00edn Moreno, ministros de Estado, [&hellip;]","og_url":"https:\/\/www.superbancos.gob.ec\/bancos\/parada-militar-por-210-anos-del-primer-grito-de-independencia\/","og_site_name":"Superintendencia de Bancos","article_published_time":"2019-08-09T18:45:17+00:00","article_modified_time":"2021-11-25T16:45:08+00:00","og_image":[{"width":800,"height":578,"url":"https:\/\/www.superbancos.gob.ec\/bancos\/wp-content\/uploads\/2019\/08\/arregui-9-ago-19-e1565644277675.jpeg","type":"image\/jpeg"}],"author":"Diego Buendia","twitter_card":"summary_large_image","schema":{"@context":"https:\/\/schema.org","@graph":[{"@type":"Article","@id":"https:\/\/www.superbancos.gob.ec\/bancos\/parada-militar-por-210-anos-del-primer-grito-de-independencia\/#article","isPartOf":{"@id":"https:\/\/www.superbancos.gob.ec\/bancos\/parada-militar-por-210-anos-del-primer-grito-de-independencia\/"},"author":{"name":"Diego Buendia","@id":"https:\/\/www.superbancos.gob.ec\/bancos\/#\/schema\/person\/c12770f5145f3723f3aa20c0aafac282"},"headline":"Parada Militar por 210 a\u00f1os del Primer Grito de Independencia","datePublished":"2019-08-09T18:45:17+00:00","dateModified":"2021-11-25T16:45:08+00:00","mainEntityOfPage":{"@id":"https:\/\/www.superbancos.gob.ec\/bancos\/parada-militar-por-210-anos-del-primer-grito-de-independencia\/"},"wordCount":183,"publisher":{"@id":"https:\/\/www.superbancos.gob.ec\/bancos\/#organization"},"image":{"@id":"https:\/\/www.superbancos.gob.ec\/bancos\/parada-militar-por-210-anos-del-primer-grito-de-independencia\/#primaryimage"},"thumbnailUrl":"https:\/\/www.superbancos.gob.ec\/bancos\/wp-content\/uploads\/2019\/08\/arregui-9-ago-19-e1565644277675.jpeg","articleSection":["Bolet\u00edn de prensa","Noticias","Noticias Destacadas"],"inLanguage":"es"},{"@type":"WebPage","@id":"https:\/\/www.superbancos.gob.ec\/bancos\/parada-militar-por-210-anos-del-primer-grito-de-independencia\/","url":"https:\/\/www.superbancos.gob.ec\/bancos\/parada-militar-por-210-anos-del-primer-grito-de-independencia\/","name":"Parada Militar por 210 a\u00f1os del Primer Grito de Independencia - Superintendencia de Bancos","isPartOf":{"@id":"https:\/\/www.superbancos.gob.ec\/bancos\/#website"},"primaryImageOfPage":{"@id":"https:\/\/www.superbancos.gob.ec\/bancos\/parada-militar-por-210-anos-del-primer-grito-de-independencia\/#primaryimage"},"image":{"@id":"https:\/\/www.superbancos.gob.ec\/bancos\/parada-militar-por-210-anos-del-primer-grito-de-independencia\/#primaryimage"},"thumbnailUrl":"https:\/\/www.superbancos.gob.ec\/bancos\/wp-content\/uploads\/2019\/08\/arregui-9-ago-19-e1565644277675.jpeg","datePublished":"2019-08-09T18:45:17+00:00","dateModified":"2021-11-25T16:45:08+00:00","breadcrumb":{"@id":"https:\/\/www.superbancos.gob.ec\/bancos\/parada-militar-por-210-anos-del-primer-grito-de-independencia\/#breadcrumb"},"inLanguage":"es","potentialAction":[{"@type":"ReadAction","target":["https:\/\/www.superbancos.gob.ec\/bancos\/parada-militar-por-210-anos-del-primer-grito-de-independencia\/"]}]},{"@type":"ImageObject","inLanguage":"es","@id":"https:\/\/www.superbancos.gob.ec\/bancos\/parada-militar-por-210-anos-del-primer-grito-de-independencia\/#primaryimage","url":"https:\/\/www.superbancos.gob.ec\/bancos\/wp-content\/uploads\/2019\/08\/arregui-9-ago-19-e1565644277675.jpeg","contentUrl":"https:\/\/www.superbancos.gob.ec\/bancos\/wp-content\/uploads\/2019\/08\/arregui-9-ago-19-e1565644277675.jpeg","width":800,"height":578},{"@type":"BreadcrumbList","@id":"https:\/\/www.superbancos.gob.ec\/bancos\/parada-militar-por-210-anos-del-primer-grito-de-independencia\/#breadcrumb","itemListElement":[{"@type":"ListItem","position":1,"name":"Portada","item":"https:\/\/www.superbancos.gob.ec\/bancos\/"},{"@type":"ListItem","position":2,"name":"Parada Militar por 210 a\u00f1os del Primer Grito de Independencia"}]},{"@type":"WebSite","@id":"https:\/\/www.superbancos.gob.ec\/bancos\/#website","url":"https:\/\/www.superbancos.gob.ec\/bancos\/","name":"Superintendencia de Bancos","description":"Organo de Control del Sistema Financiero Ecuatoriano.","publisher":{"@id":"https:\/\/www.superbancos.gob.ec\/bancos\/#organization"},"alternateName":"Super de Bancos","potentialAction":[{"@type":"SearchAction","target":{"@type":"EntryPoint","urlTemplate":"https:\/\/www.superbancos.gob.ec\/bancos\/?s={search_term_string}"},"query-input":{"@type":"PropertyValueSpecification","valueRequired":true,"valueName":"search_term_string"}}],"inLanguage":"es"},{"@type":"Organization","@id":"https:\/\/www.superbancos.gob.ec\/bancos\/#organization","name":"Superintendencia de Bancos","url":"https:\/\/www.superbancos.gob.ec\/bancos\/","logo":{"@type":"ImageObject","inLanguage":"es","@id":"https:\/\/www.superbancos.gob.ec\/bancos\/#\/schema\/logo\/image\/","url":"https:\/\/www.superbancos.gob.ec\/bancos\/wp-content\/uploads\/2022\/09\/Logo_Super.png","contentUrl":"https:\/\/www.superbancos.gob.ec\/bancos\/wp-content\/uploads\/2022\/09\/Logo_Super.png","width":340,"height":92,"caption":"Superintendencia de Bancos"},"image":{"@id":"https:\/\/www.superbancos.gob.ec\/bancos\/#\/schema\/logo\/image\/"}},{"@type":"Person","@id":"https:\/\/www.superbancos.gob.ec\/bancos\/#\/schema\/person\/c12770f5145f3723f3aa20c0aafac282","name":"Diego Buendia","image":{"@type":"ImageObject","inLanguage":"es","@id":"https:\/\/www.superbancos.gob.ec\/bancos\/#\/schema\/person\/image\/","url":"https:\/\/secure.gravatar.com\/avatar\/f2dcb31e604664a7d81f71d8260b45eb?s=96&d=mm&r=g","contentUrl":"https:\/\/secure.gravatar.com\/avatar\/f2dcb31e604664a7d81f71d8260b45eb?s=96&d=mm&r=g","caption":"Diego Buendia"},"url":"https:\/\/www.superbancos.gob.ec\/bancos\/author\/dbuendia\/"}]}},"_links":{"self":[{"href":"https:\/\/www.superbancos.gob.ec\/bancos\/wp-json\/wp\/v2\/posts\/7885"}],"collection":[{"href":"https:\/\/www.superbancos.gob.ec\/bancos\/wp-json\/wp\/v2\/posts"}],"about":[{"href":"https:\/\/www.superbancos.gob.ec\/bancos\/wp-json\/wp\/v2\/types\/post"}],"author":[{"embeddable":true,"href":"https:\/\/www.superbancos.gob.ec\/bancos\/wp-json\/wp\/v2\/users\/3"}],"replies":[{"embeddable":true,"href":"https:\/\/www.superbancos.gob.ec\/bancos\/wp-json\/wp\/v2\/comments?post=7885"}],"version-history":[{"count":2,"href":"https:\/\/www.superbancos.gob.ec\/bancos\/wp-json\/wp\/v2\/posts\/7885\/revisions"}],"predecessor-version":[{"id":13810,"href":"https:\/\/www.superbancos.gob.ec\/bancos\/wp-json\/wp\/v2\/posts\/7885\/revisions\/13810"}],"wp:featuredmedia":[{"embeddable":true,"href":"https:\/\/www.superbancos.gob.ec\/bancos\/wp-json\/wp\/v2\/media\/7886"}],"wp:attachment":[{"href":"https:\/\/www.superbancos.gob.ec\/bancos\/wp-json\/wp\/v2\/media?parent=7885"}],"wp:term":[{"taxonomy":"category","embeddable":true,"href":"https:\/\/www.superbancos.gob.ec\/bancos\/wp-json\/wp\/v2\/categories?post=7885"},{"taxonomy":"post_tag","embeddable":true,"href":"https:\/\/www.superbancos.gob.ec\/bancos\/wp-json\/wp\/v2\/tags?post=7885"}],"curies":[{"name":"wp","href":"https:\/\/api.w.org\/{rel}","templated":true}]}}