{"id":8151,"date":"2019-11-15T10:24:55","date_gmt":"2019-11-15T15:24:55","guid":{"rendered":"https:\/\/www.superbancos.gob.ec\/bancos\/?p=8151"},"modified":"2021-11-25T11:36:27","modified_gmt":"2021-11-25T16:36:27","slug":"superintendencia-de-bancos-municipio-de-guayaquil-y-la-universidad-espiritu-santo-firmaron-convenio-de-cooperacion-interinstitucional","status":"publish","type":"post","link":"https:\/\/www.superbancos.gob.ec\/bancos\/superintendencia-de-bancos-municipio-de-guayaquil-y-la-universidad-espiritu-santo-firmaron-convenio-de-cooperacion-interinstitucional\/","title":{"rendered":"Superintendencia de Bancos, Municipio de Guayaquil y la UEES firmaron Convenio de Cooperaci\u00f3n"},"content":{"rendered":"<p>Ruth Arregui, Superintendenta de Bancos, en conjunto con Cynthia Viteri, alcaldesa de Guayaquil y Joaqu\u00edn Hern\u00e1ndez,\u00a0 rector de la Universidad Particular de Especialidades Esp\u00edritu Santo (UEES), suscribieron un Convenio de Cooperaci\u00f3n Macro Interinstitucional con el prop\u00f3sito de emprender actividades encaminadas a la planificaci\u00f3n, programaci\u00f3n,\u00a0 ejecuci\u00f3n y seguimiento a trav\u00e9s de la capacitaci\u00f3n e inclusi\u00f3n financiera.<\/p>\n<p>Cynthia Viteri, en su discurso expres\u00f3 <em>\u201cVoy hacer un pedido\u00a0 muy especial para que este Proyecto, que es interesante y que va a ayudar a cada trabajador municipal, se pueda extender a los comerciantes de la Bah\u00eda\u00a0 y a los comerciantes de la Red de Mercado Municipal. De esta manera, ellos van a tener un plus extraordinario para poder ejercer el trabajo que a ellos les toca desarrollar; y, el comercio es lo que mueve a la ciudad de Guayaquil\u201d.<\/em><\/p>\n<p>Por su lado, la Superintendenta de Bancos en referencia a la Educaci\u00f3n Financiera, indic\u00f3 que es un honor vincularse a este Proyecto, ya que brinda la oportunidad de que este pueda expandirse m\u00e1s all\u00e1 de la Municipalidad, de los comerciantes e inclusive\u00a0 llegar a la ciudad entera: \u201c<em>este\u00a0 es un hito important\u00edsimo en la formaci\u00f3n de habilidades y competencias en las\u00a0 personas para que tomen decisiones acertadas\u201d.<\/em><\/p>\n<p>Por su parte, Hern\u00e1ndez, felicit\u00f3 la labor que viene desempe\u00f1ando la Superintendencia de Bancos.<\/p>\n<p><strong>\u00a1La SB avanza en la Misi\u00f3n de consolidar una mayor y mejor cultura financiera en el pa\u00eds!<\/strong><\/p>\n<p><em><strong>Quito, 15 noviembre 2019<\/strong><\/em><\/p>\n","protected":false},"excerpt":{"rendered":"<p>Ruth Arregui, Superintendenta de Bancos, en conjunto con Cynthia Viteri, alcaldesa de Guayaquil y Joaqu\u00edn Hern\u00e1ndez,\u00a0 rector de la Universidad Particular de Especialidades Esp\u00edritu Santo (UEES), suscribieron un Convenio de Cooperaci\u00f3n Macro Interinstitucional con el prop\u00f3sito de emprender actividades encaminadas a la planificaci\u00f3n, programaci\u00f3n,\u00a0 ejecuci\u00f3n y seguimiento a trav\u00e9s de la capacitaci\u00f3n e inclusi\u00f3n financiera. [&hellip;]<\/p>\n","protected":false},"author":3,"featured_media":8152,"comment_status":"closed","ping_status":"open","sticky":false,"template":"","format":"standard","meta":{"footnotes":""},"categories":[114,5,6],"tags":[],"class_list":["post-8151","post","type-post","status-publish","format-standard","has-post-thumbnail","hentry","category-boletin-de-prensa","category-noticias","category-noticias-destacadas"],"yoast_head":"<!-- This site is optimized with the Yoast SEO plugin v25.4 - https:\/\/yoast.com\/wordpress\/plugins\/seo\/ -->\n<title>Superintendencia de Bancos, Municipio de Guayaquil y la UEES firmaron Convenio de Cooperaci\u00f3n - Superintendencia de Bancos<\/title>\n<meta name=\"robots\" content=\"index, follow, max-snippet:-1, max-image-preview:large, max-video-preview:-1\" \/>\n<link rel=\"canonical\" href=\"https:\/\/www.superbancos.gob.ec\/bancos\/superintendencia-de-bancos-municipio-de-guayaquil-y-la-universidad-espiritu-santo-firmaron-convenio-de-cooperacion-interinstitucional\/\" \/>\n<meta property=\"og:locale\" content=\"es_ES\" \/>\n<meta property=\"og:type\" content=\"article\" \/>\n<meta property=\"og:title\" content=\"Superintendencia de Bancos, Municipio de Guayaquil y la UEES firmaron Convenio de Cooperaci\u00f3n - Superintendencia de Bancos\" \/>\n<meta property=\"og:description\" content=\"Ruth Arregui, Superintendenta de Bancos, en conjunto con Cynthia Viteri, alcaldesa de Guayaquil y Joaqu\u00edn Hern\u00e1ndez,\u00a0 rector de la Universidad Particular de Especialidades Esp\u00edritu Santo (UEES), suscribieron un Convenio de Cooperaci\u00f3n Macro Interinstitucional con el prop\u00f3sito de emprender actividades encaminadas a la planificaci\u00f3n, programaci\u00f3n,\u00a0 ejecuci\u00f3n y seguimiento a trav\u00e9s de la capacitaci\u00f3n e inclusi\u00f3n financiera. [&hellip;]\" \/>\n<meta property=\"og:url\" content=\"https:\/\/www.superbancos.gob.ec\/bancos\/superintendencia-de-bancos-municipio-de-guayaquil-y-la-universidad-espiritu-santo-firmaron-convenio-de-cooperacion-interinstitucional\/\" \/>\n<meta property=\"og:site_name\" content=\"Superintendencia de Bancos\" \/>\n<meta property=\"article:published_time\" content=\"2019-11-15T15:24:55+00:00\" \/>\n<meta property=\"article:modified_time\" content=\"2021-11-25T16:36:27+00:00\" \/>\n<meta property=\"og:image\" content=\"https:\/\/www.superbancos.gob.ec\/bancos\/wp-content\/uploads\/2019\/11\/Foto-4.jpg\" \/>\n\t<meta property=\"og:image:width\" content=\"1920\" \/>\n\t<meta property=\"og:image:height\" content=\"1280\" \/>\n\t<meta property=\"og:image:type\" content=\"image\/jpeg\" \/>\n<meta name=\"author\" content=\"Diego Buendia\" \/>\n<meta name=\"twitter:card\" content=\"summary_large_image\" \/>\n<script type=\"application\/ld+json\" class=\"yoast-schema-graph\">{\"@context\":\"https:\/\/schema.org\",\"@graph\":[{\"@type\":\"Article\",\"@id\":\"https:\/\/www.superbancos.gob.ec\/bancos\/superintendencia-de-bancos-municipio-de-guayaquil-y-la-universidad-espiritu-santo-firmaron-convenio-de-cooperacion-interinstitucional\/#article\",\"isPartOf\":{\"@id\":\"https:\/\/www.superbancos.gob.ec\/bancos\/superintendencia-de-bancos-municipio-de-guayaquil-y-la-universidad-espiritu-santo-firmaron-convenio-de-cooperacion-interinstitucional\/\"},\"author\":{\"name\":\"Diego Buendia\",\"@id\":\"https:\/\/www.superbancos.gob.ec\/bancos\/#\/schema\/person\/c12770f5145f3723f3aa20c0aafac282\"},\"headline\":\"Superintendencia de Bancos, Municipio de Guayaquil y la UEES firmaron Convenio de Cooperaci\u00f3n\",\"datePublished\":\"2019-11-15T15:24:55+00:00\",\"dateModified\":\"2021-11-25T16:36:27+00:00\",\"mainEntityOfPage\":{\"@id\":\"https:\/\/www.superbancos.gob.ec\/bancos\/superintendencia-de-bancos-municipio-de-guayaquil-y-la-universidad-espiritu-santo-firmaron-convenio-de-cooperacion-interinstitucional\/\"},\"wordCount\":269,\"publisher\":{\"@id\":\"https:\/\/www.superbancos.gob.ec\/bancos\/#organization\"},\"image\":{\"@id\":\"https:\/\/www.superbancos.gob.ec\/bancos\/superintendencia-de-bancos-municipio-de-guayaquil-y-la-universidad-espiritu-santo-firmaron-convenio-de-cooperacion-interinstitucional\/#primaryimage\"},\"thumbnailUrl\":\"https:\/\/www.superbancos.gob.ec\/bancos\/wp-content\/uploads\/2019\/11\/Foto-4.jpg\",\"articleSection\":[\"Bolet\u00edn de prensa\",\"Noticias\",\"Noticias Destacadas\"],\"inLanguage\":\"es\"},{\"@type\":\"WebPage\",\"@id\":\"https:\/\/www.superbancos.gob.ec\/bancos\/superintendencia-de-bancos-municipio-de-guayaquil-y-la-universidad-espiritu-santo-firmaron-convenio-de-cooperacion-interinstitucional\/\",\"url\":\"https:\/\/www.superbancos.gob.ec\/bancos\/superintendencia-de-bancos-municipio-de-guayaquil-y-la-universidad-espiritu-santo-firmaron-convenio-de-cooperacion-interinstitucional\/\",\"name\":\"Superintendencia de Bancos, Municipio de Guayaquil y la UEES firmaron Convenio de Cooperaci\u00f3n - Superintendencia de Bancos\",\"isPartOf\":{\"@id\":\"https:\/\/www.superbancos.gob.ec\/bancos\/#website\"},\"primaryImageOfPage\":{\"@id\":\"https:\/\/www.superbancos.gob.ec\/bancos\/superintendencia-de-bancos-municipio-de-guayaquil-y-la-universidad-espiritu-santo-firmaron-convenio-de-cooperacion-interinstitucional\/#primaryimage\"},\"image\":{\"@id\":\"https:\/\/www.superbancos.gob.ec\/bancos\/superintendencia-de-bancos-municipio-de-guayaquil-y-la-universidad-espiritu-santo-firmaron-convenio-de-cooperacion-interinstitucional\/#primaryimage\"},\"thumbnailUrl\":\"https:\/\/www.superbancos.gob.ec\/bancos\/wp-content\/uploads\/2019\/11\/Foto-4.jpg\",\"datePublished\":\"2019-11-15T15:24:55+00:00\",\"dateModified\":\"2021-11-25T16:36:27+00:00\",\"breadcrumb\":{\"@id\":\"https:\/\/www.superbancos.gob.ec\/bancos\/superintendencia-de-bancos-municipio-de-guayaquil-y-la-universidad-espiritu-santo-firmaron-convenio-de-cooperacion-interinstitucional\/#breadcrumb\"},\"inLanguage\":\"es\",\"potentialAction\":[{\"@type\":\"ReadAction\",\"target\":[\"https:\/\/www.superbancos.gob.ec\/bancos\/superintendencia-de-bancos-municipio-de-guayaquil-y-la-universidad-espiritu-santo-firmaron-convenio-de-cooperacion-interinstitucional\/\"]}]},{\"@type\":\"ImageObject\",\"inLanguage\":\"es\",\"@id\":\"https:\/\/www.superbancos.gob.ec\/bancos\/superintendencia-de-bancos-municipio-de-guayaquil-y-la-universidad-espiritu-santo-firmaron-convenio-de-cooperacion-interinstitucional\/#primaryimage\",\"url\":\"https:\/\/www.superbancos.gob.ec\/bancos\/wp-content\/uploads\/2019\/11\/Foto-4.jpg\",\"contentUrl\":\"https:\/\/www.superbancos.gob.ec\/bancos\/wp-content\/uploads\/2019\/11\/Foto-4.jpg\",\"width\":1920,\"height\":1280},{\"@type\":\"BreadcrumbList\",\"@id\":\"https:\/\/www.superbancos.gob.ec\/bancos\/superintendencia-de-bancos-municipio-de-guayaquil-y-la-universidad-espiritu-santo-firmaron-convenio-de-cooperacion-interinstitucional\/#breadcrumb\",\"itemListElement\":[{\"@type\":\"ListItem\",\"position\":1,\"name\":\"Portada\",\"item\":\"https:\/\/www.superbancos.gob.ec\/bancos\/\"},{\"@type\":\"ListItem\",\"position\":2,\"name\":\"Superintendencia de Bancos, Municipio de Guayaquil y la UEES firmaron Convenio de Cooperaci\u00f3n\"}]},{\"@type\":\"WebSite\",\"@id\":\"https:\/\/www.superbancos.gob.ec\/bancos\/#website\",\"url\":\"https:\/\/www.superbancos.gob.ec\/bancos\/\",\"name\":\"Superintendencia de Bancos\",\"description\":\"Organo de Control del Sistema Financiero Ecuatoriano.\",\"publisher\":{\"@id\":\"https:\/\/www.superbancos.gob.ec\/bancos\/#organization\"},\"alternateName\":\"Super de Bancos\",\"potentialAction\":[{\"@type\":\"SearchAction\",\"target\":{\"@type\":\"EntryPoint\",\"urlTemplate\":\"https:\/\/www.superbancos.gob.ec\/bancos\/?s={search_term_string}\"},\"query-input\":{\"@type\":\"PropertyValueSpecification\",\"valueRequired\":true,\"valueName\":\"search_term_string\"}}],\"inLanguage\":\"es\"},{\"@type\":\"Organization\",\"@id\":\"https:\/\/www.superbancos.gob.ec\/bancos\/#organization\",\"name\":\"Superintendencia de Bancos\",\"url\":\"https:\/\/www.superbancos.gob.ec\/bancos\/\",\"logo\":{\"@type\":\"ImageObject\",\"inLanguage\":\"es\",\"@id\":\"https:\/\/www.superbancos.gob.ec\/bancos\/#\/schema\/logo\/image\/\",\"url\":\"https:\/\/www.superbancos.gob.ec\/bancos\/wp-content\/uploads\/2022\/09\/Logo_Super.png\",\"contentUrl\":\"https:\/\/www.superbancos.gob.ec\/bancos\/wp-content\/uploads\/2022\/09\/Logo_Super.png\",\"width\":340,\"height\":92,\"caption\":\"Superintendencia de Bancos\"},\"image\":{\"@id\":\"https:\/\/www.superbancos.gob.ec\/bancos\/#\/schema\/logo\/image\/\"}},{\"@type\":\"Person\",\"@id\":\"https:\/\/www.superbancos.gob.ec\/bancos\/#\/schema\/person\/c12770f5145f3723f3aa20c0aafac282\",\"name\":\"Diego Buendia\",\"image\":{\"@type\":\"ImageObject\",\"inLanguage\":\"es\",\"@id\":\"https:\/\/www.superbancos.gob.ec\/bancos\/#\/schema\/person\/image\/\",\"url\":\"https:\/\/secure.gravatar.com\/avatar\/f2dcb31e604664a7d81f71d8260b45eb?s=96&d=mm&r=g\",\"contentUrl\":\"https:\/\/secure.gravatar.com\/avatar\/f2dcb31e604664a7d81f71d8260b45eb?s=96&d=mm&r=g\",\"caption\":\"Diego Buendia\"},\"url\":\"https:\/\/www.superbancos.gob.ec\/bancos\/author\/dbuendia\/\"}]}<\/script>\n<!-- \/ Yoast SEO plugin. -->","yoast_head_json":{"title":"Superintendencia de Bancos, Municipio de Guayaquil y la UEES firmaron Convenio de Cooperaci\u00f3n - Superintendencia de Bancos","robots":{"index":"index","follow":"follow","max-snippet":"max-snippet:-1","max-image-preview":"max-image-preview:large","max-video-preview":"max-video-preview:-1"},"canonical":"https:\/\/www.superbancos.gob.ec\/bancos\/superintendencia-de-bancos-municipio-de-guayaquil-y-la-universidad-espiritu-santo-firmaron-convenio-de-cooperacion-interinstitucional\/","og_locale":"es_ES","og_type":"article","og_title":"Superintendencia de Bancos, Municipio de Guayaquil y la UEES firmaron Convenio de Cooperaci\u00f3n - Superintendencia de Bancos","og_description":"Ruth Arregui, Superintendenta de Bancos, en conjunto con Cynthia Viteri, alcaldesa de Guayaquil y Joaqu\u00edn Hern\u00e1ndez,\u00a0 rector de la Universidad Particular de Especialidades Esp\u00edritu Santo (UEES), suscribieron un Convenio de Cooperaci\u00f3n Macro Interinstitucional con el prop\u00f3sito de emprender actividades encaminadas a la planificaci\u00f3n, programaci\u00f3n,\u00a0 ejecuci\u00f3n y seguimiento a trav\u00e9s de la capacitaci\u00f3n e inclusi\u00f3n financiera. [&hellip;]","og_url":"https:\/\/www.superbancos.gob.ec\/bancos\/superintendencia-de-bancos-municipio-de-guayaquil-y-la-universidad-espiritu-santo-firmaron-convenio-de-cooperacion-interinstitucional\/","og_site_name":"Superintendencia de Bancos","article_published_time":"2019-11-15T15:24:55+00:00","article_modified_time":"2021-11-25T16:36:27+00:00","og_image":[{"width":1920,"height":1280,"url":"https:\/\/www.superbancos.gob.ec\/bancos\/wp-content\/uploads\/2019\/11\/Foto-4.jpg","type":"image\/jpeg"}],"author":"Diego Buendia","twitter_card":"summary_large_image","schema":{"@context":"https:\/\/schema.org","@graph":[{"@type":"Article","@id":"https:\/\/www.superbancos.gob.ec\/bancos\/superintendencia-de-bancos-municipio-de-guayaquil-y-la-universidad-espiritu-santo-firmaron-convenio-de-cooperacion-interinstitucional\/#article","isPartOf":{"@id":"https:\/\/www.superbancos.gob.ec\/bancos\/superintendencia-de-bancos-municipio-de-guayaquil-y-la-universidad-espiritu-santo-firmaron-convenio-de-cooperacion-interinstitucional\/"},"author":{"name":"Diego Buendia","@id":"https:\/\/www.superbancos.gob.ec\/bancos\/#\/schema\/person\/c12770f5145f3723f3aa20c0aafac282"},"headline":"Superintendencia de Bancos, Municipio de Guayaquil y la UEES firmaron Convenio de Cooperaci\u00f3n","datePublished":"2019-11-15T15:24:55+00:00","dateModified":"2021-11-25T16:36:27+00:00","mainEntityOfPage":{"@id":"https:\/\/www.superbancos.gob.ec\/bancos\/superintendencia-de-bancos-municipio-de-guayaquil-y-la-universidad-espiritu-santo-firmaron-convenio-de-cooperacion-interinstitucional\/"},"wordCount":269,"publisher":{"@id":"https:\/\/www.superbancos.gob.ec\/bancos\/#organization"},"image":{"@id":"https:\/\/www.superbancos.gob.ec\/bancos\/superintendencia-de-bancos-municipio-de-guayaquil-y-la-universidad-espiritu-santo-firmaron-convenio-de-cooperacion-interinstitucional\/#primaryimage"},"thumbnailUrl":"https:\/\/www.superbancos.gob.ec\/bancos\/wp-content\/uploads\/2019\/11\/Foto-4.jpg","articleSection":["Bolet\u00edn de prensa","Noticias","Noticias Destacadas"],"inLanguage":"es"},{"@type":"WebPage","@id":"https:\/\/www.superbancos.gob.ec\/bancos\/superintendencia-de-bancos-municipio-de-guayaquil-y-la-universidad-espiritu-santo-firmaron-convenio-de-cooperacion-interinstitucional\/","url":"https:\/\/www.superbancos.gob.ec\/bancos\/superintendencia-de-bancos-municipio-de-guayaquil-y-la-universidad-espiritu-santo-firmaron-convenio-de-cooperacion-interinstitucional\/","name":"Superintendencia de Bancos, Municipio de Guayaquil y la UEES firmaron Convenio de Cooperaci\u00f3n - Superintendencia de Bancos","isPartOf":{"@id":"https:\/\/www.superbancos.gob.ec\/bancos\/#website"},"primaryImageOfPage":{"@id":"https:\/\/www.superbancos.gob.ec\/bancos\/superintendencia-de-bancos-municipio-de-guayaquil-y-la-universidad-espiritu-santo-firmaron-convenio-de-cooperacion-interinstitucional\/#primaryimage"},"image":{"@id":"https:\/\/www.superbancos.gob.ec\/bancos\/superintendencia-de-bancos-municipio-de-guayaquil-y-la-universidad-espiritu-santo-firmaron-convenio-de-cooperacion-interinstitucional\/#primaryimage"},"thumbnailUrl":"https:\/\/www.superbancos.gob.ec\/bancos\/wp-content\/uploads\/2019\/11\/Foto-4.jpg","datePublished":"2019-11-15T15:24:55+00:00","dateModified":"2021-11-25T16:36:27+00:00","breadcrumb":{"@id":"https:\/\/www.superbancos.gob.ec\/bancos\/superintendencia-de-bancos-municipio-de-guayaquil-y-la-universidad-espiritu-santo-firmaron-convenio-de-cooperacion-interinstitucional\/#breadcrumb"},"inLanguage":"es","potentialAction":[{"@type":"ReadAction","target":["https:\/\/www.superbancos.gob.ec\/bancos\/superintendencia-de-bancos-municipio-de-guayaquil-y-la-universidad-espiritu-santo-firmaron-convenio-de-cooperacion-interinstitucional\/"]}]},{"@type":"ImageObject","inLanguage":"es","@id":"https:\/\/www.superbancos.gob.ec\/bancos\/superintendencia-de-bancos-municipio-de-guayaquil-y-la-universidad-espiritu-santo-firmaron-convenio-de-cooperacion-interinstitucional\/#primaryimage","url":"https:\/\/www.superbancos.gob.ec\/bancos\/wp-content\/uploads\/2019\/11\/Foto-4.jpg","contentUrl":"https:\/\/www.superbancos.gob.ec\/bancos\/wp-content\/uploads\/2019\/11\/Foto-4.jpg","width":1920,"height":1280},{"@type":"BreadcrumbList","@id":"https:\/\/www.superbancos.gob.ec\/bancos\/superintendencia-de-bancos-municipio-de-guayaquil-y-la-universidad-espiritu-santo-firmaron-convenio-de-cooperacion-interinstitucional\/#breadcrumb","itemListElement":[{"@type":"ListItem","position":1,"name":"Portada","item":"https:\/\/www.superbancos.gob.ec\/bancos\/"},{"@type":"ListItem","position":2,"name":"Superintendencia de Bancos, Municipio de Guayaquil y la UEES firmaron Convenio de Cooperaci\u00f3n"}]},{"@type":"WebSite","@id":"https:\/\/www.superbancos.gob.ec\/bancos\/#website","url":"https:\/\/www.superbancos.gob.ec\/bancos\/","name":"Superintendencia de Bancos","description":"Organo de Control del Sistema Financiero Ecuatoriano.","publisher":{"@id":"https:\/\/www.superbancos.gob.ec\/bancos\/#organization"},"alternateName":"Super de Bancos","potentialAction":[{"@type":"SearchAction","target":{"@type":"EntryPoint","urlTemplate":"https:\/\/www.superbancos.gob.ec\/bancos\/?s={search_term_string}"},"query-input":{"@type":"PropertyValueSpecification","valueRequired":true,"valueName":"search_term_string"}}],"inLanguage":"es"},{"@type":"Organization","@id":"https:\/\/www.superbancos.gob.ec\/bancos\/#organization","name":"Superintendencia de Bancos","url":"https:\/\/www.superbancos.gob.ec\/bancos\/","logo":{"@type":"ImageObject","inLanguage":"es","@id":"https:\/\/www.superbancos.gob.ec\/bancos\/#\/schema\/logo\/image\/","url":"https:\/\/www.superbancos.gob.ec\/bancos\/wp-content\/uploads\/2022\/09\/Logo_Super.png","contentUrl":"https:\/\/www.superbancos.gob.ec\/bancos\/wp-content\/uploads\/2022\/09\/Logo_Super.png","width":340,"height":92,"caption":"Superintendencia de Bancos"},"image":{"@id":"https:\/\/www.superbancos.gob.ec\/bancos\/#\/schema\/logo\/image\/"}},{"@type":"Person","@id":"https:\/\/www.superbancos.gob.ec\/bancos\/#\/schema\/person\/c12770f5145f3723f3aa20c0aafac282","name":"Diego Buendia","image":{"@type":"ImageObject","inLanguage":"es","@id":"https:\/\/www.superbancos.gob.ec\/bancos\/#\/schema\/person\/image\/","url":"https:\/\/secure.gravatar.com\/avatar\/f2dcb31e604664a7d81f71d8260b45eb?s=96&d=mm&r=g","contentUrl":"https:\/\/secure.gravatar.com\/avatar\/f2dcb31e604664a7d81f71d8260b45eb?s=96&d=mm&r=g","caption":"Diego Buendia"},"url":"https:\/\/www.superbancos.gob.ec\/bancos\/author\/dbuendia\/"}]}},"_links":{"self":[{"href":"https:\/\/www.superbancos.gob.ec\/bancos\/wp-json\/wp\/v2\/posts\/8151"}],"collection":[{"href":"https:\/\/www.superbancos.gob.ec\/bancos\/wp-json\/wp\/v2\/posts"}],"about":[{"href":"https:\/\/www.superbancos.gob.ec\/bancos\/wp-json\/wp\/v2\/types\/post"}],"author":[{"embeddable":true,"href":"https:\/\/www.superbancos.gob.ec\/bancos\/wp-json\/wp\/v2\/users\/3"}],"replies":[{"embeddable":true,"href":"https:\/\/www.superbancos.gob.ec\/bancos\/wp-json\/wp\/v2\/comments?post=8151"}],"version-history":[{"count":4,"href":"https:\/\/www.superbancos.gob.ec\/bancos\/wp-json\/wp\/v2\/posts\/8151\/revisions"}],"predecessor-version":[{"id":13795,"href":"https:\/\/www.superbancos.gob.ec\/bancos\/wp-json\/wp\/v2\/posts\/8151\/revisions\/13795"}],"wp:featuredmedia":[{"embeddable":true,"href":"https:\/\/www.superbancos.gob.ec\/bancos\/wp-json\/wp\/v2\/media\/8152"}],"wp:attachment":[{"href":"https:\/\/www.superbancos.gob.ec\/bancos\/wp-json\/wp\/v2\/media?parent=8151"}],"wp:term":[{"taxonomy":"category","embeddable":true,"href":"https:\/\/www.superbancos.gob.ec\/bancos\/wp-json\/wp\/v2\/categories?post=8151"},{"taxonomy":"post_tag","embeddable":true,"href":"https:\/\/www.superbancos.gob.ec\/bancos\/wp-json\/wp\/v2\/tags?post=8151"}],"curies":[{"name":"wp","href":"https:\/\/api.w.org\/{rel}","templated":true}]}}