{"id":8283,"date":"2019-12-09T19:18:06","date_gmt":"2019-12-10T00:18:06","guid":{"rendered":"https:\/\/www.superbancos.gob.ec\/bancos\/?p=8283"},"modified":"2021-11-25T11:34:57","modified_gmt":"2021-11-25T16:34:57","slug":"impulsando-la-inclusion-financiera","status":"publish","type":"post","link":"https:\/\/www.superbancos.gob.ec\/bancos\/impulsando-la-inclusion-financiera\/","title":{"rendered":"Impulsando la Inclusi\u00f3n Financiera"},"content":{"rendered":"<p>En octubre pasado en la ciudad de M\u00e9xico, Ruth Arregui, Superintendente de Bancos particip\u00f3 en varios talleres organizados por la CGD (Center Global Development) y\u00a0la\u00a0Alianza para la Inclusi\u00f3n Financiera (AFI), \u00a0como representante de la entidad encargada de generar pol\u00edticas de inclusi\u00f3n financiera por parte del Ecuador.<\/p>\n<p>En este marco se trabaj\u00f3 una herramienta que sirve para diagnosticar los impedimentos cruciales para la inclusi\u00f3n financiera. \u00a0Este encuentro reuni\u00f3 a m\u00e1s de 20 representantes de alto nivel, autoridades involucradas en el dise\u00f1o e implementaci\u00f3n de las estrategias nacionales de inclusi\u00f3n financiera de sus pa\u00edses<\/p>\n<p>Naciones como Ecuador y Per\u00fa trataron sobre esta nueva metodolog\u00eda aplicando sus propios ajustes locales; \u00a0en un segundo taller se dio continuidad \u00a0para formular las estrategias \u00a0sobre la aplicaci\u00f3n del \u00c1rbol de decisi\u00f3n de pol\u00edticas.<\/p>\n<p>Vale la pena recalcar que este proyecto tiene como objetivo llenar el vac\u00edo y satisfacer las necesidades de los formuladores de pol\u00edticas mediante el desarrollo de la metodolog\u00eda del \u00c1rbol de decisiones, el cual permite identificar impedimentos espec\u00edficos de cada pa\u00eds y as\u00ed contar con una mejora sustancial en lo que respecta a la inclusi\u00f3n financiera.<\/p>\n<p><em><strong>Quito, 9 diciembre 2019<\/strong><\/em><\/p>\n","protected":false},"excerpt":{"rendered":"<p>En octubre pasado en la ciudad de M\u00e9xico, Ruth Arregui, Superintendente de Bancos particip\u00f3 en varios talleres organizados por la CGD (Center Global Development) y\u00a0la\u00a0Alianza para la Inclusi\u00f3n Financiera (AFI), \u00a0como representante de la entidad encargada de generar pol\u00edticas de inclusi\u00f3n financiera por parte del Ecuador. En este marco se trabaj\u00f3 una herramienta que sirve [&hellip;]<\/p>\n","protected":false},"author":3,"featured_media":8286,"comment_status":"closed","ping_status":"open","sticky":false,"template":"","format":"standard","meta":{"footnotes":""},"categories":[114,5,6],"tags":[],"class_list":["post-8283","post","type-post","status-publish","format-standard","has-post-thumbnail","hentry","category-boletin-de-prensa","category-noticias","category-noticias-destacadas"],"yoast_head":"<!-- This site is optimized with the Yoast SEO plugin v25.4 - https:\/\/yoast.com\/wordpress\/plugins\/seo\/ -->\n<title>Impulsando la Inclusi\u00f3n Financiera - Superintendencia de Bancos<\/title>\n<meta name=\"robots\" content=\"index, follow, max-snippet:-1, max-image-preview:large, max-video-preview:-1\" \/>\n<link rel=\"canonical\" href=\"https:\/\/www.superbancos.gob.ec\/bancos\/impulsando-la-inclusion-financiera\/\" \/>\n<meta property=\"og:locale\" content=\"es_ES\" \/>\n<meta property=\"og:type\" content=\"article\" \/>\n<meta property=\"og:title\" content=\"Impulsando la Inclusi\u00f3n Financiera - Superintendencia de Bancos\" \/>\n<meta property=\"og:description\" content=\"En octubre pasado en la ciudad de M\u00e9xico, Ruth Arregui, Superintendente de Bancos particip\u00f3 en varios talleres organizados por la CGD (Center Global Development) y\u00a0la\u00a0Alianza para la Inclusi\u00f3n Financiera (AFI), \u00a0como representante de la entidad encargada de generar pol\u00edticas de inclusi\u00f3n financiera por parte del Ecuador. En este marco se trabaj\u00f3 una herramienta que sirve [&hellip;]\" \/>\n<meta property=\"og:url\" content=\"https:\/\/www.superbancos.gob.ec\/bancos\/impulsando-la-inclusion-financiera\/\" \/>\n<meta property=\"og:site_name\" content=\"Superintendencia de Bancos\" \/>\n<meta property=\"article:published_time\" content=\"2019-12-10T00:18:06+00:00\" \/>\n<meta property=\"article:modified_time\" content=\"2021-11-25T16:34:57+00:00\" \/>\n<meta property=\"og:image\" content=\"https:\/\/www.superbancos.gob.ec\/bancos\/wp-content\/uploads\/2019\/12\/Inclusion-Financiera-Mexico.jpeg\" \/>\n\t<meta property=\"og:image:width\" content=\"1280\" \/>\n\t<meta property=\"og:image:height\" content=\"775\" \/>\n\t<meta property=\"og:image:type\" content=\"image\/jpeg\" \/>\n<meta name=\"author\" content=\"Diego Buendia\" \/>\n<meta name=\"twitter:card\" content=\"summary_large_image\" \/>\n<script type=\"application\/ld+json\" class=\"yoast-schema-graph\">{\"@context\":\"https:\/\/schema.org\",\"@graph\":[{\"@type\":\"Article\",\"@id\":\"https:\/\/www.superbancos.gob.ec\/bancos\/impulsando-la-inclusion-financiera\/#article\",\"isPartOf\":{\"@id\":\"https:\/\/www.superbancos.gob.ec\/bancos\/impulsando-la-inclusion-financiera\/\"},\"author\":{\"name\":\"Diego Buendia\",\"@id\":\"https:\/\/www.superbancos.gob.ec\/bancos\/#\/schema\/person\/c12770f5145f3723f3aa20c0aafac282\"},\"headline\":\"Impulsando la Inclusi\u00f3n Financiera\",\"datePublished\":\"2019-12-10T00:18:06+00:00\",\"dateModified\":\"2021-11-25T16:34:57+00:00\",\"mainEntityOfPage\":{\"@id\":\"https:\/\/www.superbancos.gob.ec\/bancos\/impulsando-la-inclusion-financiera\/\"},\"wordCount\":211,\"publisher\":{\"@id\":\"https:\/\/www.superbancos.gob.ec\/bancos\/#organization\"},\"image\":{\"@id\":\"https:\/\/www.superbancos.gob.ec\/bancos\/impulsando-la-inclusion-financiera\/#primaryimage\"},\"thumbnailUrl\":\"https:\/\/www.superbancos.gob.ec\/bancos\/wp-content\/uploads\/2019\/12\/Inclusion-Financiera-Mexico.jpeg\",\"articleSection\":[\"Bolet\u00edn de prensa\",\"Noticias\",\"Noticias Destacadas\"],\"inLanguage\":\"es\"},{\"@type\":\"WebPage\",\"@id\":\"https:\/\/www.superbancos.gob.ec\/bancos\/impulsando-la-inclusion-financiera\/\",\"url\":\"https:\/\/www.superbancos.gob.ec\/bancos\/impulsando-la-inclusion-financiera\/\",\"name\":\"Impulsando la Inclusi\u00f3n Financiera - Superintendencia de Bancos\",\"isPartOf\":{\"@id\":\"https:\/\/www.superbancos.gob.ec\/bancos\/#website\"},\"primaryImageOfPage\":{\"@id\":\"https:\/\/www.superbancos.gob.ec\/bancos\/impulsando-la-inclusion-financiera\/#primaryimage\"},\"image\":{\"@id\":\"https:\/\/www.superbancos.gob.ec\/bancos\/impulsando-la-inclusion-financiera\/#primaryimage\"},\"thumbnailUrl\":\"https:\/\/www.superbancos.gob.ec\/bancos\/wp-content\/uploads\/2019\/12\/Inclusion-Financiera-Mexico.jpeg\",\"datePublished\":\"2019-12-10T00:18:06+00:00\",\"dateModified\":\"2021-11-25T16:34:57+00:00\",\"breadcrumb\":{\"@id\":\"https:\/\/www.superbancos.gob.ec\/bancos\/impulsando-la-inclusion-financiera\/#breadcrumb\"},\"inLanguage\":\"es\",\"potentialAction\":[{\"@type\":\"ReadAction\",\"target\":[\"https:\/\/www.superbancos.gob.ec\/bancos\/impulsando-la-inclusion-financiera\/\"]}]},{\"@type\":\"ImageObject\",\"inLanguage\":\"es\",\"@id\":\"https:\/\/www.superbancos.gob.ec\/bancos\/impulsando-la-inclusion-financiera\/#primaryimage\",\"url\":\"https:\/\/www.superbancos.gob.ec\/bancos\/wp-content\/uploads\/2019\/12\/Inclusion-Financiera-Mexico.jpeg\",\"contentUrl\":\"https:\/\/www.superbancos.gob.ec\/bancos\/wp-content\/uploads\/2019\/12\/Inclusion-Financiera-Mexico.jpeg\",\"width\":1280,\"height\":775},{\"@type\":\"BreadcrumbList\",\"@id\":\"https:\/\/www.superbancos.gob.ec\/bancos\/impulsando-la-inclusion-financiera\/#breadcrumb\",\"itemListElement\":[{\"@type\":\"ListItem\",\"position\":1,\"name\":\"Portada\",\"item\":\"https:\/\/www.superbancos.gob.ec\/bancos\/\"},{\"@type\":\"ListItem\",\"position\":2,\"name\":\"Impulsando la Inclusi\u00f3n Financiera\"}]},{\"@type\":\"WebSite\",\"@id\":\"https:\/\/www.superbancos.gob.ec\/bancos\/#website\",\"url\":\"https:\/\/www.superbancos.gob.ec\/bancos\/\",\"name\":\"Superintendencia de Bancos\",\"description\":\"Organo de Control del Sistema Financiero Ecuatoriano.\",\"publisher\":{\"@id\":\"https:\/\/www.superbancos.gob.ec\/bancos\/#organization\"},\"alternateName\":\"Super de Bancos\",\"potentialAction\":[{\"@type\":\"SearchAction\",\"target\":{\"@type\":\"EntryPoint\",\"urlTemplate\":\"https:\/\/www.superbancos.gob.ec\/bancos\/?s={search_term_string}\"},\"query-input\":{\"@type\":\"PropertyValueSpecification\",\"valueRequired\":true,\"valueName\":\"search_term_string\"}}],\"inLanguage\":\"es\"},{\"@type\":\"Organization\",\"@id\":\"https:\/\/www.superbancos.gob.ec\/bancos\/#organization\",\"name\":\"Superintendencia de Bancos\",\"url\":\"https:\/\/www.superbancos.gob.ec\/bancos\/\",\"logo\":{\"@type\":\"ImageObject\",\"inLanguage\":\"es\",\"@id\":\"https:\/\/www.superbancos.gob.ec\/bancos\/#\/schema\/logo\/image\/\",\"url\":\"https:\/\/www.superbancos.gob.ec\/bancos\/wp-content\/uploads\/2022\/09\/Logo_Super.png\",\"contentUrl\":\"https:\/\/www.superbancos.gob.ec\/bancos\/wp-content\/uploads\/2022\/09\/Logo_Super.png\",\"width\":340,\"height\":92,\"caption\":\"Superintendencia de Bancos\"},\"image\":{\"@id\":\"https:\/\/www.superbancos.gob.ec\/bancos\/#\/schema\/logo\/image\/\"}},{\"@type\":\"Person\",\"@id\":\"https:\/\/www.superbancos.gob.ec\/bancos\/#\/schema\/person\/c12770f5145f3723f3aa20c0aafac282\",\"name\":\"Diego Buendia\",\"image\":{\"@type\":\"ImageObject\",\"inLanguage\":\"es\",\"@id\":\"https:\/\/www.superbancos.gob.ec\/bancos\/#\/schema\/person\/image\/\",\"url\":\"https:\/\/secure.gravatar.com\/avatar\/f2dcb31e604664a7d81f71d8260b45eb?s=96&d=mm&r=g\",\"contentUrl\":\"https:\/\/secure.gravatar.com\/avatar\/f2dcb31e604664a7d81f71d8260b45eb?s=96&d=mm&r=g\",\"caption\":\"Diego Buendia\"},\"url\":\"https:\/\/www.superbancos.gob.ec\/bancos\/author\/dbuendia\/\"}]}<\/script>\n<!-- \/ Yoast SEO plugin. -->","yoast_head_json":{"title":"Impulsando la Inclusi\u00f3n Financiera - Superintendencia de Bancos","robots":{"index":"index","follow":"follow","max-snippet":"max-snippet:-1","max-image-preview":"max-image-preview:large","max-video-preview":"max-video-preview:-1"},"canonical":"https:\/\/www.superbancos.gob.ec\/bancos\/impulsando-la-inclusion-financiera\/","og_locale":"es_ES","og_type":"article","og_title":"Impulsando la Inclusi\u00f3n Financiera - Superintendencia de Bancos","og_description":"En octubre pasado en la ciudad de M\u00e9xico, Ruth Arregui, Superintendente de Bancos particip\u00f3 en varios talleres organizados por la CGD (Center Global Development) y\u00a0la\u00a0Alianza para la Inclusi\u00f3n Financiera (AFI), \u00a0como representante de la entidad encargada de generar pol\u00edticas de inclusi\u00f3n financiera por parte del Ecuador. En este marco se trabaj\u00f3 una herramienta que sirve [&hellip;]","og_url":"https:\/\/www.superbancos.gob.ec\/bancos\/impulsando-la-inclusion-financiera\/","og_site_name":"Superintendencia de Bancos","article_published_time":"2019-12-10T00:18:06+00:00","article_modified_time":"2021-11-25T16:34:57+00:00","og_image":[{"width":1280,"height":775,"url":"https:\/\/www.superbancos.gob.ec\/bancos\/wp-content\/uploads\/2019\/12\/Inclusion-Financiera-Mexico.jpeg","type":"image\/jpeg"}],"author":"Diego Buendia","twitter_card":"summary_large_image","schema":{"@context":"https:\/\/schema.org","@graph":[{"@type":"Article","@id":"https:\/\/www.superbancos.gob.ec\/bancos\/impulsando-la-inclusion-financiera\/#article","isPartOf":{"@id":"https:\/\/www.superbancos.gob.ec\/bancos\/impulsando-la-inclusion-financiera\/"},"author":{"name":"Diego Buendia","@id":"https:\/\/www.superbancos.gob.ec\/bancos\/#\/schema\/person\/c12770f5145f3723f3aa20c0aafac282"},"headline":"Impulsando la Inclusi\u00f3n Financiera","datePublished":"2019-12-10T00:18:06+00:00","dateModified":"2021-11-25T16:34:57+00:00","mainEntityOfPage":{"@id":"https:\/\/www.superbancos.gob.ec\/bancos\/impulsando-la-inclusion-financiera\/"},"wordCount":211,"publisher":{"@id":"https:\/\/www.superbancos.gob.ec\/bancos\/#organization"},"image":{"@id":"https:\/\/www.superbancos.gob.ec\/bancos\/impulsando-la-inclusion-financiera\/#primaryimage"},"thumbnailUrl":"https:\/\/www.superbancos.gob.ec\/bancos\/wp-content\/uploads\/2019\/12\/Inclusion-Financiera-Mexico.jpeg","articleSection":["Bolet\u00edn de prensa","Noticias","Noticias Destacadas"],"inLanguage":"es"},{"@type":"WebPage","@id":"https:\/\/www.superbancos.gob.ec\/bancos\/impulsando-la-inclusion-financiera\/","url":"https:\/\/www.superbancos.gob.ec\/bancos\/impulsando-la-inclusion-financiera\/","name":"Impulsando la Inclusi\u00f3n Financiera - Superintendencia de Bancos","isPartOf":{"@id":"https:\/\/www.superbancos.gob.ec\/bancos\/#website"},"primaryImageOfPage":{"@id":"https:\/\/www.superbancos.gob.ec\/bancos\/impulsando-la-inclusion-financiera\/#primaryimage"},"image":{"@id":"https:\/\/www.superbancos.gob.ec\/bancos\/impulsando-la-inclusion-financiera\/#primaryimage"},"thumbnailUrl":"https:\/\/www.superbancos.gob.ec\/bancos\/wp-content\/uploads\/2019\/12\/Inclusion-Financiera-Mexico.jpeg","datePublished":"2019-12-10T00:18:06+00:00","dateModified":"2021-11-25T16:34:57+00:00","breadcrumb":{"@id":"https:\/\/www.superbancos.gob.ec\/bancos\/impulsando-la-inclusion-financiera\/#breadcrumb"},"inLanguage":"es","potentialAction":[{"@type":"ReadAction","target":["https:\/\/www.superbancos.gob.ec\/bancos\/impulsando-la-inclusion-financiera\/"]}]},{"@type":"ImageObject","inLanguage":"es","@id":"https:\/\/www.superbancos.gob.ec\/bancos\/impulsando-la-inclusion-financiera\/#primaryimage","url":"https:\/\/www.superbancos.gob.ec\/bancos\/wp-content\/uploads\/2019\/12\/Inclusion-Financiera-Mexico.jpeg","contentUrl":"https:\/\/www.superbancos.gob.ec\/bancos\/wp-content\/uploads\/2019\/12\/Inclusion-Financiera-Mexico.jpeg","width":1280,"height":775},{"@type":"BreadcrumbList","@id":"https:\/\/www.superbancos.gob.ec\/bancos\/impulsando-la-inclusion-financiera\/#breadcrumb","itemListElement":[{"@type":"ListItem","position":1,"name":"Portada","item":"https:\/\/www.superbancos.gob.ec\/bancos\/"},{"@type":"ListItem","position":2,"name":"Impulsando la Inclusi\u00f3n Financiera"}]},{"@type":"WebSite","@id":"https:\/\/www.superbancos.gob.ec\/bancos\/#website","url":"https:\/\/www.superbancos.gob.ec\/bancos\/","name":"Superintendencia de Bancos","description":"Organo de Control del Sistema Financiero Ecuatoriano.","publisher":{"@id":"https:\/\/www.superbancos.gob.ec\/bancos\/#organization"},"alternateName":"Super de Bancos","potentialAction":[{"@type":"SearchAction","target":{"@type":"EntryPoint","urlTemplate":"https:\/\/www.superbancos.gob.ec\/bancos\/?s={search_term_string}"},"query-input":{"@type":"PropertyValueSpecification","valueRequired":true,"valueName":"search_term_string"}}],"inLanguage":"es"},{"@type":"Organization","@id":"https:\/\/www.superbancos.gob.ec\/bancos\/#organization","name":"Superintendencia de Bancos","url":"https:\/\/www.superbancos.gob.ec\/bancos\/","logo":{"@type":"ImageObject","inLanguage":"es","@id":"https:\/\/www.superbancos.gob.ec\/bancos\/#\/schema\/logo\/image\/","url":"https:\/\/www.superbancos.gob.ec\/bancos\/wp-content\/uploads\/2022\/09\/Logo_Super.png","contentUrl":"https:\/\/www.superbancos.gob.ec\/bancos\/wp-content\/uploads\/2022\/09\/Logo_Super.png","width":340,"height":92,"caption":"Superintendencia de Bancos"},"image":{"@id":"https:\/\/www.superbancos.gob.ec\/bancos\/#\/schema\/logo\/image\/"}},{"@type":"Person","@id":"https:\/\/www.superbancos.gob.ec\/bancos\/#\/schema\/person\/c12770f5145f3723f3aa20c0aafac282","name":"Diego Buendia","image":{"@type":"ImageObject","inLanguage":"es","@id":"https:\/\/www.superbancos.gob.ec\/bancos\/#\/schema\/person\/image\/","url":"https:\/\/secure.gravatar.com\/avatar\/f2dcb31e604664a7d81f71d8260b45eb?s=96&d=mm&r=g","contentUrl":"https:\/\/secure.gravatar.com\/avatar\/f2dcb31e604664a7d81f71d8260b45eb?s=96&d=mm&r=g","caption":"Diego Buendia"},"url":"https:\/\/www.superbancos.gob.ec\/bancos\/author\/dbuendia\/"}]}},"_links":{"self":[{"href":"https:\/\/www.superbancos.gob.ec\/bancos\/wp-json\/wp\/v2\/posts\/8283"}],"collection":[{"href":"https:\/\/www.superbancos.gob.ec\/bancos\/wp-json\/wp\/v2\/posts"}],"about":[{"href":"https:\/\/www.superbancos.gob.ec\/bancos\/wp-json\/wp\/v2\/types\/post"}],"author":[{"embeddable":true,"href":"https:\/\/www.superbancos.gob.ec\/bancos\/wp-json\/wp\/v2\/users\/3"}],"replies":[{"embeddable":true,"href":"https:\/\/www.superbancos.gob.ec\/bancos\/wp-json\/wp\/v2\/comments?post=8283"}],"version-history":[{"count":3,"href":"https:\/\/www.superbancos.gob.ec\/bancos\/wp-json\/wp\/v2\/posts\/8283\/revisions"}],"predecessor-version":[{"id":13793,"href":"https:\/\/www.superbancos.gob.ec\/bancos\/wp-json\/wp\/v2\/posts\/8283\/revisions\/13793"}],"wp:featuredmedia":[{"embeddable":true,"href":"https:\/\/www.superbancos.gob.ec\/bancos\/wp-json\/wp\/v2\/media\/8286"}],"wp:attachment":[{"href":"https:\/\/www.superbancos.gob.ec\/bancos\/wp-json\/wp\/v2\/media?parent=8283"}],"wp:term":[{"taxonomy":"category","embeddable":true,"href":"https:\/\/www.superbancos.gob.ec\/bancos\/wp-json\/wp\/v2\/categories?post=8283"},{"taxonomy":"post_tag","embeddable":true,"href":"https:\/\/www.superbancos.gob.ec\/bancos\/wp-json\/wp\/v2\/tags?post=8283"}],"curies":[{"name":"wp","href":"https:\/\/api.w.org\/{rel}","templated":true}]}}