{"id":8371,"date":"2019-12-26T11:49:52","date_gmt":"2019-12-26T16:49:52","guid":{"rendered":"https:\/\/www.superbancos.gob.ec\/bancos\/?p=8371"},"modified":"2021-11-25T11:20:35","modified_gmt":"2021-11-25T16:20:35","slug":"superintendenta-de-bancos-recibio-visita-de-director-ejecutivo-del-bid","status":"publish","type":"post","link":"https:\/\/www.superbancos.gob.ec\/bancos\/superintendenta-de-bancos-recibio-visita-de-director-ejecutivo-del-bid\/","title":{"rendered":"Superintendenta de Bancos recibi\u00f3 visita de Director Ejecutivo del BID"},"content":{"rendered":"<p>La superintendente de Bancos Ruth Arregui, recibi\u00f3 en su despacho la visita de Toshiyuki Yasui, director ejecutivo por Corea, Croacia, Eslovenia, Jap\u00f3n, Portugal y Reino Unido, del Banco Interamericano de Desarrollo (BID).<\/p>\n<p>En la cita, la Superintendente de Bancos agradeci\u00f3 el inter\u00e9s del BID por conocer la situaci\u00f3n actual del pa\u00eds en temas de Inclusi\u00f3n Financiera y de innovaci\u00f3n social, adem\u00e1s de la proyecci\u00f3n de la Superintendencia de Bancos para promover el acceso universal a productos y servicios financieros.<\/p>\n<p>Se precis\u00f3 que las prioridades de la visi\u00f3n de la Superintendencia de Bancos se enfocan en los 4 pilares de la Inclusi\u00f3n Financiera: acceso, uso, educaci\u00f3n financiera y protecci\u00f3n al usuario. De su parte, Yasui, destac\u00f3 la importancia de trabajar en favor de la disminuci\u00f3n de la brecha social en el \u00e1mbito de la inclusi\u00f3n financiera y, as\u00ed lograr mayores ingresos y bienestar en la poblaci\u00f3n.<\/p>\n<p>Toshiyuki Yasui prest\u00f3 valiosos servicios al Gobierno de Jap\u00f3n durante 31 a\u00f1os, en el transcurso de los cuales ocup\u00f3 altos puestos directivos en distintas instituciones. Ha recibido el Premio al Mejor Trabajo de la comunidad acad\u00e9mica cuatro veces: de la Sociedad de Inteligencia Competitiva de Jap\u00f3n (2010 y 2011) y de la Sociedad Creativa de Jap\u00f3n (2013 y 2014).<\/p>\n<p><em><strong>Quito, 26 diciembre 2019<\/strong><\/em><\/p>\n","protected":false},"excerpt":{"rendered":"<p>La superintendente de Bancos Ruth Arregui, recibi\u00f3 en su despacho la visita de Toshiyuki Yasui, director ejecutivo por Corea, Croacia, Eslovenia, Jap\u00f3n, Portugal y Reino Unido, del Banco Interamericano de Desarrollo (BID). En la cita, la Superintendente de Bancos agradeci\u00f3 el inter\u00e9s del BID por conocer la situaci\u00f3n actual del pa\u00eds en temas de Inclusi\u00f3n [&hellip;]<\/p>\n","protected":false},"author":3,"featured_media":8372,"comment_status":"closed","ping_status":"open","sticky":false,"template":"","format":"standard","meta":{"footnotes":""},"categories":[114,5,6],"tags":[],"class_list":["post-8371","post","type-post","status-publish","format-standard","has-post-thumbnail","hentry","category-boletin-de-prensa","category-noticias","category-noticias-destacadas"],"yoast_head":"<!-- This site is optimized with the Yoast SEO plugin v25.4 - https:\/\/yoast.com\/wordpress\/plugins\/seo\/ -->\n<title>Superintendenta de Bancos recibi\u00f3 visita de Director Ejecutivo del BID - Superintendencia de Bancos<\/title>\n<meta name=\"robots\" content=\"index, follow, max-snippet:-1, max-image-preview:large, max-video-preview:-1\" \/>\n<link rel=\"canonical\" href=\"https:\/\/www.superbancos.gob.ec\/bancos\/superintendenta-de-bancos-recibio-visita-de-director-ejecutivo-del-bid\/\" \/>\n<meta property=\"og:locale\" content=\"es_ES\" \/>\n<meta property=\"og:type\" content=\"article\" \/>\n<meta property=\"og:title\" content=\"Superintendenta de Bancos recibi\u00f3 visita de Director Ejecutivo del BID - Superintendencia de Bancos\" \/>\n<meta property=\"og:description\" content=\"La superintendente de Bancos Ruth Arregui, recibi\u00f3 en su despacho la visita de Toshiyuki Yasui, director ejecutivo por Corea, Croacia, Eslovenia, Jap\u00f3n, Portugal y Reino Unido, del Banco Interamericano de Desarrollo (BID). En la cita, la Superintendente de Bancos agradeci\u00f3 el inter\u00e9s del BID por conocer la situaci\u00f3n actual del pa\u00eds en temas de Inclusi\u00f3n [&hellip;]\" \/>\n<meta property=\"og:url\" content=\"https:\/\/www.superbancos.gob.ec\/bancos\/superintendenta-de-bancos-recibio-visita-de-director-ejecutivo-del-bid\/\" \/>\n<meta property=\"og:site_name\" content=\"Superintendencia de Bancos\" \/>\n<meta property=\"article:published_time\" content=\"2019-12-26T16:49:52+00:00\" \/>\n<meta property=\"article:modified_time\" content=\"2021-11-25T16:20:35+00:00\" \/>\n<meta property=\"og:image\" content=\"https:\/\/www.superbancos.gob.ec\/bancos\/wp-content\/uploads\/2019\/12\/super_BID.jpg\" \/>\n\t<meta property=\"og:image:width\" content=\"800\" \/>\n\t<meta property=\"og:image:height\" content=\"450\" \/>\n\t<meta property=\"og:image:type\" content=\"image\/jpeg\" \/>\n<meta name=\"author\" content=\"Diego Buendia\" \/>\n<meta name=\"twitter:card\" content=\"summary_large_image\" \/>\n<script type=\"application\/ld+json\" class=\"yoast-schema-graph\">{\"@context\":\"https:\/\/schema.org\",\"@graph\":[{\"@type\":\"Article\",\"@id\":\"https:\/\/www.superbancos.gob.ec\/bancos\/superintendenta-de-bancos-recibio-visita-de-director-ejecutivo-del-bid\/#article\",\"isPartOf\":{\"@id\":\"https:\/\/www.superbancos.gob.ec\/bancos\/superintendenta-de-bancos-recibio-visita-de-director-ejecutivo-del-bid\/\"},\"author\":{\"name\":\"Diego Buendia\",\"@id\":\"https:\/\/www.superbancos.gob.ec\/bancos\/#\/schema\/person\/c12770f5145f3723f3aa20c0aafac282\"},\"headline\":\"Superintendenta de Bancos recibi\u00f3 visita de Director Ejecutivo del BID\",\"datePublished\":\"2019-12-26T16:49:52+00:00\",\"dateModified\":\"2021-11-25T16:20:35+00:00\",\"mainEntityOfPage\":{\"@id\":\"https:\/\/www.superbancos.gob.ec\/bancos\/superintendenta-de-bancos-recibio-visita-de-director-ejecutivo-del-bid\/\"},\"wordCount\":230,\"publisher\":{\"@id\":\"https:\/\/www.superbancos.gob.ec\/bancos\/#organization\"},\"image\":{\"@id\":\"https:\/\/www.superbancos.gob.ec\/bancos\/superintendenta-de-bancos-recibio-visita-de-director-ejecutivo-del-bid\/#primaryimage\"},\"thumbnailUrl\":\"https:\/\/www.superbancos.gob.ec\/bancos\/wp-content\/uploads\/2019\/12\/super_BID.jpg\",\"articleSection\":[\"Bolet\u00edn de prensa\",\"Noticias\",\"Noticias Destacadas\"],\"inLanguage\":\"es\"},{\"@type\":\"WebPage\",\"@id\":\"https:\/\/www.superbancos.gob.ec\/bancos\/superintendenta-de-bancos-recibio-visita-de-director-ejecutivo-del-bid\/\",\"url\":\"https:\/\/www.superbancos.gob.ec\/bancos\/superintendenta-de-bancos-recibio-visita-de-director-ejecutivo-del-bid\/\",\"name\":\"Superintendenta de Bancos recibi\u00f3 visita de Director Ejecutivo del BID - Superintendencia de Bancos\",\"isPartOf\":{\"@id\":\"https:\/\/www.superbancos.gob.ec\/bancos\/#website\"},\"primaryImageOfPage\":{\"@id\":\"https:\/\/www.superbancos.gob.ec\/bancos\/superintendenta-de-bancos-recibio-visita-de-director-ejecutivo-del-bid\/#primaryimage\"},\"image\":{\"@id\":\"https:\/\/www.superbancos.gob.ec\/bancos\/superintendenta-de-bancos-recibio-visita-de-director-ejecutivo-del-bid\/#primaryimage\"},\"thumbnailUrl\":\"https:\/\/www.superbancos.gob.ec\/bancos\/wp-content\/uploads\/2019\/12\/super_BID.jpg\",\"datePublished\":\"2019-12-26T16:49:52+00:00\",\"dateModified\":\"2021-11-25T16:20:35+00:00\",\"breadcrumb\":{\"@id\":\"https:\/\/www.superbancos.gob.ec\/bancos\/superintendenta-de-bancos-recibio-visita-de-director-ejecutivo-del-bid\/#breadcrumb\"},\"inLanguage\":\"es\",\"potentialAction\":[{\"@type\":\"ReadAction\",\"target\":[\"https:\/\/www.superbancos.gob.ec\/bancos\/superintendenta-de-bancos-recibio-visita-de-director-ejecutivo-del-bid\/\"]}]},{\"@type\":\"ImageObject\",\"inLanguage\":\"es\",\"@id\":\"https:\/\/www.superbancos.gob.ec\/bancos\/superintendenta-de-bancos-recibio-visita-de-director-ejecutivo-del-bid\/#primaryimage\",\"url\":\"https:\/\/www.superbancos.gob.ec\/bancos\/wp-content\/uploads\/2019\/12\/super_BID.jpg\",\"contentUrl\":\"https:\/\/www.superbancos.gob.ec\/bancos\/wp-content\/uploads\/2019\/12\/super_BID.jpg\",\"width\":800,\"height\":450},{\"@type\":\"BreadcrumbList\",\"@id\":\"https:\/\/www.superbancos.gob.ec\/bancos\/superintendenta-de-bancos-recibio-visita-de-director-ejecutivo-del-bid\/#breadcrumb\",\"itemListElement\":[{\"@type\":\"ListItem\",\"position\":1,\"name\":\"Portada\",\"item\":\"https:\/\/www.superbancos.gob.ec\/bancos\/\"},{\"@type\":\"ListItem\",\"position\":2,\"name\":\"Superintendenta de Bancos recibi\u00f3 visita de Director Ejecutivo del BID\"}]},{\"@type\":\"WebSite\",\"@id\":\"https:\/\/www.superbancos.gob.ec\/bancos\/#website\",\"url\":\"https:\/\/www.superbancos.gob.ec\/bancos\/\",\"name\":\"Superintendencia de Bancos\",\"description\":\"Organo de Control del Sistema Financiero Ecuatoriano.\",\"publisher\":{\"@id\":\"https:\/\/www.superbancos.gob.ec\/bancos\/#organization\"},\"alternateName\":\"Super de Bancos\",\"potentialAction\":[{\"@type\":\"SearchAction\",\"target\":{\"@type\":\"EntryPoint\",\"urlTemplate\":\"https:\/\/www.superbancos.gob.ec\/bancos\/?s={search_term_string}\"},\"query-input\":{\"@type\":\"PropertyValueSpecification\",\"valueRequired\":true,\"valueName\":\"search_term_string\"}}],\"inLanguage\":\"es\"},{\"@type\":\"Organization\",\"@id\":\"https:\/\/www.superbancos.gob.ec\/bancos\/#organization\",\"name\":\"Superintendencia de Bancos\",\"url\":\"https:\/\/www.superbancos.gob.ec\/bancos\/\",\"logo\":{\"@type\":\"ImageObject\",\"inLanguage\":\"es\",\"@id\":\"https:\/\/www.superbancos.gob.ec\/bancos\/#\/schema\/logo\/image\/\",\"url\":\"https:\/\/www.superbancos.gob.ec\/bancos\/wp-content\/uploads\/2022\/09\/Logo_Super.png\",\"contentUrl\":\"https:\/\/www.superbancos.gob.ec\/bancos\/wp-content\/uploads\/2022\/09\/Logo_Super.png\",\"width\":340,\"height\":92,\"caption\":\"Superintendencia de Bancos\"},\"image\":{\"@id\":\"https:\/\/www.superbancos.gob.ec\/bancos\/#\/schema\/logo\/image\/\"}},{\"@type\":\"Person\",\"@id\":\"https:\/\/www.superbancos.gob.ec\/bancos\/#\/schema\/person\/c12770f5145f3723f3aa20c0aafac282\",\"name\":\"Diego Buendia\",\"image\":{\"@type\":\"ImageObject\",\"inLanguage\":\"es\",\"@id\":\"https:\/\/www.superbancos.gob.ec\/bancos\/#\/schema\/person\/image\/\",\"url\":\"https:\/\/secure.gravatar.com\/avatar\/f2dcb31e604664a7d81f71d8260b45eb?s=96&d=mm&r=g\",\"contentUrl\":\"https:\/\/secure.gravatar.com\/avatar\/f2dcb31e604664a7d81f71d8260b45eb?s=96&d=mm&r=g\",\"caption\":\"Diego Buendia\"},\"url\":\"https:\/\/www.superbancos.gob.ec\/bancos\/author\/dbuendia\/\"}]}<\/script>\n<!-- \/ Yoast SEO plugin. -->","yoast_head_json":{"title":"Superintendenta de Bancos recibi\u00f3 visita de Director Ejecutivo del BID - Superintendencia de Bancos","robots":{"index":"index","follow":"follow","max-snippet":"max-snippet:-1","max-image-preview":"max-image-preview:large","max-video-preview":"max-video-preview:-1"},"canonical":"https:\/\/www.superbancos.gob.ec\/bancos\/superintendenta-de-bancos-recibio-visita-de-director-ejecutivo-del-bid\/","og_locale":"es_ES","og_type":"article","og_title":"Superintendenta de Bancos recibi\u00f3 visita de Director Ejecutivo del BID - Superintendencia de Bancos","og_description":"La superintendente de Bancos Ruth Arregui, recibi\u00f3 en su despacho la visita de Toshiyuki Yasui, director ejecutivo por Corea, Croacia, Eslovenia, Jap\u00f3n, Portugal y Reino Unido, del Banco Interamericano de Desarrollo (BID). En la cita, la Superintendente de Bancos agradeci\u00f3 el inter\u00e9s del BID por conocer la situaci\u00f3n actual del pa\u00eds en temas de Inclusi\u00f3n [&hellip;]","og_url":"https:\/\/www.superbancos.gob.ec\/bancos\/superintendenta-de-bancos-recibio-visita-de-director-ejecutivo-del-bid\/","og_site_name":"Superintendencia de Bancos","article_published_time":"2019-12-26T16:49:52+00:00","article_modified_time":"2021-11-25T16:20:35+00:00","og_image":[{"width":800,"height":450,"url":"https:\/\/www.superbancos.gob.ec\/bancos\/wp-content\/uploads\/2019\/12\/super_BID.jpg","type":"image\/jpeg"}],"author":"Diego Buendia","twitter_card":"summary_large_image","schema":{"@context":"https:\/\/schema.org","@graph":[{"@type":"Article","@id":"https:\/\/www.superbancos.gob.ec\/bancos\/superintendenta-de-bancos-recibio-visita-de-director-ejecutivo-del-bid\/#article","isPartOf":{"@id":"https:\/\/www.superbancos.gob.ec\/bancos\/superintendenta-de-bancos-recibio-visita-de-director-ejecutivo-del-bid\/"},"author":{"name":"Diego Buendia","@id":"https:\/\/www.superbancos.gob.ec\/bancos\/#\/schema\/person\/c12770f5145f3723f3aa20c0aafac282"},"headline":"Superintendenta de Bancos recibi\u00f3 visita de Director Ejecutivo del BID","datePublished":"2019-12-26T16:49:52+00:00","dateModified":"2021-11-25T16:20:35+00:00","mainEntityOfPage":{"@id":"https:\/\/www.superbancos.gob.ec\/bancos\/superintendenta-de-bancos-recibio-visita-de-director-ejecutivo-del-bid\/"},"wordCount":230,"publisher":{"@id":"https:\/\/www.superbancos.gob.ec\/bancos\/#organization"},"image":{"@id":"https:\/\/www.superbancos.gob.ec\/bancos\/superintendenta-de-bancos-recibio-visita-de-director-ejecutivo-del-bid\/#primaryimage"},"thumbnailUrl":"https:\/\/www.superbancos.gob.ec\/bancos\/wp-content\/uploads\/2019\/12\/super_BID.jpg","articleSection":["Bolet\u00edn de prensa","Noticias","Noticias Destacadas"],"inLanguage":"es"},{"@type":"WebPage","@id":"https:\/\/www.superbancos.gob.ec\/bancos\/superintendenta-de-bancos-recibio-visita-de-director-ejecutivo-del-bid\/","url":"https:\/\/www.superbancos.gob.ec\/bancos\/superintendenta-de-bancos-recibio-visita-de-director-ejecutivo-del-bid\/","name":"Superintendenta de Bancos recibi\u00f3 visita de Director Ejecutivo del BID - Superintendencia de Bancos","isPartOf":{"@id":"https:\/\/www.superbancos.gob.ec\/bancos\/#website"},"primaryImageOfPage":{"@id":"https:\/\/www.superbancos.gob.ec\/bancos\/superintendenta-de-bancos-recibio-visita-de-director-ejecutivo-del-bid\/#primaryimage"},"image":{"@id":"https:\/\/www.superbancos.gob.ec\/bancos\/superintendenta-de-bancos-recibio-visita-de-director-ejecutivo-del-bid\/#primaryimage"},"thumbnailUrl":"https:\/\/www.superbancos.gob.ec\/bancos\/wp-content\/uploads\/2019\/12\/super_BID.jpg","datePublished":"2019-12-26T16:49:52+00:00","dateModified":"2021-11-25T16:20:35+00:00","breadcrumb":{"@id":"https:\/\/www.superbancos.gob.ec\/bancos\/superintendenta-de-bancos-recibio-visita-de-director-ejecutivo-del-bid\/#breadcrumb"},"inLanguage":"es","potentialAction":[{"@type":"ReadAction","target":["https:\/\/www.superbancos.gob.ec\/bancos\/superintendenta-de-bancos-recibio-visita-de-director-ejecutivo-del-bid\/"]}]},{"@type":"ImageObject","inLanguage":"es","@id":"https:\/\/www.superbancos.gob.ec\/bancos\/superintendenta-de-bancos-recibio-visita-de-director-ejecutivo-del-bid\/#primaryimage","url":"https:\/\/www.superbancos.gob.ec\/bancos\/wp-content\/uploads\/2019\/12\/super_BID.jpg","contentUrl":"https:\/\/www.superbancos.gob.ec\/bancos\/wp-content\/uploads\/2019\/12\/super_BID.jpg","width":800,"height":450},{"@type":"BreadcrumbList","@id":"https:\/\/www.superbancos.gob.ec\/bancos\/superintendenta-de-bancos-recibio-visita-de-director-ejecutivo-del-bid\/#breadcrumb","itemListElement":[{"@type":"ListItem","position":1,"name":"Portada","item":"https:\/\/www.superbancos.gob.ec\/bancos\/"},{"@type":"ListItem","position":2,"name":"Superintendenta de Bancos recibi\u00f3 visita de Director Ejecutivo del BID"}]},{"@type":"WebSite","@id":"https:\/\/www.superbancos.gob.ec\/bancos\/#website","url":"https:\/\/www.superbancos.gob.ec\/bancos\/","name":"Superintendencia de Bancos","description":"Organo de Control del Sistema Financiero Ecuatoriano.","publisher":{"@id":"https:\/\/www.superbancos.gob.ec\/bancos\/#organization"},"alternateName":"Super de Bancos","potentialAction":[{"@type":"SearchAction","target":{"@type":"EntryPoint","urlTemplate":"https:\/\/www.superbancos.gob.ec\/bancos\/?s={search_term_string}"},"query-input":{"@type":"PropertyValueSpecification","valueRequired":true,"valueName":"search_term_string"}}],"inLanguage":"es"},{"@type":"Organization","@id":"https:\/\/www.superbancos.gob.ec\/bancos\/#organization","name":"Superintendencia de Bancos","url":"https:\/\/www.superbancos.gob.ec\/bancos\/","logo":{"@type":"ImageObject","inLanguage":"es","@id":"https:\/\/www.superbancos.gob.ec\/bancos\/#\/schema\/logo\/image\/","url":"https:\/\/www.superbancos.gob.ec\/bancos\/wp-content\/uploads\/2022\/09\/Logo_Super.png","contentUrl":"https:\/\/www.superbancos.gob.ec\/bancos\/wp-content\/uploads\/2022\/09\/Logo_Super.png","width":340,"height":92,"caption":"Superintendencia de Bancos"},"image":{"@id":"https:\/\/www.superbancos.gob.ec\/bancos\/#\/schema\/logo\/image\/"}},{"@type":"Person","@id":"https:\/\/www.superbancos.gob.ec\/bancos\/#\/schema\/person\/c12770f5145f3723f3aa20c0aafac282","name":"Diego Buendia","image":{"@type":"ImageObject","inLanguage":"es","@id":"https:\/\/www.superbancos.gob.ec\/bancos\/#\/schema\/person\/image\/","url":"https:\/\/secure.gravatar.com\/avatar\/f2dcb31e604664a7d81f71d8260b45eb?s=96&d=mm&r=g","contentUrl":"https:\/\/secure.gravatar.com\/avatar\/f2dcb31e604664a7d81f71d8260b45eb?s=96&d=mm&r=g","caption":"Diego Buendia"},"url":"https:\/\/www.superbancos.gob.ec\/bancos\/author\/dbuendia\/"}]}},"_links":{"self":[{"href":"https:\/\/www.superbancos.gob.ec\/bancos\/wp-json\/wp\/v2\/posts\/8371"}],"collection":[{"href":"https:\/\/www.superbancos.gob.ec\/bancos\/wp-json\/wp\/v2\/posts"}],"about":[{"href":"https:\/\/www.superbancos.gob.ec\/bancos\/wp-json\/wp\/v2\/types\/post"}],"author":[{"embeddable":true,"href":"https:\/\/www.superbancos.gob.ec\/bancos\/wp-json\/wp\/v2\/users\/3"}],"replies":[{"embeddable":true,"href":"https:\/\/www.superbancos.gob.ec\/bancos\/wp-json\/wp\/v2\/comments?post=8371"}],"version-history":[{"count":2,"href":"https:\/\/www.superbancos.gob.ec\/bancos\/wp-json\/wp\/v2\/posts\/8371\/revisions"}],"predecessor-version":[{"id":13781,"href":"https:\/\/www.superbancos.gob.ec\/bancos\/wp-json\/wp\/v2\/posts\/8371\/revisions\/13781"}],"wp:featuredmedia":[{"embeddable":true,"href":"https:\/\/www.superbancos.gob.ec\/bancos\/wp-json\/wp\/v2\/media\/8372"}],"wp:attachment":[{"href":"https:\/\/www.superbancos.gob.ec\/bancos\/wp-json\/wp\/v2\/media?parent=8371"}],"wp:term":[{"taxonomy":"category","embeddable":true,"href":"https:\/\/www.superbancos.gob.ec\/bancos\/wp-json\/wp\/v2\/categories?post=8371"},{"taxonomy":"post_tag","embeddable":true,"href":"https:\/\/www.superbancos.gob.ec\/bancos\/wp-json\/wp\/v2\/tags?post=8371"}],"curies":[{"name":"wp","href":"https:\/\/api.w.org\/{rel}","templated":true}]}}