{"id":8413,"date":"2020-01-10T16:54:53","date_gmt":"2020-01-10T21:54:53","guid":{"rendered":"https:\/\/www.superbancos.gob.ec\/bancos\/?p=8413"},"modified":"2021-11-25T11:21:22","modified_gmt":"2021-11-25T16:21:22","slug":"ftcs-eleccion-presidencia","status":"publish","type":"post","link":"https:\/\/www.superbancos.gob.ec\/bancos\/ftcs-eleccion-presidencia\/","title":{"rendered":"La Funci\u00f3n de Transparencia y Control Social mantiene su primera reuni\u00f3n del a\u00f1o y designa a sus titulares"},"content":{"rendered":"<p>La ma\u00f1ana de este viernes 10 de enero de 2020, se llev\u00f3 a cabo la primera reuni\u00f3n anual de la Funci\u00f3n de Transparencia y Control Social, de la cual la Superintendencia de Bancos es parte. Por unanimidad el Contralor General del Estado, Pablo Celi, fue designado presidente de esta funci\u00f3n.<\/p>\n<p>Celi, destac\u00f3 el rol de la Funci\u00f3n de Transparencia en la reinstitucionalizaci\u00f3n del Estado y la lucha contra la corrupci\u00f3n, tareas prioritarias para este periodo.<\/p>\n<p>La Superintendencia de Bancos, saluda esta designaci\u00f3n y recalca su compromiso por un trabajo mancomunado entre las entidades de control en beneficio del pa\u00eds.<\/p>\n<p><em><strong>Quito, 10 enero 2020<\/strong><\/em><\/p>\n","protected":false},"excerpt":{"rendered":"<p>La ma\u00f1ana de este viernes 10 de enero de 2020, se llev\u00f3 a cabo la primera reuni\u00f3n anual de la Funci\u00f3n de Transparencia y Control Social, de la cual la Superintendencia de Bancos es parte. Por unanimidad el Contralor General del Estado, Pablo Celi, fue designado presidente de esta funci\u00f3n. Celi, destac\u00f3 el rol de [&hellip;]<\/p>\n","protected":false},"author":3,"featured_media":8414,"comment_status":"closed","ping_status":"open","sticky":false,"template":"","format":"standard","meta":{"footnotes":""},"categories":[114,5,6],"tags":[128,146,147,121,117],"class_list":["post-8413","post","type-post","status-publish","format-standard","has-post-thumbnail","hentry","category-boletin-de-prensa","category-noticias","category-noticias-destacadas","tag-convenios-interinstitucionales","tag-ftcs","tag-funcion-de-transparencia","tag-ruth-arregui-solano","tag-superintendencia-de-bancos"],"yoast_head":"<!-- This site is optimized with the Yoast SEO plugin v25.4 - https:\/\/yoast.com\/wordpress\/plugins\/seo\/ -->\n<title>La Funci\u00f3n de Transparencia y Control Social mantiene su primera reuni\u00f3n del a\u00f1o y designa a sus titulares - Superintendencia de Bancos<\/title>\n<meta name=\"robots\" content=\"index, follow, max-snippet:-1, max-image-preview:large, max-video-preview:-1\" \/>\n<link rel=\"canonical\" href=\"https:\/\/www.superbancos.gob.ec\/bancos\/ftcs-eleccion-presidencia\/\" \/>\n<meta property=\"og:locale\" content=\"es_ES\" \/>\n<meta property=\"og:type\" content=\"article\" \/>\n<meta property=\"og:title\" content=\"La Funci\u00f3n de Transparencia y Control Social mantiene su primera reuni\u00f3n del a\u00f1o y designa a sus titulares - Superintendencia de Bancos\" \/>\n<meta property=\"og:description\" content=\"La ma\u00f1ana de este viernes 10 de enero de 2020, se llev\u00f3 a cabo la primera reuni\u00f3n anual de la Funci\u00f3n de Transparencia y Control Social, de la cual la Superintendencia de Bancos es parte. Por unanimidad el Contralor General del Estado, Pablo Celi, fue designado presidente de esta funci\u00f3n. Celi, destac\u00f3 el rol de [&hellip;]\" \/>\n<meta property=\"og:url\" content=\"https:\/\/www.superbancos.gob.ec\/bancos\/ftcs-eleccion-presidencia\/\" \/>\n<meta property=\"og:site_name\" content=\"Superintendencia de Bancos\" \/>\n<meta property=\"article:published_time\" content=\"2020-01-10T21:54:53+00:00\" \/>\n<meta property=\"article:modified_time\" content=\"2021-11-25T16:21:22+00:00\" \/>\n<meta property=\"og:image\" content=\"https:\/\/www.superbancos.gob.ec\/bancos\/wp-content\/uploads\/2020\/01\/super-FTCS.png\" \/>\n\t<meta property=\"og:image:width\" content=\"800\" \/>\n\t<meta property=\"og:image:height\" content=\"450\" \/>\n\t<meta property=\"og:image:type\" content=\"image\/png\" \/>\n<meta name=\"author\" content=\"Diego Buendia\" \/>\n<meta name=\"twitter:card\" content=\"summary_large_image\" \/>\n<script type=\"application\/ld+json\" class=\"yoast-schema-graph\">{\"@context\":\"https:\/\/schema.org\",\"@graph\":[{\"@type\":\"Article\",\"@id\":\"https:\/\/www.superbancos.gob.ec\/bancos\/ftcs-eleccion-presidencia\/#article\",\"isPartOf\":{\"@id\":\"https:\/\/www.superbancos.gob.ec\/bancos\/ftcs-eleccion-presidencia\/\"},\"author\":{\"name\":\"Diego Buendia\",\"@id\":\"https:\/\/www.superbancos.gob.ec\/bancos\/#\/schema\/person\/c12770f5145f3723f3aa20c0aafac282\"},\"headline\":\"La Funci\u00f3n de Transparencia y Control Social mantiene su primera reuni\u00f3n del a\u00f1o y designa a sus titulares\",\"datePublished\":\"2020-01-10T21:54:53+00:00\",\"dateModified\":\"2021-11-25T16:21:22+00:00\",\"mainEntityOfPage\":{\"@id\":\"https:\/\/www.superbancos.gob.ec\/bancos\/ftcs-eleccion-presidencia\/\"},\"wordCount\":129,\"publisher\":{\"@id\":\"https:\/\/www.superbancos.gob.ec\/bancos\/#organization\"},\"image\":{\"@id\":\"https:\/\/www.superbancos.gob.ec\/bancos\/ftcs-eleccion-presidencia\/#primaryimage\"},\"thumbnailUrl\":\"https:\/\/www.superbancos.gob.ec\/bancos\/wp-content\/uploads\/2020\/01\/super-FTCS.png\",\"keywords\":[\"Convenios Interinstitucionales\",\"FTCS\",\"Funci\u00f3n de Transparencia\",\"Ruth Arregui Solano\",\"Superintendencia de Bancos\"],\"articleSection\":[\"Bolet\u00edn de prensa\",\"Noticias\",\"Noticias Destacadas\"],\"inLanguage\":\"es\"},{\"@type\":\"WebPage\",\"@id\":\"https:\/\/www.superbancos.gob.ec\/bancos\/ftcs-eleccion-presidencia\/\",\"url\":\"https:\/\/www.superbancos.gob.ec\/bancos\/ftcs-eleccion-presidencia\/\",\"name\":\"La Funci\u00f3n de Transparencia y Control Social mantiene su primera reuni\u00f3n del a\u00f1o y designa a sus titulares - Superintendencia de Bancos\",\"isPartOf\":{\"@id\":\"https:\/\/www.superbancos.gob.ec\/bancos\/#website\"},\"primaryImageOfPage\":{\"@id\":\"https:\/\/www.superbancos.gob.ec\/bancos\/ftcs-eleccion-presidencia\/#primaryimage\"},\"image\":{\"@id\":\"https:\/\/www.superbancos.gob.ec\/bancos\/ftcs-eleccion-presidencia\/#primaryimage\"},\"thumbnailUrl\":\"https:\/\/www.superbancos.gob.ec\/bancos\/wp-content\/uploads\/2020\/01\/super-FTCS.png\",\"datePublished\":\"2020-01-10T21:54:53+00:00\",\"dateModified\":\"2021-11-25T16:21:22+00:00\",\"breadcrumb\":{\"@id\":\"https:\/\/www.superbancos.gob.ec\/bancos\/ftcs-eleccion-presidencia\/#breadcrumb\"},\"inLanguage\":\"es\",\"potentialAction\":[{\"@type\":\"ReadAction\",\"target\":[\"https:\/\/www.superbancos.gob.ec\/bancos\/ftcs-eleccion-presidencia\/\"]}]},{\"@type\":\"ImageObject\",\"inLanguage\":\"es\",\"@id\":\"https:\/\/www.superbancos.gob.ec\/bancos\/ftcs-eleccion-presidencia\/#primaryimage\",\"url\":\"https:\/\/www.superbancos.gob.ec\/bancos\/wp-content\/uploads\/2020\/01\/super-FTCS.png\",\"contentUrl\":\"https:\/\/www.superbancos.gob.ec\/bancos\/wp-content\/uploads\/2020\/01\/super-FTCS.png\",\"width\":800,\"height\":450},{\"@type\":\"BreadcrumbList\",\"@id\":\"https:\/\/www.superbancos.gob.ec\/bancos\/ftcs-eleccion-presidencia\/#breadcrumb\",\"itemListElement\":[{\"@type\":\"ListItem\",\"position\":1,\"name\":\"Portada\",\"item\":\"https:\/\/www.superbancos.gob.ec\/bancos\/\"},{\"@type\":\"ListItem\",\"position\":2,\"name\":\"La Funci\u00f3n de Transparencia y Control Social mantiene su primera reuni\u00f3n del a\u00f1o y designa a sus titulares\"}]},{\"@type\":\"WebSite\",\"@id\":\"https:\/\/www.superbancos.gob.ec\/bancos\/#website\",\"url\":\"https:\/\/www.superbancos.gob.ec\/bancos\/\",\"name\":\"Superintendencia de Bancos\",\"description\":\"Organo de Control del Sistema Financiero Ecuatoriano.\",\"publisher\":{\"@id\":\"https:\/\/www.superbancos.gob.ec\/bancos\/#organization\"},\"alternateName\":\"Super de Bancos\",\"potentialAction\":[{\"@type\":\"SearchAction\",\"target\":{\"@type\":\"EntryPoint\",\"urlTemplate\":\"https:\/\/www.superbancos.gob.ec\/bancos\/?s={search_term_string}\"},\"query-input\":{\"@type\":\"PropertyValueSpecification\",\"valueRequired\":true,\"valueName\":\"search_term_string\"}}],\"inLanguage\":\"es\"},{\"@type\":\"Organization\",\"@id\":\"https:\/\/www.superbancos.gob.ec\/bancos\/#organization\",\"name\":\"Superintendencia de Bancos\",\"url\":\"https:\/\/www.superbancos.gob.ec\/bancos\/\",\"logo\":{\"@type\":\"ImageObject\",\"inLanguage\":\"es\",\"@id\":\"https:\/\/www.superbancos.gob.ec\/bancos\/#\/schema\/logo\/image\/\",\"url\":\"https:\/\/www.superbancos.gob.ec\/bancos\/wp-content\/uploads\/2022\/09\/Logo_Super.png\",\"contentUrl\":\"https:\/\/www.superbancos.gob.ec\/bancos\/wp-content\/uploads\/2022\/09\/Logo_Super.png\",\"width\":340,\"height\":92,\"caption\":\"Superintendencia de Bancos\"},\"image\":{\"@id\":\"https:\/\/www.superbancos.gob.ec\/bancos\/#\/schema\/logo\/image\/\"}},{\"@type\":\"Person\",\"@id\":\"https:\/\/www.superbancos.gob.ec\/bancos\/#\/schema\/person\/c12770f5145f3723f3aa20c0aafac282\",\"name\":\"Diego Buendia\",\"image\":{\"@type\":\"ImageObject\",\"inLanguage\":\"es\",\"@id\":\"https:\/\/www.superbancos.gob.ec\/bancos\/#\/schema\/person\/image\/\",\"url\":\"https:\/\/secure.gravatar.com\/avatar\/f2dcb31e604664a7d81f71d8260b45eb?s=96&d=mm&r=g\",\"contentUrl\":\"https:\/\/secure.gravatar.com\/avatar\/f2dcb31e604664a7d81f71d8260b45eb?s=96&d=mm&r=g\",\"caption\":\"Diego Buendia\"},\"url\":\"https:\/\/www.superbancos.gob.ec\/bancos\/author\/dbuendia\/\"}]}<\/script>\n<!-- \/ Yoast SEO plugin. -->","yoast_head_json":{"title":"La Funci\u00f3n de Transparencia y Control Social mantiene su primera reuni\u00f3n del a\u00f1o y designa a sus titulares - Superintendencia de Bancos","robots":{"index":"index","follow":"follow","max-snippet":"max-snippet:-1","max-image-preview":"max-image-preview:large","max-video-preview":"max-video-preview:-1"},"canonical":"https:\/\/www.superbancos.gob.ec\/bancos\/ftcs-eleccion-presidencia\/","og_locale":"es_ES","og_type":"article","og_title":"La Funci\u00f3n de Transparencia y Control Social mantiene su primera reuni\u00f3n del a\u00f1o y designa a sus titulares - Superintendencia de Bancos","og_description":"La ma\u00f1ana de este viernes 10 de enero de 2020, se llev\u00f3 a cabo la primera reuni\u00f3n anual de la Funci\u00f3n de Transparencia y Control Social, de la cual la Superintendencia de Bancos es parte. Por unanimidad el Contralor General del Estado, Pablo Celi, fue designado presidente de esta funci\u00f3n. Celi, destac\u00f3 el rol de [&hellip;]","og_url":"https:\/\/www.superbancos.gob.ec\/bancos\/ftcs-eleccion-presidencia\/","og_site_name":"Superintendencia de Bancos","article_published_time":"2020-01-10T21:54:53+00:00","article_modified_time":"2021-11-25T16:21:22+00:00","og_image":[{"width":800,"height":450,"url":"https:\/\/www.superbancos.gob.ec\/bancos\/wp-content\/uploads\/2020\/01\/super-FTCS.png","type":"image\/png"}],"author":"Diego Buendia","twitter_card":"summary_large_image","schema":{"@context":"https:\/\/schema.org","@graph":[{"@type":"Article","@id":"https:\/\/www.superbancos.gob.ec\/bancos\/ftcs-eleccion-presidencia\/#article","isPartOf":{"@id":"https:\/\/www.superbancos.gob.ec\/bancos\/ftcs-eleccion-presidencia\/"},"author":{"name":"Diego Buendia","@id":"https:\/\/www.superbancos.gob.ec\/bancos\/#\/schema\/person\/c12770f5145f3723f3aa20c0aafac282"},"headline":"La Funci\u00f3n de Transparencia y Control Social mantiene su primera reuni\u00f3n del a\u00f1o y designa a sus titulares","datePublished":"2020-01-10T21:54:53+00:00","dateModified":"2021-11-25T16:21:22+00:00","mainEntityOfPage":{"@id":"https:\/\/www.superbancos.gob.ec\/bancos\/ftcs-eleccion-presidencia\/"},"wordCount":129,"publisher":{"@id":"https:\/\/www.superbancos.gob.ec\/bancos\/#organization"},"image":{"@id":"https:\/\/www.superbancos.gob.ec\/bancos\/ftcs-eleccion-presidencia\/#primaryimage"},"thumbnailUrl":"https:\/\/www.superbancos.gob.ec\/bancos\/wp-content\/uploads\/2020\/01\/super-FTCS.png","keywords":["Convenios Interinstitucionales","FTCS","Funci\u00f3n de Transparencia","Ruth Arregui Solano","Superintendencia de Bancos"],"articleSection":["Bolet\u00edn de prensa","Noticias","Noticias Destacadas"],"inLanguage":"es"},{"@type":"WebPage","@id":"https:\/\/www.superbancos.gob.ec\/bancos\/ftcs-eleccion-presidencia\/","url":"https:\/\/www.superbancos.gob.ec\/bancos\/ftcs-eleccion-presidencia\/","name":"La Funci\u00f3n de Transparencia y Control Social mantiene su primera reuni\u00f3n del a\u00f1o y designa a sus titulares - Superintendencia de Bancos","isPartOf":{"@id":"https:\/\/www.superbancos.gob.ec\/bancos\/#website"},"primaryImageOfPage":{"@id":"https:\/\/www.superbancos.gob.ec\/bancos\/ftcs-eleccion-presidencia\/#primaryimage"},"image":{"@id":"https:\/\/www.superbancos.gob.ec\/bancos\/ftcs-eleccion-presidencia\/#primaryimage"},"thumbnailUrl":"https:\/\/www.superbancos.gob.ec\/bancos\/wp-content\/uploads\/2020\/01\/super-FTCS.png","datePublished":"2020-01-10T21:54:53+00:00","dateModified":"2021-11-25T16:21:22+00:00","breadcrumb":{"@id":"https:\/\/www.superbancos.gob.ec\/bancos\/ftcs-eleccion-presidencia\/#breadcrumb"},"inLanguage":"es","potentialAction":[{"@type":"ReadAction","target":["https:\/\/www.superbancos.gob.ec\/bancos\/ftcs-eleccion-presidencia\/"]}]},{"@type":"ImageObject","inLanguage":"es","@id":"https:\/\/www.superbancos.gob.ec\/bancos\/ftcs-eleccion-presidencia\/#primaryimage","url":"https:\/\/www.superbancos.gob.ec\/bancos\/wp-content\/uploads\/2020\/01\/super-FTCS.png","contentUrl":"https:\/\/www.superbancos.gob.ec\/bancos\/wp-content\/uploads\/2020\/01\/super-FTCS.png","width":800,"height":450},{"@type":"BreadcrumbList","@id":"https:\/\/www.superbancos.gob.ec\/bancos\/ftcs-eleccion-presidencia\/#breadcrumb","itemListElement":[{"@type":"ListItem","position":1,"name":"Portada","item":"https:\/\/www.superbancos.gob.ec\/bancos\/"},{"@type":"ListItem","position":2,"name":"La Funci\u00f3n de Transparencia y Control Social mantiene su primera reuni\u00f3n del a\u00f1o y designa a sus titulares"}]},{"@type":"WebSite","@id":"https:\/\/www.superbancos.gob.ec\/bancos\/#website","url":"https:\/\/www.superbancos.gob.ec\/bancos\/","name":"Superintendencia de Bancos","description":"Organo de Control del Sistema Financiero Ecuatoriano.","publisher":{"@id":"https:\/\/www.superbancos.gob.ec\/bancos\/#organization"},"alternateName":"Super de Bancos","potentialAction":[{"@type":"SearchAction","target":{"@type":"EntryPoint","urlTemplate":"https:\/\/www.superbancos.gob.ec\/bancos\/?s={search_term_string}"},"query-input":{"@type":"PropertyValueSpecification","valueRequired":true,"valueName":"search_term_string"}}],"inLanguage":"es"},{"@type":"Organization","@id":"https:\/\/www.superbancos.gob.ec\/bancos\/#organization","name":"Superintendencia de Bancos","url":"https:\/\/www.superbancos.gob.ec\/bancos\/","logo":{"@type":"ImageObject","inLanguage":"es","@id":"https:\/\/www.superbancos.gob.ec\/bancos\/#\/schema\/logo\/image\/","url":"https:\/\/www.superbancos.gob.ec\/bancos\/wp-content\/uploads\/2022\/09\/Logo_Super.png","contentUrl":"https:\/\/www.superbancos.gob.ec\/bancos\/wp-content\/uploads\/2022\/09\/Logo_Super.png","width":340,"height":92,"caption":"Superintendencia de Bancos"},"image":{"@id":"https:\/\/www.superbancos.gob.ec\/bancos\/#\/schema\/logo\/image\/"}},{"@type":"Person","@id":"https:\/\/www.superbancos.gob.ec\/bancos\/#\/schema\/person\/c12770f5145f3723f3aa20c0aafac282","name":"Diego Buendia","image":{"@type":"ImageObject","inLanguage":"es","@id":"https:\/\/www.superbancos.gob.ec\/bancos\/#\/schema\/person\/image\/","url":"https:\/\/secure.gravatar.com\/avatar\/f2dcb31e604664a7d81f71d8260b45eb?s=96&d=mm&r=g","contentUrl":"https:\/\/secure.gravatar.com\/avatar\/f2dcb31e604664a7d81f71d8260b45eb?s=96&d=mm&r=g","caption":"Diego Buendia"},"url":"https:\/\/www.superbancos.gob.ec\/bancos\/author\/dbuendia\/"}]}},"_links":{"self":[{"href":"https:\/\/www.superbancos.gob.ec\/bancos\/wp-json\/wp\/v2\/posts\/8413"}],"collection":[{"href":"https:\/\/www.superbancos.gob.ec\/bancos\/wp-json\/wp\/v2\/posts"}],"about":[{"href":"https:\/\/www.superbancos.gob.ec\/bancos\/wp-json\/wp\/v2\/types\/post"}],"author":[{"embeddable":true,"href":"https:\/\/www.superbancos.gob.ec\/bancos\/wp-json\/wp\/v2\/users\/3"}],"replies":[{"embeddable":true,"href":"https:\/\/www.superbancos.gob.ec\/bancos\/wp-json\/wp\/v2\/comments?post=8413"}],"version-history":[{"count":3,"href":"https:\/\/www.superbancos.gob.ec\/bancos\/wp-json\/wp\/v2\/posts\/8413\/revisions"}],"predecessor-version":[{"id":13782,"href":"https:\/\/www.superbancos.gob.ec\/bancos\/wp-json\/wp\/v2\/posts\/8413\/revisions\/13782"}],"wp:featuredmedia":[{"embeddable":true,"href":"https:\/\/www.superbancos.gob.ec\/bancos\/wp-json\/wp\/v2\/media\/8414"}],"wp:attachment":[{"href":"https:\/\/www.superbancos.gob.ec\/bancos\/wp-json\/wp\/v2\/media?parent=8413"}],"wp:term":[{"taxonomy":"category","embeddable":true,"href":"https:\/\/www.superbancos.gob.ec\/bancos\/wp-json\/wp\/v2\/categories?post=8413"},{"taxonomy":"post_tag","embeddable":true,"href":"https:\/\/www.superbancos.gob.ec\/bancos\/wp-json\/wp\/v2\/tags?post=8413"}],"curies":[{"name":"wp","href":"https:\/\/api.w.org\/{rel}","templated":true}]}}