{"id":8467,"date":"2020-01-21T14:20:47","date_gmt":"2020-01-21T19:20:47","guid":{"rendered":"https:\/\/www.superbancos.gob.ec\/bancos\/?p=8467"},"modified":"2021-11-25T11:25:36","modified_gmt":"2021-11-25T16:25:36","slug":"superintendenta-de-bancos-encuentro-internacional-inclusion-financiera-mujeres","status":"publish","type":"post","link":"https:\/\/www.superbancos.gob.ec\/bancos\/superintendenta-de-bancos-encuentro-internacional-inclusion-financiera-mujeres\/","title":{"rendered":"Superintendenta de Bancos particip\u00f3 en encuentro internacional sobre la inclusi\u00f3n financiera para mujeres"},"content":{"rendered":"<p>La Superintendente de Bancos <a href=\"https:\/\/www.superbancos.gob.ec\/bancos\/superintendente-de-bancos\/\">Ruth Arregui<\/a>, particip\u00f3 en Foro Internacional\u00a0 <strong>\u201cEl poder de la econom\u00eda femenina: transformaci\u00f3n a trav\u00e9s de las finanzas inclusivas\u201d<\/strong>, que se desarrolla por primera ocasi\u00f3n en la ciudad de Quito, con el objetivo que los sectores p\u00fablico y privado compartan experiencias sobre c\u00f3mo facilitar la inclusi\u00f3n financiera enfocada en el segmento femenino.<\/p>\n<p>En este evento la Superintendente se\u00f1al\u00f3 que <em>\u201clos programas de Inclusi\u00f3n Financiera, deben estar dise\u00f1ados para crear capacidades financieras que favorezcan la equidad de g\u00e9nero e igualdad de oportunidades en el acceso a productos y servicios\u201d<\/em>.<\/p>\n<p>Adem\u00e1s, destac\u00f3 que la SB cuenta con el 55% de mujeres en el <a href=\"https:\/\/www.superbancos.gob.ec\/bancos\/personal-directivo\/\">nivel jer\u00e1rquico superior<\/a>, cumpliendo de este modo su tarea en acortar las brechas y generar m\u00e1s equidad.<\/p>\n<p>En este sentido <strong><a href=\"https:\/\/financialallianceforwomen.org\/rebecca-ruf\/\" target=\"_blank\" rel=\"noopener\">Rebecca Ruf<\/a><\/strong>, vicepresidenta ejecutiva de Programas del<strong> <a href=\"https:\/\/financialallianceforwomen.org\/\" target=\"_blank\" rel=\"noopener\">Financial Alliance for Women<\/a><\/strong>, durante la inauguraci\u00f3n del Foro manifest\u00f3 \u00a0que<em> \u201clas mujeres son el mercado m\u00e1s grande y de m\u00e1s r\u00e1pido crecimiento del mundo. Cuando ellas tienen poder financiero, su impacto econ\u00f3mico puede ser transformativo\u00bb<\/em>.<\/p>\n<p>Durante el primer d\u00eda, se desarroll\u00f3 el panel <strong>\u201cPotenciando la Inclusi\u00f3n:\u00a0El Rol del Sector Financiero\u201d<\/strong>, que analiz\u00f3 el papel que desempe\u00f1a la banca para ampliar la oferta hacia el segmento de clientas, as\u00ed como los modelos de negocios que favorezcan la equidad de g\u00e9nero e igualdad de oportunidades en el acceso a los productos y servicios.\u00a0En este Panel participaron la Superintendente de Bancos, <a href=\"https:\/\/www.superbancos.gob.ec\/bancos\/superintendente-de-bancos\/\">Ruth Arregui<\/a>; Carolina Trivelli, Investigadora Principal del <a href=\"https:\/\/iep.org.pe\/\" target=\"_blank\" rel=\"noopener\">Instituto de Estudios Peruanos<\/a>; Santiago Bayas, Gerente General de Banco Pichincha C.A.y Helena de la Torre, Senior Investment Officer de la <a href=\"https:\/\/www.ifc.org\/wps\/wcm\/connect\/Multilingual_Ext_Content\/IFC_External_Corporate_Site\/Home_ES\/\" target=\"_blank\" rel=\"noopener\">Corporaci\u00f3n Financiera Internacional.<\/a><\/p>\n<p><u>En este espacio la Superintendente puntualiz\u00f3, que las NN.UU ha encargado al Global Findex la medici\u00f3n de al menos 7 de los Objetivos de Desarrollo Sostenible (ODS) como: fin de la pobreza, igualdad de g\u00e9nero, reducci\u00f3n y consumo responsable, crecimiento econ\u00f3mico entre otros; sin embargo destac\u00f3 que lamentablemente no est\u00e1 incluido el indicador de educaci\u00f3n, entendiendo a esta no solo como educaci\u00f3n plena,\u00a0 sino tambi\u00e9n,\u00a0 desde el punto de vista de la educaci\u00f3n financiera. <\/u><\/p>\n<p>En este evento se desatac\u00f3 el trabajo mancomunado que debe existir entre todos los sectores tanto p\u00fablico como privado en el tema de Inclusi\u00f3n Financiera,\u00a0 como un \u00a0instrumento\u00a0 que permita el empoderamiento de las mujeres para lograr un cambio significativo, acortar las brechas y generar m\u00e1s equidad.<\/p>\n<p><em><strong>Quito, 21 enero 2020<\/strong><\/em><\/p>\n","protected":false},"excerpt":{"rendered":"<p>La Superintendente de Bancos Ruth Arregui, particip\u00f3 en Foro Internacional\u00a0 \u201cEl poder de la econom\u00eda femenina: transformaci\u00f3n a trav\u00e9s de las finanzas inclusivas\u201d, que se desarrolla por primera ocasi\u00f3n en la ciudad de Quito, con el objetivo que los sectores p\u00fablico y privado compartan experiencias sobre c\u00f3mo facilitar la inclusi\u00f3n financiera enfocada en el segmento [&hellip;]<\/p>\n","protected":false},"author":3,"featured_media":8469,"comment_status":"closed","ping_status":"open","sticky":false,"template":"","format":"standard","meta":{"footnotes":""},"categories":[114,5,6],"tags":[128,116,121,117],"class_list":["post-8467","post","type-post","status-publish","format-standard","has-post-thumbnail","hentry","category-boletin-de-prensa","category-noticias","category-noticias-destacadas","tag-convenios-interinstitucionales","tag-inclusion-financiera","tag-ruth-arregui-solano","tag-superintendencia-de-bancos"],"yoast_head":"<!-- This site is optimized with the Yoast SEO plugin v25.4 - https:\/\/yoast.com\/wordpress\/plugins\/seo\/ -->\n<title>Superintendenta de Bancos particip\u00f3 en encuentro internacional sobre la inclusi\u00f3n financiera para mujeres - Superintendencia de Bancos<\/title>\n<meta name=\"robots\" content=\"index, follow, max-snippet:-1, max-image-preview:large, max-video-preview:-1\" \/>\n<link rel=\"canonical\" href=\"https:\/\/www.superbancos.gob.ec\/bancos\/superintendenta-de-bancos-encuentro-internacional-inclusion-financiera-mujeres\/\" \/>\n<meta property=\"og:locale\" content=\"es_ES\" \/>\n<meta property=\"og:type\" content=\"article\" \/>\n<meta property=\"og:title\" content=\"Superintendenta de Bancos particip\u00f3 en encuentro internacional sobre la inclusi\u00f3n financiera para mujeres - Superintendencia de Bancos\" \/>\n<meta property=\"og:description\" content=\"La Superintendente de Bancos Ruth Arregui, particip\u00f3 en Foro Internacional\u00a0 \u201cEl poder de la econom\u00eda femenina: transformaci\u00f3n a trav\u00e9s de las finanzas inclusivas\u201d, que se desarrolla por primera ocasi\u00f3n en la ciudad de Quito, con el objetivo que los sectores p\u00fablico y privado compartan experiencias sobre c\u00f3mo facilitar la inclusi\u00f3n financiera enfocada en el segmento [&hellip;]\" \/>\n<meta property=\"og:url\" content=\"https:\/\/www.superbancos.gob.ec\/bancos\/superintendenta-de-bancos-encuentro-internacional-inclusion-financiera-mujeres\/\" \/>\n<meta property=\"og:site_name\" content=\"Superintendencia de Bancos\" \/>\n<meta property=\"article:published_time\" content=\"2020-01-21T19:20:47+00:00\" \/>\n<meta property=\"article:modified_time\" content=\"2021-11-25T16:25:36+00:00\" \/>\n<meta property=\"og:image\" content=\"https:\/\/www.superbancos.gob.ec\/bancos\/wp-content\/uploads\/2020\/01\/super_foro_mujeres.png\" \/>\n\t<meta property=\"og:image:width\" content=\"800\" \/>\n\t<meta property=\"og:image:height\" content=\"450\" \/>\n\t<meta property=\"og:image:type\" content=\"image\/png\" \/>\n<meta name=\"author\" content=\"Diego Buendia\" \/>\n<meta name=\"twitter:card\" content=\"summary_large_image\" \/>\n<script type=\"application\/ld+json\" class=\"yoast-schema-graph\">{\"@context\":\"https:\/\/schema.org\",\"@graph\":[{\"@type\":\"Article\",\"@id\":\"https:\/\/www.superbancos.gob.ec\/bancos\/superintendenta-de-bancos-encuentro-internacional-inclusion-financiera-mujeres\/#article\",\"isPartOf\":{\"@id\":\"https:\/\/www.superbancos.gob.ec\/bancos\/superintendenta-de-bancos-encuentro-internacional-inclusion-financiera-mujeres\/\"},\"author\":{\"name\":\"Diego Buendia\",\"@id\":\"https:\/\/www.superbancos.gob.ec\/bancos\/#\/schema\/person\/c12770f5145f3723f3aa20c0aafac282\"},\"headline\":\"Superintendenta de Bancos particip\u00f3 en encuentro internacional sobre la inclusi\u00f3n financiera para mujeres\",\"datePublished\":\"2020-01-21T19:20:47+00:00\",\"dateModified\":\"2021-11-25T16:25:36+00:00\",\"mainEntityOfPage\":{\"@id\":\"https:\/\/www.superbancos.gob.ec\/bancos\/superintendenta-de-bancos-encuentro-internacional-inclusion-financiera-mujeres\/\"},\"wordCount\":437,\"publisher\":{\"@id\":\"https:\/\/www.superbancos.gob.ec\/bancos\/#organization\"},\"image\":{\"@id\":\"https:\/\/www.superbancos.gob.ec\/bancos\/superintendenta-de-bancos-encuentro-internacional-inclusion-financiera-mujeres\/#primaryimage\"},\"thumbnailUrl\":\"https:\/\/www.superbancos.gob.ec\/bancos\/wp-content\/uploads\/2020\/01\/super_foro_mujeres.png\",\"keywords\":[\"Convenios Interinstitucionales\",\"Inclusi\u00f3n Financiera\",\"Ruth Arregui Solano\",\"Superintendencia de Bancos\"],\"articleSection\":[\"Bolet\u00edn de prensa\",\"Noticias\",\"Noticias Destacadas\"],\"inLanguage\":\"es\"},{\"@type\":\"WebPage\",\"@id\":\"https:\/\/www.superbancos.gob.ec\/bancos\/superintendenta-de-bancos-encuentro-internacional-inclusion-financiera-mujeres\/\",\"url\":\"https:\/\/www.superbancos.gob.ec\/bancos\/superintendenta-de-bancos-encuentro-internacional-inclusion-financiera-mujeres\/\",\"name\":\"Superintendenta de Bancos particip\u00f3 en encuentro internacional sobre la inclusi\u00f3n financiera para mujeres - Superintendencia de Bancos\",\"isPartOf\":{\"@id\":\"https:\/\/www.superbancos.gob.ec\/bancos\/#website\"},\"primaryImageOfPage\":{\"@id\":\"https:\/\/www.superbancos.gob.ec\/bancos\/superintendenta-de-bancos-encuentro-internacional-inclusion-financiera-mujeres\/#primaryimage\"},\"image\":{\"@id\":\"https:\/\/www.superbancos.gob.ec\/bancos\/superintendenta-de-bancos-encuentro-internacional-inclusion-financiera-mujeres\/#primaryimage\"},\"thumbnailUrl\":\"https:\/\/www.superbancos.gob.ec\/bancos\/wp-content\/uploads\/2020\/01\/super_foro_mujeres.png\",\"datePublished\":\"2020-01-21T19:20:47+00:00\",\"dateModified\":\"2021-11-25T16:25:36+00:00\",\"breadcrumb\":{\"@id\":\"https:\/\/www.superbancos.gob.ec\/bancos\/superintendenta-de-bancos-encuentro-internacional-inclusion-financiera-mujeres\/#breadcrumb\"},\"inLanguage\":\"es\",\"potentialAction\":[{\"@type\":\"ReadAction\",\"target\":[\"https:\/\/www.superbancos.gob.ec\/bancos\/superintendenta-de-bancos-encuentro-internacional-inclusion-financiera-mujeres\/\"]}]},{\"@type\":\"ImageObject\",\"inLanguage\":\"es\",\"@id\":\"https:\/\/www.superbancos.gob.ec\/bancos\/superintendenta-de-bancos-encuentro-internacional-inclusion-financiera-mujeres\/#primaryimage\",\"url\":\"https:\/\/www.superbancos.gob.ec\/bancos\/wp-content\/uploads\/2020\/01\/super_foro_mujeres.png\",\"contentUrl\":\"https:\/\/www.superbancos.gob.ec\/bancos\/wp-content\/uploads\/2020\/01\/super_foro_mujeres.png\",\"width\":800,\"height\":450},{\"@type\":\"BreadcrumbList\",\"@id\":\"https:\/\/www.superbancos.gob.ec\/bancos\/superintendenta-de-bancos-encuentro-internacional-inclusion-financiera-mujeres\/#breadcrumb\",\"itemListElement\":[{\"@type\":\"ListItem\",\"position\":1,\"name\":\"Portada\",\"item\":\"https:\/\/www.superbancos.gob.ec\/bancos\/\"},{\"@type\":\"ListItem\",\"position\":2,\"name\":\"Superintendenta de Bancos particip\u00f3 en encuentro internacional sobre la inclusi\u00f3n financiera para mujeres\"}]},{\"@type\":\"WebSite\",\"@id\":\"https:\/\/www.superbancos.gob.ec\/bancos\/#website\",\"url\":\"https:\/\/www.superbancos.gob.ec\/bancos\/\",\"name\":\"Superintendencia de Bancos\",\"description\":\"Organo de Control del Sistema Financiero Ecuatoriano.\",\"publisher\":{\"@id\":\"https:\/\/www.superbancos.gob.ec\/bancos\/#organization\"},\"alternateName\":\"Super de Bancos\",\"potentialAction\":[{\"@type\":\"SearchAction\",\"target\":{\"@type\":\"EntryPoint\",\"urlTemplate\":\"https:\/\/www.superbancos.gob.ec\/bancos\/?s={search_term_string}\"},\"query-input\":{\"@type\":\"PropertyValueSpecification\",\"valueRequired\":true,\"valueName\":\"search_term_string\"}}],\"inLanguage\":\"es\"},{\"@type\":\"Organization\",\"@id\":\"https:\/\/www.superbancos.gob.ec\/bancos\/#organization\",\"name\":\"Superintendencia de Bancos\",\"url\":\"https:\/\/www.superbancos.gob.ec\/bancos\/\",\"logo\":{\"@type\":\"ImageObject\",\"inLanguage\":\"es\",\"@id\":\"https:\/\/www.superbancos.gob.ec\/bancos\/#\/schema\/logo\/image\/\",\"url\":\"https:\/\/www.superbancos.gob.ec\/bancos\/wp-content\/uploads\/2022\/09\/Logo_Super.png\",\"contentUrl\":\"https:\/\/www.superbancos.gob.ec\/bancos\/wp-content\/uploads\/2022\/09\/Logo_Super.png\",\"width\":340,\"height\":92,\"caption\":\"Superintendencia de Bancos\"},\"image\":{\"@id\":\"https:\/\/www.superbancos.gob.ec\/bancos\/#\/schema\/logo\/image\/\"}},{\"@type\":\"Person\",\"@id\":\"https:\/\/www.superbancos.gob.ec\/bancos\/#\/schema\/person\/c12770f5145f3723f3aa20c0aafac282\",\"name\":\"Diego Buendia\",\"image\":{\"@type\":\"ImageObject\",\"inLanguage\":\"es\",\"@id\":\"https:\/\/www.superbancos.gob.ec\/bancos\/#\/schema\/person\/image\/\",\"url\":\"https:\/\/secure.gravatar.com\/avatar\/f2dcb31e604664a7d81f71d8260b45eb?s=96&d=mm&r=g\",\"contentUrl\":\"https:\/\/secure.gravatar.com\/avatar\/f2dcb31e604664a7d81f71d8260b45eb?s=96&d=mm&r=g\",\"caption\":\"Diego Buendia\"},\"url\":\"https:\/\/www.superbancos.gob.ec\/bancos\/author\/dbuendia\/\"}]}<\/script>\n<!-- \/ Yoast SEO plugin. -->","yoast_head_json":{"title":"Superintendenta de Bancos particip\u00f3 en encuentro internacional sobre la inclusi\u00f3n financiera para mujeres - Superintendencia de Bancos","robots":{"index":"index","follow":"follow","max-snippet":"max-snippet:-1","max-image-preview":"max-image-preview:large","max-video-preview":"max-video-preview:-1"},"canonical":"https:\/\/www.superbancos.gob.ec\/bancos\/superintendenta-de-bancos-encuentro-internacional-inclusion-financiera-mujeres\/","og_locale":"es_ES","og_type":"article","og_title":"Superintendenta de Bancos particip\u00f3 en encuentro internacional sobre la inclusi\u00f3n financiera para mujeres - Superintendencia de Bancos","og_description":"La Superintendente de Bancos Ruth Arregui, particip\u00f3 en Foro Internacional\u00a0 \u201cEl poder de la econom\u00eda femenina: transformaci\u00f3n a trav\u00e9s de las finanzas inclusivas\u201d, que se desarrolla por primera ocasi\u00f3n en la ciudad de Quito, con el objetivo que los sectores p\u00fablico y privado compartan experiencias sobre c\u00f3mo facilitar la inclusi\u00f3n financiera enfocada en el segmento [&hellip;]","og_url":"https:\/\/www.superbancos.gob.ec\/bancos\/superintendenta-de-bancos-encuentro-internacional-inclusion-financiera-mujeres\/","og_site_name":"Superintendencia de Bancos","article_published_time":"2020-01-21T19:20:47+00:00","article_modified_time":"2021-11-25T16:25:36+00:00","og_image":[{"width":800,"height":450,"url":"https:\/\/www.superbancos.gob.ec\/bancos\/wp-content\/uploads\/2020\/01\/super_foro_mujeres.png","type":"image\/png"}],"author":"Diego Buendia","twitter_card":"summary_large_image","schema":{"@context":"https:\/\/schema.org","@graph":[{"@type":"Article","@id":"https:\/\/www.superbancos.gob.ec\/bancos\/superintendenta-de-bancos-encuentro-internacional-inclusion-financiera-mujeres\/#article","isPartOf":{"@id":"https:\/\/www.superbancos.gob.ec\/bancos\/superintendenta-de-bancos-encuentro-internacional-inclusion-financiera-mujeres\/"},"author":{"name":"Diego Buendia","@id":"https:\/\/www.superbancos.gob.ec\/bancos\/#\/schema\/person\/c12770f5145f3723f3aa20c0aafac282"},"headline":"Superintendenta de Bancos particip\u00f3 en encuentro internacional sobre la inclusi\u00f3n financiera para mujeres","datePublished":"2020-01-21T19:20:47+00:00","dateModified":"2021-11-25T16:25:36+00:00","mainEntityOfPage":{"@id":"https:\/\/www.superbancos.gob.ec\/bancos\/superintendenta-de-bancos-encuentro-internacional-inclusion-financiera-mujeres\/"},"wordCount":437,"publisher":{"@id":"https:\/\/www.superbancos.gob.ec\/bancos\/#organization"},"image":{"@id":"https:\/\/www.superbancos.gob.ec\/bancos\/superintendenta-de-bancos-encuentro-internacional-inclusion-financiera-mujeres\/#primaryimage"},"thumbnailUrl":"https:\/\/www.superbancos.gob.ec\/bancos\/wp-content\/uploads\/2020\/01\/super_foro_mujeres.png","keywords":["Convenios Interinstitucionales","Inclusi\u00f3n Financiera","Ruth Arregui Solano","Superintendencia de Bancos"],"articleSection":["Bolet\u00edn de prensa","Noticias","Noticias Destacadas"],"inLanguage":"es"},{"@type":"WebPage","@id":"https:\/\/www.superbancos.gob.ec\/bancos\/superintendenta-de-bancos-encuentro-internacional-inclusion-financiera-mujeres\/","url":"https:\/\/www.superbancos.gob.ec\/bancos\/superintendenta-de-bancos-encuentro-internacional-inclusion-financiera-mujeres\/","name":"Superintendenta de Bancos particip\u00f3 en encuentro internacional sobre la inclusi\u00f3n financiera para mujeres - Superintendencia de Bancos","isPartOf":{"@id":"https:\/\/www.superbancos.gob.ec\/bancos\/#website"},"primaryImageOfPage":{"@id":"https:\/\/www.superbancos.gob.ec\/bancos\/superintendenta-de-bancos-encuentro-internacional-inclusion-financiera-mujeres\/#primaryimage"},"image":{"@id":"https:\/\/www.superbancos.gob.ec\/bancos\/superintendenta-de-bancos-encuentro-internacional-inclusion-financiera-mujeres\/#primaryimage"},"thumbnailUrl":"https:\/\/www.superbancos.gob.ec\/bancos\/wp-content\/uploads\/2020\/01\/super_foro_mujeres.png","datePublished":"2020-01-21T19:20:47+00:00","dateModified":"2021-11-25T16:25:36+00:00","breadcrumb":{"@id":"https:\/\/www.superbancos.gob.ec\/bancos\/superintendenta-de-bancos-encuentro-internacional-inclusion-financiera-mujeres\/#breadcrumb"},"inLanguage":"es","potentialAction":[{"@type":"ReadAction","target":["https:\/\/www.superbancos.gob.ec\/bancos\/superintendenta-de-bancos-encuentro-internacional-inclusion-financiera-mujeres\/"]}]},{"@type":"ImageObject","inLanguage":"es","@id":"https:\/\/www.superbancos.gob.ec\/bancos\/superintendenta-de-bancos-encuentro-internacional-inclusion-financiera-mujeres\/#primaryimage","url":"https:\/\/www.superbancos.gob.ec\/bancos\/wp-content\/uploads\/2020\/01\/super_foro_mujeres.png","contentUrl":"https:\/\/www.superbancos.gob.ec\/bancos\/wp-content\/uploads\/2020\/01\/super_foro_mujeres.png","width":800,"height":450},{"@type":"BreadcrumbList","@id":"https:\/\/www.superbancos.gob.ec\/bancos\/superintendenta-de-bancos-encuentro-internacional-inclusion-financiera-mujeres\/#breadcrumb","itemListElement":[{"@type":"ListItem","position":1,"name":"Portada","item":"https:\/\/www.superbancos.gob.ec\/bancos\/"},{"@type":"ListItem","position":2,"name":"Superintendenta de Bancos particip\u00f3 en encuentro internacional sobre la inclusi\u00f3n financiera para mujeres"}]},{"@type":"WebSite","@id":"https:\/\/www.superbancos.gob.ec\/bancos\/#website","url":"https:\/\/www.superbancos.gob.ec\/bancos\/","name":"Superintendencia de Bancos","description":"Organo de Control del Sistema Financiero Ecuatoriano.","publisher":{"@id":"https:\/\/www.superbancos.gob.ec\/bancos\/#organization"},"alternateName":"Super de Bancos","potentialAction":[{"@type":"SearchAction","target":{"@type":"EntryPoint","urlTemplate":"https:\/\/www.superbancos.gob.ec\/bancos\/?s={search_term_string}"},"query-input":{"@type":"PropertyValueSpecification","valueRequired":true,"valueName":"search_term_string"}}],"inLanguage":"es"},{"@type":"Organization","@id":"https:\/\/www.superbancos.gob.ec\/bancos\/#organization","name":"Superintendencia de Bancos","url":"https:\/\/www.superbancos.gob.ec\/bancos\/","logo":{"@type":"ImageObject","inLanguage":"es","@id":"https:\/\/www.superbancos.gob.ec\/bancos\/#\/schema\/logo\/image\/","url":"https:\/\/www.superbancos.gob.ec\/bancos\/wp-content\/uploads\/2022\/09\/Logo_Super.png","contentUrl":"https:\/\/www.superbancos.gob.ec\/bancos\/wp-content\/uploads\/2022\/09\/Logo_Super.png","width":340,"height":92,"caption":"Superintendencia de Bancos"},"image":{"@id":"https:\/\/www.superbancos.gob.ec\/bancos\/#\/schema\/logo\/image\/"}},{"@type":"Person","@id":"https:\/\/www.superbancos.gob.ec\/bancos\/#\/schema\/person\/c12770f5145f3723f3aa20c0aafac282","name":"Diego Buendia","image":{"@type":"ImageObject","inLanguage":"es","@id":"https:\/\/www.superbancos.gob.ec\/bancos\/#\/schema\/person\/image\/","url":"https:\/\/secure.gravatar.com\/avatar\/f2dcb31e604664a7d81f71d8260b45eb?s=96&d=mm&r=g","contentUrl":"https:\/\/secure.gravatar.com\/avatar\/f2dcb31e604664a7d81f71d8260b45eb?s=96&d=mm&r=g","caption":"Diego Buendia"},"url":"https:\/\/www.superbancos.gob.ec\/bancos\/author\/dbuendia\/"}]}},"_links":{"self":[{"href":"https:\/\/www.superbancos.gob.ec\/bancos\/wp-json\/wp\/v2\/posts\/8467"}],"collection":[{"href":"https:\/\/www.superbancos.gob.ec\/bancos\/wp-json\/wp\/v2\/posts"}],"about":[{"href":"https:\/\/www.superbancos.gob.ec\/bancos\/wp-json\/wp\/v2\/types\/post"}],"author":[{"embeddable":true,"href":"https:\/\/www.superbancos.gob.ec\/bancos\/wp-json\/wp\/v2\/users\/3"}],"replies":[{"embeddable":true,"href":"https:\/\/www.superbancos.gob.ec\/bancos\/wp-json\/wp\/v2\/comments?post=8467"}],"version-history":[{"count":6,"href":"https:\/\/www.superbancos.gob.ec\/bancos\/wp-json\/wp\/v2\/posts\/8467\/revisions"}],"predecessor-version":[{"id":13785,"href":"https:\/\/www.superbancos.gob.ec\/bancos\/wp-json\/wp\/v2\/posts\/8467\/revisions\/13785"}],"wp:featuredmedia":[{"embeddable":true,"href":"https:\/\/www.superbancos.gob.ec\/bancos\/wp-json\/wp\/v2\/media\/8469"}],"wp:attachment":[{"href":"https:\/\/www.superbancos.gob.ec\/bancos\/wp-json\/wp\/v2\/media?parent=8467"}],"wp:term":[{"taxonomy":"category","embeddable":true,"href":"https:\/\/www.superbancos.gob.ec\/bancos\/wp-json\/wp\/v2\/categories?post=8467"},{"taxonomy":"post_tag","embeddable":true,"href":"https:\/\/www.superbancos.gob.ec\/bancos\/wp-json\/wp\/v2\/tags?post=8467"}],"curies":[{"name":"wp","href":"https:\/\/api.w.org\/{rel}","templated":true}]}}